{"id":8064,"date":"2020-11-05T12:36:05","date_gmt":"2020-11-05T11:36:05","guid":{"rendered":"https:\/\/solidanca.con2webs.es\/seguimos-apostando-la-formacion-seguridad\/"},"modified":"2020-11-16T12:51:36","modified_gmt":"2020-11-16T11:51:36","slug":"seguimos-apostando-la-formacion-seguridad","status":"publish","type":"post","link":"https:\/\/solidanca.cat\/es\/seguimos-apostando-la-formacion-seguridad\/","title":{"rendered":"Seguimos apostando por la formaci\u00f3n con seguridad."},"content":{"rendered":"<p>En Solidan\u00e7a mantenemos la apuesta por la f<strong>ormaci\u00f3n como empoderamiento de las personas<\/strong> que se encuentran en situaci\u00f3n de vulnerabilidad social, siendo una puerta hacia la inserci\u00f3n sociolaboral.<br \/>\nDurante el mes de octubre y noviembre se han impartido dos formaciones con un total de 30 alumnos; una formaci\u00f3n en auxiliar de almac\u00e9n (dentro del Punto Formativo Incorpora) y otra formaci\u00f3n de T\u00e9cnico\/a en reparaci\u00f3n de m\u00f3viles y tabletas, en este segundo caso destinado a j\u00f3venes.<br \/>\nUna nueva edici\u00f3n que hemos adaptado con gran \u00e9xito, y sin ning\u00fan contagio, al contexto de alerta sanitaria Covid-19 para seguir atendiendo con seguridad a nuestros alumnos, garantizando el bienestar de toda nuestra comunidad: trabajamos en espacios grandes con distancia de seguridad, con mascarilla obligatoria y gel desinfectante a disposici\u00f3n de todos. Para hacer nuestras formaciones m\u00e1s seguras tambi\u00e9n hemos optado por <strong>formaci\u00f3n con modalidad semipresencial<\/strong>.<br \/>\nEstas formaciones son una gran oportunidad para personas paradas y para j\u00f3venes que se encuentran en b\u00fasqueda de trabajo y necesitan mejorar sus conocimientos y experiencia, ampliando as\u00ed sus posibilidades de encontrar trabajo.<\/p>\n<p>Adelante alumnos!<\/p>\n<p>&nbsp;<\/p>\n<p>&nbsp;<\/p>\n","protected":false},"excerpt":{"rendered":"<p>En Solidan\u00e7a mantenemos la apuesta por la formaci\u00f3n como empoderamiento de las personas que se encuentran en situaci\u00f3n de vulnerabilidad social,&#8230;<\/p>\n","protected":false},"author":2,"featured_media":4880,"comment_status":"open","ping_status":"closed","sticky":false,"template":"","format":"standard","meta":{"_uag_custom_page_level_css":"","_kad_blocks_custom_css":"","_kad_blocks_head_custom_js":"","_kad_blocks_body_custom_js":"","_kad_blocks_footer_custom_js":"","_kad_post_transparent":"","_kad_post_title":"","_kad_post_layout":"","_kad_post_sidebar_id":"","_kad_post_content_style":"","_kad_post_vertical_padding":"","_kad_post_feature":"","_kad_post_feature_position":"","_kad_post_header":false,"_kad_post_footer":false,"_kad_post_classname":"","footnotes":""},"categories":[763,758],"tags":[],"class_list":["post-8064","post","type-post","status-publish","format-standard","has-post-thumbnail","hentry","category-area-social-es","category-formacion"],"taxonomy_info":{"category":[{"value":763,"label":"Area Social"},{"value":758,"label":"Formaci\u00f3n"}]},"featured_image_src_large":["https:\/\/solidanca.cat\/wp-content\/uploads\/2025\/04\/WhatsApp-Image-2021-03-08-at-12.29.24-2-5-1024x768.jpeg",1024,768,true],"author_info":{"display_name":"Solidan\u00e7a","author_link":"https:\/\/solidanca.cat\/es\/author\/alberg\/"},"comment_info":0,"category_info":[{"term_id":763,"name":"Area Social","slug":"area-social-es","term_group":0,"term_taxonomy_id":763,"taxonomy":"category","description":"","parent":0,"count":208,"filter":"raw","cat_ID":763,"category_count":208,"category_description":"","cat_name":"Area Social","category_nicename":"area-social-es","category_parent":0},{"term_id":758,"name":"Formaci\u00f3n","slug":"formacion","term_group":0,"term_taxonomy_id":758,"taxonomy":"category","description":"","parent":0,"count":107,"filter":"raw","cat_ID":758,"category_count":107,"category_description":"","cat_name":"Formaci\u00f3n","category_nicename":"formacion","category_parent":0}],"tag_info":false,"uagb_featured_image_src":{"full":["https:\/\/solidanca.cat\/wp-content\/uploads\/2025\/04\/WhatsApp-Image-2021-03-08-at-12.29.24-2-5.jpeg",2048,1536,false],"thumbnail":["https:\/\/solidanca.cat\/wp-content\/uploads\/2025\/04\/WhatsApp-Image-2021-03-08-at-12.29.24-2-5-150x150.jpeg",150,150,true],"medium":["https:\/\/solidanca.cat\/wp-content\/uploads\/2025\/04\/WhatsApp-Image-2021-03-08-at-12.29.24-2-5-300x225.jpeg",300,225,true],"medium_large":["https:\/\/solidanca.cat\/wp-content\/uploads\/2025\/04\/WhatsApp-Image-2021-03-08-at-12.29.24-2-5-768x576.jpeg",768,576,true],"large":["https:\/\/solidanca.cat\/wp-content\/uploads\/2025\/04\/WhatsApp-Image-2021-03-08-at-12.29.24-2-5-1024x768.jpeg",1024,768,true],"1536x1536":["https:\/\/solidanca.cat\/wp-content\/uploads\/2025\/04\/WhatsApp-Image-2021-03-08-at-12.29.24-2-5-1536x1152.jpeg",1536,1152,true],"2048x2048":["https:\/\/solidanca.cat\/wp-content\/uploads\/2025\/04\/WhatsApp-Image-2021-03-08-at-12.29.24-2-5.jpeg",2048,1536,false]},"uagb_author_info":{"display_name":"Solidan\u00e7a","author_link":"https:\/\/solidanca.cat\/es\/author\/alberg\/"},"uagb_comment_info":0,"uagb_excerpt":"En Solidan\u00e7a mantenemos la apuesta por la formaci\u00f3n como empoderamiento de las personas que se encuentran en situaci\u00f3n de vulnerabilidad social,...","_links":{"self":[{"href":"https:\/\/solidanca.cat\/es\/wp-json\/wp\/v2\/posts\/8064","targetHints":{"allow":["GET"]}}],"collection":[{"href":"https:\/\/solidanca.cat\/es\/wp-json\/wp\/v2\/posts"}],"about":[{"href":"https:\/\/solidanca.cat\/es\/wp-json\/wp\/v2\/types\/post"}],"author":[{"embeddable":true,"href":"https:\/\/solidanca.cat\/es\/wp-json\/wp\/v2\/users\/2"}],"replies":[{"embeddable":true,"href":"https:\/\/solidanca.cat\/es\/wp-json\/wp\/v2\/comments?post=8064"}],"version-history":[{"count":0,"href":"https:\/\/solidanca.cat\/es\/wp-json\/wp\/v2\/posts\/8064\/revisions"}],"wp:featuredmedia":[{"embeddable":true,"href":"https:\/\/solidanca.cat\/es\/wp-json\/wp\/v2\/media\/4880"}],"wp:attachment":[{"href":"https:\/\/solidanca.cat\/es\/wp-json\/wp\/v2\/media?parent=8064"}],"wp:term":[{"taxonomy":"category","embeddable":true,"href":"https:\/\/solidanca.cat\/es\/wp-json\/wp\/v2\/categories?post=8064"},{"taxonomy":"post_tag","embeddable":true,"href":"https:\/\/solidanca.cat\/es\/wp-json\/wp\/v2\/tags?post=8064"}],"curies":[{"name":"wp","href":"https:\/\/api.w.org\/{rel}","templated":true}]}}