{"id":8067,"date":"2020-11-16T22:30:41","date_gmt":"2020-11-16T21:30:41","guid":{"rendered":"https:\/\/solidanca.con2webs.es\/la-didaltruck-i-la-reparatruck-salen-la-calle-la-semana-europea-prevencion-residuos\/"},"modified":"2025-04-02T13:25:12","modified_gmt":"2025-04-02T11:25:12","slug":"la-didaltruck-i-la-reparatruck-salen-la-calle-la-semana-europea-prevencion-residuos","status":"publish","type":"post","link":"https:\/\/solidanca.cat\/es\/la-didaltruck-i-la-reparatruck-salen-la-calle-la-semana-europea-prevencion-residuos\/","title":{"rendered":"La Didaltruck i la Reparatruck salen a la calle para la Semana Europea de Prevenci\u00f3n de Residuos"},"content":{"rendered":"<p>Un a\u00f1o m\u00e1s, Solidan\u00e7a realiza diferentes acciones en el marco de la Semana Europea de Prevenci\u00f3n de Residuos para aportar nuestro granito de arena a la lucha contra el cambio clim\u00e1tico. As\u00ed pues, los servicios m\u00f3viles para la prevenci\u00f3n de residuos de Solidan\u00e7a se suman a las acciones de la SEPR para fomentar la sensibilizaci\u00f3n entre la poblaci\u00f3n.<\/p>\n<p>Durante la Semana del 21 al 29 de noviembre, tanto la <strong>Didaltruck<\/strong> como la<strong> Reparatruck<\/strong>\u00a0se ubicar\u00e1n en diferentes calles y plazas de la Prov\u00edncia de Barcelona con el objetivo de ense\u00f1ar a alargar la vida \u00fatil de nuestras prendas y de nuestros aparatos. Un servicio totalmente gratuito con el objetivo de evitar las compras innecesarias para promover la sostenibilidad del planeta.<\/p>\n<p>Tambi\u00e9n, uno de los servicios m\u00e1s destacados en el marco de estas jornadas son los talleres de prevenci\u00f3n de residuos y reutilizaci\u00f3n que este a\u00f1o, debido a la situaci\u00f3n de emergencia sanitaria Covid19, hemos adaptado en formatea virtuales. Podr\u00e1 ver desde v\u00eddeo tutorial, <a href=\"https:\/\/www.diba.cat\/es\/web\/xarxasost\/-\/estrena-de-la-webserie-fes-ho-tu-mateix-cap9\" target=\"_blank\" rel=\"noopener\">webs series en directo<\/a> y talleres virtuales a trav\u00e9s de plataformas que permitir\u00e1n la interacci\u00f3n entre el tallerista y el usuario para un perfecto aprendizaje.<\/p>\n<p>Si quieres saber d\u00f3nde encontrar estos dos servicios, consulta la <a href=\"http:\/\/bit.ly\/2WRMKAw\" target=\"_blank\" rel=\"noopener\">agenda de nuestra web<\/a> y <a href=\"https:\/\/www.instagram.com\/reparatruck\/\" target=\"_blank\" rel=\"noopener\">nuestras redes sociales<\/a>.<\/p>\n<p>Sumemos a la prevenci\u00f3n de residuos!<\/p>\n<p>&nbsp;<\/p>\n<p><a href=\"https:\/\/solidanca.cat\/wp-content\/uploads\/2020\/11\/WhatsApp-Image-2020-11-12-at-13.55.08-3.jpeg\"><img loading=\"lazy\" decoding=\"async\" class=\"wp-image-6360 aligncenter\" src=\"https:\/\/solidanca.cat\/wp-content\/uploads\/2020\/11\/WhatsApp-Image-2020-11-12-at-13.55.08-3.jpeg\" alt=\"\" width=\"487\" height=\"219\" \/><\/a><\/p>\n<p>&nbsp;<\/p>\n<p>&nbsp;<\/p>\n","protected":false},"excerpt":{"rendered":"<p>Un a\u00f1o m\u00e1s, Solidan\u00e7a realiza diferentes acciones en el marco de la Semana Europea de Prevenci\u00f3n de Residuos para aportar nuestro&#8230;<\/p>\n","protected":false},"author":2,"featured_media":4901,"comment_status":"open","ping_status":"closed","sticky":false,"template":"","format":"standard","meta":{"_uag_custom_page_level_css":"","_kad_blocks_custom_css":"","_kad_blocks_head_custom_js":"","_kad_blocks_body_custom_js":"","_kad_blocks_footer_custom_js":"","_kad_post_transparent":"","_kad_post_title":"","_kad_post_layout":"","_kad_post_sidebar_id":"","_kad_post_content_style":"","_kad_post_vertical_padding":"","_kad_post_feature":"","_kad_post_feature_position":"","_kad_post_header":false,"_kad_post_footer":false,"_kad_post_classname":"","footnotes":""},"categories":[757,761],"tags":[],"class_list":["post-8067","post","type-post","status-publish","format-standard","has-post-thumbnail","hentry","category-educacion-ambiental","category-medio-ambiente"],"taxonomy_info":{"category":[{"value":757,"label":"Educaci\u00f3n ambiental"},{"value":761,"label":"MEDIO AMBIENTE"}]},"featured_image_src_large":["https:\/\/solidanca.cat\/wp-content\/uploads\/2025\/04\/Diapositiva1-1-4-709x1024.png",709,1024,true],"author_info":{"display_name":"Solidan\u00e7a","author_link":"https:\/\/solidanca.cat\/es\/author\/alberg\/"},"comment_info":0,"category_info":[{"term_id":757,"name":"Educaci\u00f3n ambiental","slug":"educacion-ambiental","term_group":0,"term_taxonomy_id":757,"taxonomy":"category","description":"","parent":0,"count":80,"filter":"raw","cat_ID":757,"category_count":80,"category_description":"","cat_name":"Educaci\u00f3n ambiental","category_nicename":"educacion-ambiental","category_parent":0},{"term_id":761,"name":"MEDIO AMBIENTE","slug":"medio-ambiente","term_group":0,"term_taxonomy_id":761,"taxonomy":"category","description":"","parent":0,"count":263,"filter":"raw","cat_ID":761,"category_count":263,"category_description":"","cat_name":"MEDIO AMBIENTE","category_nicename":"medio-ambiente","category_parent":0}],"tag_info":false,"uagb_featured_image_src":{"full":["https:\/\/solidanca.cat\/wp-content\/uploads\/2025\/04\/Diapositiva1-1-4.png",720,1040,false],"thumbnail":["https:\/\/solidanca.cat\/wp-content\/uploads\/2025\/04\/Diapositiva1-1-4-150x150.png",150,150,true],"medium":["https:\/\/solidanca.cat\/wp-content\/uploads\/2025\/04\/Diapositiva1-1-4-208x300.png",208,300,true],"medium_large":["https:\/\/solidanca.cat\/wp-content\/uploads\/2025\/04\/Diapositiva1-1-4.png",720,1040,false],"large":["https:\/\/solidanca.cat\/wp-content\/uploads\/2025\/04\/Diapositiva1-1-4-709x1024.png",709,1024,true],"1536x1536":["https:\/\/solidanca.cat\/wp-content\/uploads\/2025\/04\/Diapositiva1-1-4.png",720,1040,false],"2048x2048":["https:\/\/solidanca.cat\/wp-content\/uploads\/2025\/04\/Diapositiva1-1-4.png",720,1040,false]},"uagb_author_info":{"display_name":"Solidan\u00e7a","author_link":"https:\/\/solidanca.cat\/es\/author\/alberg\/"},"uagb_comment_info":0,"uagb_excerpt":"Un a\u00f1o m\u00e1s, Solidan\u00e7a realiza diferentes acciones en el marco de la Semana Europea de Prevenci\u00f3n de Residuos para aportar nuestro...","_links":{"self":[{"href":"https:\/\/solidanca.cat\/es\/wp-json\/wp\/v2\/posts\/8067","targetHints":{"allow":["GET"]}}],"collection":[{"href":"https:\/\/solidanca.cat\/es\/wp-json\/wp\/v2\/posts"}],"about":[{"href":"https:\/\/solidanca.cat\/es\/wp-json\/wp\/v2\/types\/post"}],"author":[{"embeddable":true,"href":"https:\/\/solidanca.cat\/es\/wp-json\/wp\/v2\/users\/2"}],"replies":[{"embeddable":true,"href":"https:\/\/solidanca.cat\/es\/wp-json\/wp\/v2\/comments?post=8067"}],"version-history":[{"count":1,"href":"https:\/\/solidanca.cat\/es\/wp-json\/wp\/v2\/posts\/8067\/revisions"}],"predecessor-version":[{"id":8592,"href":"https:\/\/solidanca.cat\/es\/wp-json\/wp\/v2\/posts\/8067\/revisions\/8592"}],"wp:featuredmedia":[{"embeddable":true,"href":"https:\/\/solidanca.cat\/es\/wp-json\/wp\/v2\/media\/4901"}],"wp:attachment":[{"href":"https:\/\/solidanca.cat\/es\/wp-json\/wp\/v2\/media?parent=8067"}],"wp:term":[{"taxonomy":"category","embeddable":true,"href":"https:\/\/solidanca.cat\/es\/wp-json\/wp\/v2\/categories?post=8067"},{"taxonomy":"post_tag","embeddable":true,"href":"https:\/\/solidanca.cat\/es\/wp-json\/wp\/v2\/tags?post=8067"}],"curies":[{"name":"wp","href":"https:\/\/api.w.org\/{rel}","templated":true}]}}