{"id":8073,"date":"2021-01-11T13:31:37","date_gmt":"2021-01-11T12:31:37","guid":{"rendered":"https:\/\/solidanca.con2webs.es\/descubre-nuevo-modelo-consumo-responsable-la-tienda-solidancaroba-amiga-barcelona\/"},"modified":"2021-01-11T19:29:50","modified_gmt":"2021-01-11T18:29:50","slug":"descubre-nuevo-modelo-consumo-responsable-la-tienda-solidancaroba-amiga-barcelona","status":"publish","type":"post","link":"https:\/\/solidanca.cat\/es\/descubre-nuevo-modelo-consumo-responsable-la-tienda-solidancaroba-amiga-barcelona\/","title":{"rendered":"Descubre un nuevo modelo de consumo responsable en la tienda Solidan\u00e7a\/Roba Amiga de Barcelona"},"content":{"rendered":"<p>Te invitamos a descubrir la nueva experiencia de consumo responsable a trav\u00e9s del <strong>VALE GIRA LA ROPA!<\/strong><br \/>\nEste servicio es complementario a la compra y tiene por objetivo para <strong>potenciar la reutilizaci\u00f3n de la ropa a trav\u00e9s del INTERCAMBIO<\/strong> como v\u00eda\u00a0al consumo responsable y sostenible en la tienda Solidan\u00e7a\/Roba Amiga del barrio de Sant Antoni de Barcelona (C\/Casanova, 26).<\/p>\n<p><strong>\u00bfC\u00f3mo funciona?<\/strong> Si haces una compra m\u00ednima de 40 \u20ac obtendr\u00e1s el <strong>VAL GIRA LA ROPA<\/strong> con el que podr\u00e1s disfrutar de la experiencia del intercambio llevando ropa que ya no quieres, en buen estado, e intercambi\u00e1ndose por ropa de la tienda *.<\/p>\n<blockquote><p>Un nuevo modelo de consumo responsable y sostenible que fomenta la econom\u00eda circular como modelo de consumo!!<\/p>\n<p><a href=\"https:\/\/solidanca.cat\/wp-content\/uploads\/2019\/10\/roda-d-ela-roba-fons-blanc.jpg\" target=\"_blank\" rel=\"noopener noreferrer\"><img loading=\"lazy\" decoding=\"async\" class=\"aligncenter wp-image-3951\" src=\"https:\/\/solidanca.cat\/wp-content\/uploads\/2019\/10\/roda-d-ela-roba-fons-blanc.jpg\" alt=\"\" width=\"249\" height=\"241\" \/><\/a><\/p><\/blockquote>\n<p>Este servicio quiere potenciar la reutilizaci\u00f3n de la ropa<strong> a trav\u00e9s del intercambio<\/strong> en la misma tienda de ropa de segunda mano, siendo innovador como modelo de consumo.<\/p>\n<p>Adem\u00e1s, la tienda tambi\u00e9n\u00a0retomar\u00e1\u00a0pr\u00f3ximamente <strong>talleres gratuitos de reutilizaci\u00f3n y prevenci\u00f3n de residuos textiles, ahora en formato VIRTUAL<\/strong>\u00a0que se realizar\u00e1n dos veces al mes, con inscripci\u00f3n previa, y con el objetivo de dar herramientas a las personas usuarias para que aprendan a hacer arreglos y transformar prendas, complementos y peque\u00f1os muebles en art\u00edculos de <em>upcycling<\/em>. Os informaremos de horarios y tem\u00e1ticas de los talleres en nuestras redes sociales, en las tiendas Solidan\u00e7a\/Roba Amiga y en nuestra <a href=\"http:\/\/bit.ly\/2WRMKAw\" target=\"_blank\" rel=\"noopener\">Agenda Web<\/a>!<\/p>\n<p>&nbsp;<\/p>\n<p style=\"text-align: center;\">Este proyecto recibe el apoyo de la <a href=\"http:\/\/residus.gencat.cat\/es\/inici\/\" target=\"_blank\" rel=\"noopener\">Ag\u00e8ncia de Residus de Catalunya<\/a>.<\/p>\n<p>* El VAL GIRA LA ROPA est\u00e1 sometido a las condiciones de uso indicadas en el establecimiento y al mismo vale.<\/p>\n<p>&nbsp;<\/p>\n<p>&nbsp;<\/p>\n","protected":false},"excerpt":{"rendered":"<p>Te invitamos a descubrir la nueva experiencia de consumo responsable a trav\u00e9s del VALE GIRA LA ROPA! Este servicio es complementario&#8230;<\/p>\n","protected":false},"author":2,"featured_media":4951,"comment_status":"open","ping_status":"closed","sticky":false,"template":"","format":"standard","meta":{"_uag_custom_page_level_css":"","_kad_blocks_custom_css":"","_kad_blocks_head_custom_js":"","_kad_blocks_body_custom_js":"","_kad_blocks_footer_custom_js":"","_kad_post_transparent":"","_kad_post_title":"","_kad_post_layout":"","_kad_post_sidebar_id":"","_kad_post_content_style":"","_kad_post_vertical_padding":"","_kad_post_feature":"","_kad_post_feature_position":"","_kad_post_header":false,"_kad_post_footer":false,"_kad_post_classname":"","footnotes":""},"categories":[761,765,756],"tags":[],"class_list":["post-8073","post","type-post","status-publish","format-standard","has-post-thumbnail","hentry","category-medio-ambiente","category-roba-amiga-2","category-tiendas"],"taxonomy_info":{"category":[{"value":761,"label":"MEDIO AMBIENTE"},{"value":765,"label":"Roba Amiga"},{"value":756,"label":"Tiendas"}]},"featured_image_src_large":["https:\/\/solidanca.cat\/wp-content\/uploads\/2025\/04\/Foto-web-2-4.png",400,200,false],"author_info":{"display_name":"Solidan\u00e7a","author_link":"https:\/\/solidanca.cat\/es\/author\/alberg\/"},"comment_info":0,"category_info":[{"term_id":761,"name":"MEDIO AMBIENTE","slug":"medio-ambiente","term_group":0,"term_taxonomy_id":761,"taxonomy":"category","description":"","parent":0,"count":263,"filter":"raw","cat_ID":761,"category_count":263,"category_description":"","cat_name":"MEDIO AMBIENTE","category_nicename":"medio-ambiente","category_parent":0},{"term_id":765,"name":"Roba Amiga","slug":"roba-amiga-2","term_group":0,"term_taxonomy_id":765,"taxonomy":"category","description":"","parent":0,"count":46,"filter":"raw","cat_ID":765,"category_count":46,"category_description":"","cat_name":"Roba Amiga","category_nicename":"roba-amiga-2","category_parent":0},{"term_id":756,"name":"Tiendas","slug":"tiendas","term_group":0,"term_taxonomy_id":756,"taxonomy":"category","description":"","parent":0,"count":60,"filter":"raw","cat_ID":756,"category_count":60,"category_description":"","cat_name":"Tiendas","category_nicename":"tiendas","category_parent":0}],"tag_info":false,"uagb_featured_image_src":{"full":["https:\/\/solidanca.cat\/wp-content\/uploads\/2025\/04\/Foto-web-2-4.png",400,200,false],"thumbnail":["https:\/\/solidanca.cat\/wp-content\/uploads\/2025\/04\/Foto-web-2-4-150x150.png",150,150,true],"medium":["https:\/\/solidanca.cat\/wp-content\/uploads\/2025\/04\/Foto-web-2-4-300x150.png",300,150,true],"medium_large":["https:\/\/solidanca.cat\/wp-content\/uploads\/2025\/04\/Foto-web-2-4.png",400,200,false],"large":["https:\/\/solidanca.cat\/wp-content\/uploads\/2025\/04\/Foto-web-2-4.png",400,200,false],"1536x1536":["https:\/\/solidanca.cat\/wp-content\/uploads\/2025\/04\/Foto-web-2-4.png",400,200,false],"2048x2048":["https:\/\/solidanca.cat\/wp-content\/uploads\/2025\/04\/Foto-web-2-4.png",400,200,false]},"uagb_author_info":{"display_name":"Solidan\u00e7a","author_link":"https:\/\/solidanca.cat\/es\/author\/alberg\/"},"uagb_comment_info":0,"uagb_excerpt":"Te invitamos a descubrir la nueva experiencia de consumo responsable a trav\u00e9s del VALE GIRA LA ROPA! Este servicio es complementario...","_links":{"self":[{"href":"https:\/\/solidanca.cat\/es\/wp-json\/wp\/v2\/posts\/8073","targetHints":{"allow":["GET"]}}],"collection":[{"href":"https:\/\/solidanca.cat\/es\/wp-json\/wp\/v2\/posts"}],"about":[{"href":"https:\/\/solidanca.cat\/es\/wp-json\/wp\/v2\/types\/post"}],"author":[{"embeddable":true,"href":"https:\/\/solidanca.cat\/es\/wp-json\/wp\/v2\/users\/2"}],"replies":[{"embeddable":true,"href":"https:\/\/solidanca.cat\/es\/wp-json\/wp\/v2\/comments?post=8073"}],"version-history":[{"count":0,"href":"https:\/\/solidanca.cat\/es\/wp-json\/wp\/v2\/posts\/8073\/revisions"}],"wp:featuredmedia":[{"embeddable":true,"href":"https:\/\/solidanca.cat\/es\/wp-json\/wp\/v2\/media\/4951"}],"wp:attachment":[{"href":"https:\/\/solidanca.cat\/es\/wp-json\/wp\/v2\/media?parent=8073"}],"wp:term":[{"taxonomy":"category","embeddable":true,"href":"https:\/\/solidanca.cat\/es\/wp-json\/wp\/v2\/categories?post=8073"},{"taxonomy":"post_tag","embeddable":true,"href":"https:\/\/solidanca.cat\/es\/wp-json\/wp\/v2\/tags?post=8073"}],"curies":[{"name":"wp","href":"https:\/\/api.w.org\/{rel}","templated":true}]}}