{"id":8074,"date":"2021-01-15T12:12:40","date_gmt":"2021-01-15T11:12:40","guid":{"rendered":"https:\/\/solidanca.con2webs.es\/41-las-personas-finalizado-itinerario-solidanca-2020-consiguen-insertarse-mercado-laboral-pesar-la-covid-19\/"},"modified":"2021-01-15T12:19:34","modified_gmt":"2021-01-15T11:19:34","slug":"41-las-personas-finalizado-itinerario-solidanca-2020-consiguen-insertarse-mercado-laboral-pesar-la-covid-19","status":"publish","type":"post","link":"https:\/\/solidanca.cat\/es\/41-las-personas-finalizado-itinerario-solidanca-2020-consiguen-insertarse-mercado-laboral-pesar-la-covid-19\/","title":{"rendered":"Un 41% de las personas que han finalizado el itinerario a Solidan\u00e7a en 2020 consiguen insertarse en el mercado laboral a pesar de la Covid-19"},"content":{"rendered":"<p>Solidan\u00e7a concluye el a\u00f1o con unos resultados marcados por la Covid-19; llegando a la meta de 620 personas atendidas. Este a\u00f1o, a pesar de las consecuencias de la Covid-19, se han podido mantener los puestos de trabajo y se ha podido crecer un 1%.<\/p>\n<p><strong>Durante el 2020, han pasado por estos lugares de trabajo un total de 98 personas en situaci\u00f3n de vulnerabilidad social, logrando la meta del 41% de personas insertadas en el mercado laboral ordinario al finalizar el itinerario en Solidan\u00e7a.<\/strong><br \/>\nEn este sentido, el modelo de inserci\u00f3n de Solidan\u00e7a que a\u00f1o tras a\u00f1o se ha posicionado como uno de los programas m\u00e1s exitosos de Catalu\u00f1a en cuanto a la calidad de inserci\u00f3n con unas de las contrataciones m\u00e1s largas, no se ha visto alterado por la nueva realidad impuesta por la Covid-19.<\/p>\n<p>Desde la entidad, queremos hacer constancia de la colaboraci\u00f3n con la Generalitat de Catalu\u00f1a, los Ayuntamientos, las empresas que apuestan por la RSC y la ciudadan\u00eda, ya que confiando en nuestro proyecto nos ayudan a hacer realidad nuestro objetivo.<\/p>\n<blockquote><p>Gracias por confiar en Solidan\u00e7a, seguimos comprometidos con las personas y\u00a0apostando por la mejora del\u00a0medio ambiente!<\/p><\/blockquote>\n<p>&nbsp;<\/p>\n<h5><em>Solidan\u00e7a Treball es una Empresa de inserci\u00f3n creada en el a\u00f1o 2006 a trav\u00e9s de la Asociaci\u00f3n Solidan\u00e7a (ahora Fundaci\u00f3n) con el apoyo del Departament de Treball i Empresa de la Generalitat de Catalunya y El Fondo Social Europeo, \u201cInvierte en tu futuro \u201d, permitiendo crear puestos de trabajo reservados a realizar itinerarios de inserci\u00f3n sociolaboral a personas en situaci\u00f3n de vulnerabilidad social de nuestro entorno.<\/em><\/h5>\n<p><a href=\"https:\/\/solidanca.cat\/wp-content\/uploads\/2021\/12\/empresa_h3.png\"><img loading=\"lazy\" decoding=\"async\" class=\"alignnone size-medium wp-image-10243\" src=\"https:\/\/solidanca.cat\/wp-content\/uploads\/2021\/12\/empresa_h3-300x64.png\" alt=\"\" width=\"300\" height=\"64\" \/><\/a><a href=\"https:\/\/solidanca.cat\/wp-content\/uploads\/2021\/12\/UE-fons-social.png\"><img loading=\"lazy\" decoding=\"async\" class=\"alignnone size-medium wp-image-10216\" src=\"https:\/\/solidanca.cat\/wp-content\/uploads\/2021\/12\/UE-fons-social-300x53.png\" alt=\"\" width=\"300\" height=\"53\" \/><\/a><\/p>\n<p>&nbsp;<\/p>\n<p>&nbsp;<\/p>\n","protected":false},"excerpt":{"rendered":"<p>Solidan\u00e7a concluye el a\u00f1o con unos resultados marcados por la Covid-19; llegando a la meta de 620 personas atendidas. Este a\u00f1o,&#8230;<\/p>\n","protected":false},"author":2,"featured_media":4961,"comment_status":"open","ping_status":"closed","sticky":false,"template":"","format":"standard","meta":{"_uag_custom_page_level_css":"","_kad_blocks_custom_css":"","_kad_blocks_head_custom_js":"","_kad_blocks_body_custom_js":"","_kad_blocks_footer_custom_js":"","_kad_post_transparent":"","_kad_post_title":"","_kad_post_layout":"","_kad_post_sidebar_id":"","_kad_post_content_style":"","_kad_post_vertical_padding":"","_kad_post_feature":"","_kad_post_feature_position":"","_kad_post_header":false,"_kad_post_footer":false,"_kad_post_classname":"","footnotes":""},"categories":[763],"tags":[],"class_list":["post-8074","post","type-post","status-publish","format-standard","has-post-thumbnail","hentry","category-area-social-es"],"taxonomy_info":{"category":[{"value":763,"label":"Area Social"}]},"featured_image_src_large":["https:\/\/solidanca.cat\/wp-content\/uploads\/2025\/04\/WhatsApp-Image-2021-04-29-at-10.45.01-4-1024x933.jpeg",1024,933,true],"author_info":{"display_name":"Solidan\u00e7a","author_link":"https:\/\/solidanca.cat\/es\/author\/alberg\/"},"comment_info":0,"category_info":[{"term_id":763,"name":"Area Social","slug":"area-social-es","term_group":0,"term_taxonomy_id":763,"taxonomy":"category","description":"","parent":0,"count":208,"filter":"raw","cat_ID":763,"category_count":208,"category_description":"","cat_name":"Area Social","category_nicename":"area-social-es","category_parent":0}],"tag_info":false,"uagb_featured_image_src":{"full":["https:\/\/solidanca.cat\/wp-content\/uploads\/2025\/04\/WhatsApp-Image-2021-04-29-at-10.45.01-4.jpeg",1523,1387,false],"thumbnail":["https:\/\/solidanca.cat\/wp-content\/uploads\/2025\/04\/WhatsApp-Image-2021-04-29-at-10.45.01-4-150x150.jpeg",150,150,true],"medium":["https:\/\/solidanca.cat\/wp-content\/uploads\/2025\/04\/WhatsApp-Image-2021-04-29-at-10.45.01-4-300x273.jpeg",300,273,true],"medium_large":["https:\/\/solidanca.cat\/wp-content\/uploads\/2025\/04\/WhatsApp-Image-2021-04-29-at-10.45.01-4-768x699.jpeg",768,699,true],"large":["https:\/\/solidanca.cat\/wp-content\/uploads\/2025\/04\/WhatsApp-Image-2021-04-29-at-10.45.01-4-1024x933.jpeg",1024,933,true],"1536x1536":["https:\/\/solidanca.cat\/wp-content\/uploads\/2025\/04\/WhatsApp-Image-2021-04-29-at-10.45.01-4.jpeg",1523,1387,false],"2048x2048":["https:\/\/solidanca.cat\/wp-content\/uploads\/2025\/04\/WhatsApp-Image-2021-04-29-at-10.45.01-4.jpeg",1523,1387,false]},"uagb_author_info":{"display_name":"Solidan\u00e7a","author_link":"https:\/\/solidanca.cat\/es\/author\/alberg\/"},"uagb_comment_info":0,"uagb_excerpt":"Solidan\u00e7a concluye el a\u00f1o con unos resultados marcados por la Covid-19; llegando a la meta de 620 personas atendidas. Este a\u00f1o,...","_links":{"self":[{"href":"https:\/\/solidanca.cat\/es\/wp-json\/wp\/v2\/posts\/8074","targetHints":{"allow":["GET"]}}],"collection":[{"href":"https:\/\/solidanca.cat\/es\/wp-json\/wp\/v2\/posts"}],"about":[{"href":"https:\/\/solidanca.cat\/es\/wp-json\/wp\/v2\/types\/post"}],"author":[{"embeddable":true,"href":"https:\/\/solidanca.cat\/es\/wp-json\/wp\/v2\/users\/2"}],"replies":[{"embeddable":true,"href":"https:\/\/solidanca.cat\/es\/wp-json\/wp\/v2\/comments?post=8074"}],"version-history":[{"count":0,"href":"https:\/\/solidanca.cat\/es\/wp-json\/wp\/v2\/posts\/8074\/revisions"}],"wp:featuredmedia":[{"embeddable":true,"href":"https:\/\/solidanca.cat\/es\/wp-json\/wp\/v2\/media\/4961"}],"wp:attachment":[{"href":"https:\/\/solidanca.cat\/es\/wp-json\/wp\/v2\/media?parent=8074"}],"wp:term":[{"taxonomy":"category","embeddable":true,"href":"https:\/\/solidanca.cat\/es\/wp-json\/wp\/v2\/categories?post=8074"},{"taxonomy":"post_tag","embeddable":true,"href":"https:\/\/solidanca.cat\/es\/wp-json\/wp\/v2\/tags?post=8074"}],"curies":[{"name":"wp","href":"https:\/\/api.w.org\/{rel}","templated":true}]}}