{"id":8076,"date":"2021-01-24T08:41:01","date_gmt":"2021-01-24T07:41:01","guid":{"rendered":"https:\/\/solidanca.con2webs.es\/141-personas-formadas-2020-centro-formacion-solidanca\/"},"modified":"2021-01-24T08:42:44","modified_gmt":"2021-01-24T07:42:44","slug":"141-personas-formadas-2020-centro-formacion-solidanca","status":"publish","type":"post","link":"https:\/\/solidanca.cat\/es\/141-personas-formadas-2020-centro-formacion-solidanca\/","title":{"rendered":"141 personas formadas en el 2020 en el Centro de Formaci\u00f3n Solidan\u00e7a"},"content":{"rendered":"<p>Este 2020 desde Solidan\u00e7a hemos puesto el acento en la formaci\u00f3n de la mujer y la lucha contra la brecha digital, ofreciendo una mayor capacitaci\u00f3n digital b\u00e1sica en las formaciones realizadas. En este sentido, tambi\u00e9n hemos empezado a ofrecer a los alumnos la adquisici\u00f3n de ordenadores reacondicionados a precio social como herramienta de ayuda para adaptarse a la nueva situaci\u00f3n tecnol\u00f3gica que vivimos.<\/p>\n<p>Debido a la actual situaci\u00f3n sanitaria, el equipo de formadores y formadoras de Solidan\u00e7a ha dedicado muchos esfuerzos a adaptarse a la nueva realidad ofreciendo formaciones en formato virtual y adaptando aulas para las y los alumnos que necesitan m\u00e1s apoyo tecnol\u00f3gico. Estamos muy satisfechas porque los resultados obtenidos han sido muy positivos.<\/p>\n<p>Gracias a esta adaptaci\u00f3n y digitalizaci\u00f3n, en 2020 se han ofrecido un total de 7 de formaciones profesionalizadoras y prelaborales para personas en situaci\u00f3n de vulnerabilidad social: 2 formaciones focalizadas en el empoderamiento de la mujer y c\u00f3mo hacer frente a posibles casos de la violencia de g\u00e9nero, 2 formaciones en gesti\u00f3n de residuos, 1 formaci\u00f3n en auxiliar de almac\u00e9n y 2 formaciones en reparaci\u00f3n de m\u00f3viles y tabletas. Estas formaciones han incluido orientaci\u00f3n y acompa\u00f1amiento tutorizado por un equipo de profesionales multidisciplinar.<\/p>\n<blockquote><p>Este a\u00f1o esperamos seguir formando y acompa\u00f1ando a muchas m\u00e1s personas con la calidad y compromiso que nos caracteriza.<\/p><\/blockquote>\n","protected":false},"excerpt":{"rendered":"<p>Este 2020 desde Solidan\u00e7a hemos puesto el acento en la formaci\u00f3n de la mujer y la lucha contra la brecha digital,&#8230;<\/p>\n","protected":false},"author":2,"featured_media":4986,"comment_status":"open","ping_status":"closed","sticky":false,"template":"","format":"standard","meta":{"_uag_custom_page_level_css":"","_kad_blocks_custom_css":"","_kad_blocks_head_custom_js":"","_kad_blocks_body_custom_js":"","_kad_blocks_footer_custom_js":"","_kad_post_transparent":"","_kad_post_title":"","_kad_post_layout":"","_kad_post_sidebar_id":"","_kad_post_content_style":"","_kad_post_vertical_padding":"","_kad_post_feature":"","_kad_post_feature_position":"","_kad_post_header":false,"_kad_post_footer":false,"_kad_post_classname":"","footnotes":""},"categories":[763,758],"tags":[],"class_list":["post-8076","post","type-post","status-publish","format-standard","has-post-thumbnail","hentry","category-area-social-es","category-formacion"],"taxonomy_info":{"category":[{"value":763,"label":"Area Social"},{"value":758,"label":"Formaci\u00f3n"}]},"featured_image_src_large":["https:\/\/solidanca.cat\/wp-content\/uploads\/2025\/04\/FOTO-WEB-BONA-5-10.png",400,200,false],"author_info":{"display_name":"Solidan\u00e7a","author_link":"https:\/\/solidanca.cat\/es\/author\/alberg\/"},"comment_info":0,"category_info":[{"term_id":763,"name":"Area Social","slug":"area-social-es","term_group":0,"term_taxonomy_id":763,"taxonomy":"category","description":"","parent":0,"count":208,"filter":"raw","cat_ID":763,"category_count":208,"category_description":"","cat_name":"Area Social","category_nicename":"area-social-es","category_parent":0},{"term_id":758,"name":"Formaci\u00f3n","slug":"formacion","term_group":0,"term_taxonomy_id":758,"taxonomy":"category","description":"","parent":0,"count":107,"filter":"raw","cat_ID":758,"category_count":107,"category_description":"","cat_name":"Formaci\u00f3n","category_nicename":"formacion","category_parent":0}],"tag_info":false,"uagb_featured_image_src":{"full":["https:\/\/solidanca.cat\/wp-content\/uploads\/2025\/04\/FOTO-WEB-BONA-5-10.png",400,200,false],"thumbnail":["https:\/\/solidanca.cat\/wp-content\/uploads\/2025\/04\/FOTO-WEB-BONA-5-10-150x150.png",150,150,true],"medium":["https:\/\/solidanca.cat\/wp-content\/uploads\/2025\/04\/FOTO-WEB-BONA-5-10-300x150.png",300,150,true],"medium_large":["https:\/\/solidanca.cat\/wp-content\/uploads\/2025\/04\/FOTO-WEB-BONA-5-10.png",400,200,false],"large":["https:\/\/solidanca.cat\/wp-content\/uploads\/2025\/04\/FOTO-WEB-BONA-5-10.png",400,200,false],"1536x1536":["https:\/\/solidanca.cat\/wp-content\/uploads\/2025\/04\/FOTO-WEB-BONA-5-10.png",400,200,false],"2048x2048":["https:\/\/solidanca.cat\/wp-content\/uploads\/2025\/04\/FOTO-WEB-BONA-5-10.png",400,200,false]},"uagb_author_info":{"display_name":"Solidan\u00e7a","author_link":"https:\/\/solidanca.cat\/es\/author\/alberg\/"},"uagb_comment_info":0,"uagb_excerpt":"Este 2020 desde Solidan\u00e7a hemos puesto el acento en la formaci\u00f3n de la mujer y la lucha contra la brecha digital,...","_links":{"self":[{"href":"https:\/\/solidanca.cat\/es\/wp-json\/wp\/v2\/posts\/8076","targetHints":{"allow":["GET"]}}],"collection":[{"href":"https:\/\/solidanca.cat\/es\/wp-json\/wp\/v2\/posts"}],"about":[{"href":"https:\/\/solidanca.cat\/es\/wp-json\/wp\/v2\/types\/post"}],"author":[{"embeddable":true,"href":"https:\/\/solidanca.cat\/es\/wp-json\/wp\/v2\/users\/2"}],"replies":[{"embeddable":true,"href":"https:\/\/solidanca.cat\/es\/wp-json\/wp\/v2\/comments?post=8076"}],"version-history":[{"count":0,"href":"https:\/\/solidanca.cat\/es\/wp-json\/wp\/v2\/posts\/8076\/revisions"}],"wp:featuredmedia":[{"embeddable":true,"href":"https:\/\/solidanca.cat\/es\/wp-json\/wp\/v2\/media\/4986"}],"wp:attachment":[{"href":"https:\/\/solidanca.cat\/es\/wp-json\/wp\/v2\/media?parent=8076"}],"wp:term":[{"taxonomy":"category","embeddable":true,"href":"https:\/\/solidanca.cat\/es\/wp-json\/wp\/v2\/categories?post=8076"},{"taxonomy":"post_tag","embeddable":true,"href":"https:\/\/solidanca.cat\/es\/wp-json\/wp\/v2\/tags?post=8076"}],"curies":[{"name":"wp","href":"https:\/\/api.w.org\/{rel}","templated":true}]}}