{"id":8077,"date":"2021-02-25T14:15:29","date_gmt":"2021-02-25T13:15:29","guid":{"rendered":"https:\/\/solidanca.con2webs.es\/vuelve-club-trabajo-martes-ahora-online\/"},"modified":"2021-02-25T14:23:20","modified_gmt":"2021-02-25T13:23:20","slug":"vuelve-club-trabajo-martes-ahora-online","status":"publish","type":"post","link":"https:\/\/solidanca.cat\/es\/vuelve-club-trabajo-martes-ahora-online\/","title":{"rendered":"Vuelve el Club de Trabajo cada martes! Ahora online!"},"content":{"rendered":"<p><a href=\"https:\/\/solidanca.cat\/wp-content\/uploads\/2021\/01\/find-job.jpg\"><img loading=\"lazy\" decoding=\"async\" class=\"size-medium wp-image-6797 alignright\" src=\"https:\/\/solidanca.cat\/wp-content\/uploads\/2021\/01\/find-job-300x206.jpg\" alt=\"\" width=\"300\" height=\"206\" \/><\/a><br \/>\nEl club de trabajo, un taller del Programa Incorpora de la Fundaci\u00f3n \u00abLa Caixa\u00bb, est\u00e1 destinado a personas vinculadas al seguimiento de Solidan\u00e7a <strong>para la b\u00fasqueda de trabajo, vuelve en formato virtual los martes.<\/strong><\/p>\n<p>Si est\u00e1s interesado\/a y eres beneficiarios\/a de Solidan\u00e7a, puedes <strong>entrar en el siguiente enlace donde encontrar\u00e1 las ofertas laborales de diferentes empresas colaboradoras y otros recursos para la b\u00fasqueda de empleo.<\/strong> El Club de trabajo se ofrece a las personas vinculadas con la entidad un acompa\u00f1amiento y seguimiento personalizado.<\/p>\n<p>Enlace al Club de Trabajo: <a href=\"https:\/\/www.scoop.it\/topic\/anem-per-feina\" target=\"_blank\" rel=\"noopener\">https:\/\/www.scoop.it\/topic\/anem-per-feina<\/a><\/p>\n<p>&nbsp;<\/p>\n<p>Si tienes dudas, puedes llamarnos al 93 685 44 34 o escribir a inocorpora@test.solidanca.cat<\/p>\n","protected":false},"excerpt":{"rendered":"<p>El club de trabajo, un taller del Programa Incorpora de la Fundaci\u00f3n \u00abLa Caixa\u00bb, est\u00e1 destinado a personas vinculadas al seguimiento&#8230;<\/p>\n","protected":false},"author":2,"featured_media":4994,"comment_status":"open","ping_status":"closed","sticky":false,"template":"","format":"standard","meta":{"_uag_custom_page_level_css":"","_kad_blocks_custom_css":"","_kad_blocks_head_custom_js":"","_kad_blocks_body_custom_js":"","_kad_blocks_footer_custom_js":"","_kad_post_transparent":"","_kad_post_title":"","_kad_post_layout":"","_kad_post_sidebar_id":"","_kad_post_content_style":"","_kad_post_vertical_padding":"","_kad_post_feature":"","_kad_post_feature_position":"","_kad_post_header":false,"_kad_post_footer":false,"_kad_post_classname":"","footnotes":""},"categories":[763],"tags":[],"class_list":["post-8077","post","type-post","status-publish","format-standard","has-post-thumbnail","hentry","category-area-social-es"],"taxonomy_info":{"category":[{"value":763,"label":"Area Social"}]},"featured_image_src_large":["https:\/\/solidanca.cat\/wp-content\/uploads\/2025\/04\/FOTO-WEB-BONA-4-1-8.png",400,200,false],"author_info":{"display_name":"Solidan\u00e7a","author_link":"https:\/\/solidanca.cat\/es\/author\/alberg\/"},"comment_info":0,"category_info":[{"term_id":763,"name":"Area Social","slug":"area-social-es","term_group":0,"term_taxonomy_id":763,"taxonomy":"category","description":"","parent":0,"count":205,"filter":"raw","cat_ID":763,"category_count":205,"category_description":"","cat_name":"Area Social","category_nicename":"area-social-es","category_parent":0}],"tag_info":false,"uagb_featured_image_src":{"full":["https:\/\/solidanca.cat\/wp-content\/uploads\/2025\/04\/FOTO-WEB-BONA-4-1-8.png",400,200,false],"thumbnail":["https:\/\/solidanca.cat\/wp-content\/uploads\/2025\/04\/FOTO-WEB-BONA-4-1-8-150x150.png",150,150,true],"medium":["https:\/\/solidanca.cat\/wp-content\/uploads\/2025\/04\/FOTO-WEB-BONA-4-1-8-300x150.png",300,150,true],"medium_large":["https:\/\/solidanca.cat\/wp-content\/uploads\/2025\/04\/FOTO-WEB-BONA-4-1-8.png",400,200,false],"large":["https:\/\/solidanca.cat\/wp-content\/uploads\/2025\/04\/FOTO-WEB-BONA-4-1-8.png",400,200,false],"1536x1536":["https:\/\/solidanca.cat\/wp-content\/uploads\/2025\/04\/FOTO-WEB-BONA-4-1-8.png",400,200,false],"2048x2048":["https:\/\/solidanca.cat\/wp-content\/uploads\/2025\/04\/FOTO-WEB-BONA-4-1-8.png",400,200,false]},"uagb_author_info":{"display_name":"Solidan\u00e7a","author_link":"https:\/\/solidanca.cat\/es\/author\/alberg\/"},"uagb_comment_info":0,"uagb_excerpt":"El club de trabajo, un taller del Programa Incorpora de la Fundaci\u00f3n \u00abLa Caixa\u00bb, est\u00e1 destinado a personas vinculadas al seguimiento...","_links":{"self":[{"href":"https:\/\/solidanca.cat\/es\/wp-json\/wp\/v2\/posts\/8077","targetHints":{"allow":["GET"]}}],"collection":[{"href":"https:\/\/solidanca.cat\/es\/wp-json\/wp\/v2\/posts"}],"about":[{"href":"https:\/\/solidanca.cat\/es\/wp-json\/wp\/v2\/types\/post"}],"author":[{"embeddable":true,"href":"https:\/\/solidanca.cat\/es\/wp-json\/wp\/v2\/users\/2"}],"replies":[{"embeddable":true,"href":"https:\/\/solidanca.cat\/es\/wp-json\/wp\/v2\/comments?post=8077"}],"version-history":[{"count":0,"href":"https:\/\/solidanca.cat\/es\/wp-json\/wp\/v2\/posts\/8077\/revisions"}],"wp:featuredmedia":[{"embeddable":true,"href":"https:\/\/solidanca.cat\/es\/wp-json\/wp\/v2\/media\/4994"}],"wp:attachment":[{"href":"https:\/\/solidanca.cat\/es\/wp-json\/wp\/v2\/media?parent=8077"}],"wp:term":[{"taxonomy":"category","embeddable":true,"href":"https:\/\/solidanca.cat\/es\/wp-json\/wp\/v2\/categories?post=8077"},{"taxonomy":"post_tag","embeddable":true,"href":"https:\/\/solidanca.cat\/es\/wp-json\/wp\/v2\/tags?post=8077"}],"curies":[{"name":"wp","href":"https:\/\/api.w.org\/{rel}","templated":true}]}}