{"id":8084,"date":"2021-02-23T17:40:58","date_gmt":"2021-02-23T16:40:58","guid":{"rendered":"https:\/\/solidanca.con2webs.es\/nueva-formacion-para-personas-migradas-servicio-de-primera-acogida\/"},"modified":"2021-02-23T16:54:26","modified_gmt":"2021-02-23T15:54:26","slug":"nueva-formacion-para-personas-migradas-servicio-de-primera-acogida","status":"publish","type":"post","link":"https:\/\/solidanca.cat\/es\/nueva-formacion-para-personas-migradas-servicio-de-primera-acogida\/","title":{"rendered":"Formaci\u00f3n para personas migradas para obtener el servicio de primera acogida"},"content":{"rendered":"<h5>Solidan\u00e7a inicia la segunda promoci\u00f3n de la formaci\u00f3n AmbConnexi\u00f3 dirigida a personas migradas solicitantes de asilo, refugiadas o en situaci\u00f3n administrativa irregular en el que obtendr\u00e1n el Certificado del Servicio de primera acogida.<\/h5>\n<p>El proyecto llamado AmBConnexi\u00f3 donde los alumnos recibir\u00e1n formaci\u00f3n de los m\u00f3dulos A, B y C para obtener el Certificado del Servicio de Primera Acogida, el cual puede ser de utilidad en algunos procesos de extranjer\u00eda. Est\u00e1 100% subvencionado, y se realizar\u00e1 desde enero hasta octubre de 2021, acogiendo a los diferentes usuarios en la fase que precisen formaci\u00f3n. Las inscripciones permanecer\u00e1n abiertas hasta julio.<\/p>\n<p>En los diferentes m\u00f3dulos de la Formaci\u00f3n los alumnos podr\u00e1n desarrollar competencias ling\u00fc\u00edsticas b\u00e1sicas de Catal\u00e1n, conocimientos laborales, conocimientos de la sociedad catalana y su marco jur\u00eddico y adem\u00e1s, Solidan\u00e7a oferente un m\u00f3dulo adicional de formaci\u00f3n en TIC para romper barreras ante la gran brecha digital que se ha puesto en acento en el \u00faltimo a\u00f1o.<em>\u00a0 \u00a0<\/em><\/p>\n<p><em><a href=\"https:\/\/solidanca.cat\/wp-content\/uploads\/2021\/03\/AmBConnexi\u00f3-cospe-Gener-sense-data.png\"><img loading=\"lazy\" decoding=\"async\" class=\"wp-image-6968 aligncenter\" src=\"https:\/\/solidanca.cat\/wp-content\/uploads\/2021\/03\/AmBConnexi\u00f3-cospe-Gener-sense-data-709x1024.png\" alt=\"\" width=\"210\" height=\"304\" \/><\/a> <\/em><\/p>\n<p>Si eres una entidad y tienes usuarios interesados, contacta con nosotros!<\/p>\n<p>Escr\u00edbenos a formacio2@test.solidanca.cat o llama al 655 43 46 50\/93 685 44 34 (Anna)<\/p>\n<blockquote><p><strong>APOSTAMOS POR LA FORMACI\u00d3N COMO HERRAMIENTA PARA LA MEJORA DE LA EMPLEABILIDAD,<br \/>\nAPROVECHA ESTA OPORTUNIDAD Y PASA A LA ACCI\u00d3N!<\/strong><\/p><\/blockquote>\n<p>&nbsp;<\/p>\n<p>&nbsp;<\/p>\n<h3 style=\"text-align: center;\"><\/h3>\n<p>&nbsp;<\/p>\n<p>&nbsp;<\/p>\n","protected":false},"excerpt":{"rendered":"<p>Solidan\u00e7a inicia la segunda promoci\u00f3n de la formaci\u00f3n AmbConnexi\u00f3 dirigida a personas migradas solicitantes de asilo, refugiadas o en situaci\u00f3n administrativa&#8230;<\/p>\n","protected":false},"author":3,"featured_media":5029,"comment_status":"open","ping_status":"closed","sticky":false,"template":"","format":"standard","meta":{"_uag_custom_page_level_css":"","_kad_blocks_custom_css":"","_kad_blocks_head_custom_js":"","_kad_blocks_body_custom_js":"","_kad_blocks_footer_custom_js":"","_kad_post_transparent":"","_kad_post_title":"","_kad_post_layout":"","_kad_post_sidebar_id":"","_kad_post_content_style":"","_kad_post_vertical_padding":"","_kad_post_feature":"","_kad_post_feature_position":"","_kad_post_header":false,"_kad_post_footer":false,"_kad_post_classname":"","footnotes":""},"categories":[763,758],"tags":[],"class_list":["post-8084","post","type-post","status-publish","format-standard","has-post-thumbnail","hentry","category-area-social-es","category-formacion"],"taxonomy_info":{"category":[{"value":763,"label":"Area Social"},{"value":758,"label":"Formaci\u00f3n"}]},"featured_image_src_large":["https:\/\/solidanca.cat\/wp-content\/uploads\/2025\/04\/FOTO-WEB-BONA-18-6.png",400,200,false],"author_info":{"display_name":"Comunicaci\u00f3","author_link":"https:\/\/solidanca.cat\/es\/author\/comunicacio\/"},"comment_info":0,"category_info":[{"term_id":763,"name":"Area Social","slug":"area-social-es","term_group":0,"term_taxonomy_id":763,"taxonomy":"category","description":"","parent":0,"count":208,"filter":"raw","cat_ID":763,"category_count":208,"category_description":"","cat_name":"Area Social","category_nicename":"area-social-es","category_parent":0},{"term_id":758,"name":"Formaci\u00f3n","slug":"formacion","term_group":0,"term_taxonomy_id":758,"taxonomy":"category","description":"","parent":0,"count":107,"filter":"raw","cat_ID":758,"category_count":107,"category_description":"","cat_name":"Formaci\u00f3n","category_nicename":"formacion","category_parent":0}],"tag_info":false,"uagb_featured_image_src":{"full":["https:\/\/solidanca.cat\/wp-content\/uploads\/2025\/04\/FOTO-WEB-BONA-18-6.png",400,200,false],"thumbnail":["https:\/\/solidanca.cat\/wp-content\/uploads\/2025\/04\/FOTO-WEB-BONA-18-6-150x150.png",150,150,true],"medium":["https:\/\/solidanca.cat\/wp-content\/uploads\/2025\/04\/FOTO-WEB-BONA-18-6-300x150.png",300,150,true],"medium_large":["https:\/\/solidanca.cat\/wp-content\/uploads\/2025\/04\/FOTO-WEB-BONA-18-6.png",400,200,false],"large":["https:\/\/solidanca.cat\/wp-content\/uploads\/2025\/04\/FOTO-WEB-BONA-18-6.png",400,200,false],"1536x1536":["https:\/\/solidanca.cat\/wp-content\/uploads\/2025\/04\/FOTO-WEB-BONA-18-6.png",400,200,false],"2048x2048":["https:\/\/solidanca.cat\/wp-content\/uploads\/2025\/04\/FOTO-WEB-BONA-18-6.png",400,200,false]},"uagb_author_info":{"display_name":"Comunicaci\u00f3","author_link":"https:\/\/solidanca.cat\/es\/author\/comunicacio\/"},"uagb_comment_info":0,"uagb_excerpt":"Solidan\u00e7a inicia la segunda promoci\u00f3n de la formaci\u00f3n AmbConnexi\u00f3 dirigida a personas migradas solicitantes de asilo, refugiadas o en situaci\u00f3n administrativa...","_links":{"self":[{"href":"https:\/\/solidanca.cat\/es\/wp-json\/wp\/v2\/posts\/8084","targetHints":{"allow":["GET"]}}],"collection":[{"href":"https:\/\/solidanca.cat\/es\/wp-json\/wp\/v2\/posts"}],"about":[{"href":"https:\/\/solidanca.cat\/es\/wp-json\/wp\/v2\/types\/post"}],"author":[{"embeddable":true,"href":"https:\/\/solidanca.cat\/es\/wp-json\/wp\/v2\/users\/3"}],"replies":[{"embeddable":true,"href":"https:\/\/solidanca.cat\/es\/wp-json\/wp\/v2\/comments?post=8084"}],"version-history":[{"count":0,"href":"https:\/\/solidanca.cat\/es\/wp-json\/wp\/v2\/posts\/8084\/revisions"}],"wp:featuredmedia":[{"embeddable":true,"href":"https:\/\/solidanca.cat\/es\/wp-json\/wp\/v2\/media\/5029"}],"wp:attachment":[{"href":"https:\/\/solidanca.cat\/es\/wp-json\/wp\/v2\/media?parent=8084"}],"wp:term":[{"taxonomy":"category","embeddable":true,"href":"https:\/\/solidanca.cat\/es\/wp-json\/wp\/v2\/categories?post=8084"},{"taxonomy":"post_tag","embeddable":true,"href":"https:\/\/solidanca.cat\/es\/wp-json\/wp\/v2\/tags?post=8084"}],"curies":[{"name":"wp","href":"https:\/\/api.w.org\/{rel}","templated":true}]}}