{"id":8086,"date":"2021-03-05T07:33:49","date_gmt":"2021-03-05T06:33:49","guid":{"rendered":"https:\/\/solidanca.con2webs.es\/hagamonos-visibles-haciendolas-visibles\/"},"modified":"2021-03-05T08:18:20","modified_gmt":"2021-03-05T07:18:20","slug":"hagamonos-visibles-haciendolas-visibles","status":"publish","type":"post","link":"https:\/\/solidanca.cat\/es\/hagamonos-visibles-haciendolas-visibles\/","title":{"rendered":"Hag\u00e1monos visibles, haci\u00e9ndolas visibles"},"content":{"rendered":"<p>Desde Solidan\u00e7a queremos conmemorar la fiesta del 8 de marzo, D\u00eda Internacional de las Mujeres, dando visibilidad a algunas de las mujeres que han sido pioneras en diferentes momentos de la historia, y lo hemos hecho nombrando las diferentes aulas y salas de la entidad con el nombre y las historias de algunas de ellas. Estas mujeres han sido elegidas a trav\u00e9s de una din\u00e1mica de grupo interna entre el personal de la entidad que se ha realizado durante los \u00faltimos meses.<\/p>\n<p>As\u00ed, el pr\u00f3ximo lunes 8 de marzo se har\u00e1 un acto de inauguraci\u00f3n de las salas para conmemorar a estas mujeres que nos han precedido y que nos acompa\u00f1an en la lucha por nuestros derechos y por una sociedad mejor. Durante el d\u00eda, el personal de Solidan\u00e7a pasar\u00e1 por los diferentes espacios y podr\u00e1n conocer la historia de estas mujeres y su influencia a lo largo de los a\u00f1os.<\/p>\n<p>El mismo lunes os transmitiremos en formato online una peque\u00f1a ruta que conozc\u00e1is sus historias y el espacio que representar\u00e1n de Solidan\u00e7a, a trav\u00e9s de nuestras redes sociales y la cuenta de Instagram @treball_solidanca.<\/p>\n<p>Las mujeres elegidas para nombrar los espacios son las siguientes:<\/p>\n<p><a href=\"https:\/\/solidanca.cat\/wp-content\/uploads\/2021\/03\/8.png\"><img loading=\"lazy\" decoding=\"async\" class=\"alignnone size-medium wp-image-7084\" src=\"https:\/\/solidanca.cat\/wp-content\/uploads\/2021\/03\/8-300x212.png\" alt=\"\" width=\"300\" height=\"212\" \/><\/a> <a href=\"https:\/\/solidanca.cat\/wp-content\/uploads\/2021\/03\/7.png\"><img loading=\"lazy\" decoding=\"async\" class=\"alignnone size-medium wp-image-7083\" src=\"https:\/\/solidanca.cat\/wp-content\/uploads\/2021\/03\/7-300x212.png\" alt=\"\" width=\"300\" height=\"212\" \/><\/a> <a href=\"https:\/\/solidanca.cat\/wp-content\/uploads\/2021\/03\/6.png\"><img loading=\"lazy\" decoding=\"async\" class=\"alignnone size-medium wp-image-7082\" src=\"https:\/\/solidanca.cat\/wp-content\/uploads\/2021\/03\/6-300x212.png\" alt=\"\" width=\"300\" height=\"212\" \/><\/a> <a href=\"https:\/\/solidanca.cat\/wp-content\/uploads\/2021\/03\/5.png\"><img loading=\"lazy\" decoding=\"async\" class=\"alignnone size-medium wp-image-7081\" src=\"https:\/\/solidanca.cat\/wp-content\/uploads\/2021\/03\/5-300x212.png\" alt=\"\" width=\"300\" height=\"212\" \/><\/a> <a href=\"https:\/\/solidanca.cat\/wp-content\/uploads\/2021\/03\/4.png\"><img loading=\"lazy\" decoding=\"async\" class=\"alignnone size-medium wp-image-7080\" src=\"https:\/\/solidanca.cat\/wp-content\/uploads\/2021\/03\/4-300x212.png\" alt=\"\" width=\"300\" height=\"212\" \/><\/a> <a href=\"https:\/\/solidanca.cat\/wp-content\/uploads\/2021\/03\/3.png\"><img loading=\"lazy\" decoding=\"async\" class=\"alignnone size-medium wp-image-7079\" src=\"https:\/\/solidanca.cat\/wp-content\/uploads\/2021\/03\/3-300x212.png\" alt=\"\" width=\"300\" height=\"212\" \/><\/a> <a href=\"https:\/\/solidanca.cat\/wp-content\/uploads\/2021\/03\/2.png\"><img loading=\"lazy\" decoding=\"async\" class=\"alignnone size-medium wp-image-7078\" src=\"https:\/\/solidanca.cat\/wp-content\/uploads\/2021\/03\/2-300x212.png\" alt=\"\" width=\"300\" height=\"212\" \/><\/a> <a href=\"https:\/\/solidanca.cat\/wp-content\/uploads\/2021\/03\/1.png\"><img loading=\"lazy\" decoding=\"async\" class=\"alignnone size-medium wp-image-7077\" src=\"https:\/\/solidanca.cat\/wp-content\/uploads\/2021\/03\/1-300x212.png\" alt=\"\" width=\"300\" height=\"212\" \/><\/a><\/p>\n<blockquote><p><em>Y ahora te hacemos una pregunta a ti &#8230; \u00bfCu\u00e1les son las mujeres relevantes en tu historia? Crees que se les est\u00e1 dando la voz y el reconocimiento que se merecen?<\/em><\/p>\n<p><em>Os invitamos a escribirnos a los comentarios de la publicaci\u00f3n de la cuenta de Instagram y darles la voz que se merecen!<\/em><\/p>\n<p>&nbsp;<\/p><\/blockquote>\n","protected":false},"excerpt":{"rendered":"<p>Desde Solidan\u00e7a queremos conmemorar la fiesta del 8 de marzo, D\u00eda Internacional de las Mujeres, dando visibilidad a algunas de las&#8230;<\/p>\n","protected":false},"author":3,"featured_media":5048,"comment_status":"open","ping_status":"closed","sticky":false,"template":"","format":"standard","meta":{"_uag_custom_page_level_css":"","_kad_blocks_custom_css":"","_kad_blocks_head_custom_js":"","_kad_blocks_body_custom_js":"","_kad_blocks_footer_custom_js":"","_kad_post_transparent":"","_kad_post_title":"","_kad_post_layout":"","_kad_post_sidebar_id":"","_kad_post_content_style":"","_kad_post_vertical_padding":"","_kad_post_feature":"","_kad_post_feature_position":"","_kad_post_header":false,"_kad_post_footer":false,"_kad_post_classname":"","footnotes":""},"categories":[8],"tags":[],"class_list":["post-8086","post","type-post","status-publish","format-standard","has-post-thumbnail","hentry","category-sin-categorizar"],"taxonomy_info":{"category":[{"value":8,"label":"Sin categorizar"}]},"featured_image_src_large":["https:\/\/solidanca.cat\/wp-content\/uploads\/2025\/04\/FOTO-WEB-BONA-3-20.png",400,200,false],"author_info":{"display_name":"Comunicaci\u00f3","author_link":"https:\/\/solidanca.cat\/es\/author\/comunicacio\/"},"comment_info":0,"category_info":[{"term_id":8,"name":"Sin categorizar","slug":"sin-categorizar","term_group":0,"term_taxonomy_id":8,"taxonomy":"category","description":"","parent":0,"count":199,"filter":"raw","cat_ID":8,"category_count":199,"category_description":"","cat_name":"Sin categorizar","category_nicename":"sin-categorizar","category_parent":0}],"tag_info":false,"uagb_featured_image_src":{"full":["https:\/\/solidanca.cat\/wp-content\/uploads\/2025\/04\/FOTO-WEB-BONA-3-20.png",400,200,false],"thumbnail":["https:\/\/solidanca.cat\/wp-content\/uploads\/2025\/04\/FOTO-WEB-BONA-3-20-150x150.png",150,150,true],"medium":["https:\/\/solidanca.cat\/wp-content\/uploads\/2025\/04\/FOTO-WEB-BONA-3-20-300x150.png",300,150,true],"medium_large":["https:\/\/solidanca.cat\/wp-content\/uploads\/2025\/04\/FOTO-WEB-BONA-3-20.png",400,200,false],"large":["https:\/\/solidanca.cat\/wp-content\/uploads\/2025\/04\/FOTO-WEB-BONA-3-20.png",400,200,false],"1536x1536":["https:\/\/solidanca.cat\/wp-content\/uploads\/2025\/04\/FOTO-WEB-BONA-3-20.png",400,200,false],"2048x2048":["https:\/\/solidanca.cat\/wp-content\/uploads\/2025\/04\/FOTO-WEB-BONA-3-20.png",400,200,false]},"uagb_author_info":{"display_name":"Comunicaci\u00f3","author_link":"https:\/\/solidanca.cat\/es\/author\/comunicacio\/"},"uagb_comment_info":0,"uagb_excerpt":"Desde Solidan\u00e7a queremos conmemorar la fiesta del 8 de marzo, D\u00eda Internacional de las Mujeres, dando visibilidad a algunas de las...","_links":{"self":[{"href":"https:\/\/solidanca.cat\/es\/wp-json\/wp\/v2\/posts\/8086","targetHints":{"allow":["GET"]}}],"collection":[{"href":"https:\/\/solidanca.cat\/es\/wp-json\/wp\/v2\/posts"}],"about":[{"href":"https:\/\/solidanca.cat\/es\/wp-json\/wp\/v2\/types\/post"}],"author":[{"embeddable":true,"href":"https:\/\/solidanca.cat\/es\/wp-json\/wp\/v2\/users\/3"}],"replies":[{"embeddable":true,"href":"https:\/\/solidanca.cat\/es\/wp-json\/wp\/v2\/comments?post=8086"}],"version-history":[{"count":0,"href":"https:\/\/solidanca.cat\/es\/wp-json\/wp\/v2\/posts\/8086\/revisions"}],"wp:featuredmedia":[{"embeddable":true,"href":"https:\/\/solidanca.cat\/es\/wp-json\/wp\/v2\/media\/5048"}],"wp:attachment":[{"href":"https:\/\/solidanca.cat\/es\/wp-json\/wp\/v2\/media?parent=8086"}],"wp:term":[{"taxonomy":"category","embeddable":true,"href":"https:\/\/solidanca.cat\/es\/wp-json\/wp\/v2\/categories?post=8086"},{"taxonomy":"post_tag","embeddable":true,"href":"https:\/\/solidanca.cat\/es\/wp-json\/wp\/v2\/tags?post=8086"}],"curies":[{"name":"wp","href":"https:\/\/api.w.org\/{rel}","templated":true}]}}