{"id":8091,"date":"2021-04-06T07:56:33","date_gmt":"2021-04-06T05:56:33","guid":{"rendered":"https:\/\/solidanca.con2webs.es\/nueva-formacion-logistica-preparacion-pedidos-online-persones-situacion-vulnerabilidad-social\/"},"modified":"2021-04-06T08:03:26","modified_gmt":"2021-04-06T06:03:26","slug":"nueva-formacion-logistica-preparacion-pedidos-online-persones-situacion-vulnerabilidad-social","status":"publish","type":"post","link":"https:\/\/solidanca.cat\/es\/nueva-formacion-logistica-preparacion-pedidos-online-persones-situacion-vulnerabilidad-social\/","title":{"rendered":"Nueva formaci\u00f3n en log\u00edstica para preparaci\u00f3n de pedidos online para persones en situaci\u00f3n de vulnerabilidad social"},"content":{"rendered":"<p>Solidan\u00e7a iniciar\u00e1 el pr\u00f3ximo 26 de abril una formaci\u00f3n dirigida a personas en riesgo de exclusi\u00f3n social con el fin de formarse en la log\u00edstica y preparaci\u00f3n de pedidos online.<\/p>\n<p>Este curso est\u00e1 100% subvencionado, y se realizar\u00e1 desde abril de 2021 hasta diciembre de 2021. Se trabajar\u00e1n competencias transversales, capacitaci\u00f3n digital, <em>picking<\/em> (gesti\u00f3n de almac\u00e9n por radiofrecuencia), log\u00edstica de almac\u00e9n e-commerce, e incluye m\u00f3dulos adicionales de <em>coaching<\/em>, la obtenci\u00f3n de carn\u00e9 de operador\/a de carretillas y pr\u00e1cticas laborales en empresas del sector.<\/p>\n<blockquote><p><strong>Las inscripciones de la primera promoci\u00f3n permanecer\u00e1n abiertas hasta el 21 de abril<\/strong>.<\/p><\/blockquote>\n<p><a href=\"https:\/\/solidanca.cat\/wp-content\/uploads\/2021\/04\/Diapositiva2.png\" target=\"_blank\" rel=\"noopener noreferrer\"><img loading=\"lazy\" decoding=\"async\" class=\"aligncenter wp-image-7313\" src=\"https:\/\/solidanca.cat\/wp-content\/uploads\/2021\/04\/Diapositiva2.png\" alt=\"\" width=\"431\" height=\"623\" \/><\/a><\/p>\n<p>Este es un proyecto llamado Pre-comercio que recibe el apoyo de la Fundaci\u00f3n La Caixa y constar\u00e1 de dos promociones que se realizar\u00e1n durante el a\u00f1o 2021.<\/p>\n<blockquote><p>Desde Solidan\u00e7a creemos que la formaci\u00f3n es una herramienta fundamental de transformaci\u00f3n y cambio que genera nuevas oportunidades a las personas. Es por ello que apostamos por este tipo de formaciones en un sector que est\u00e1 en auge debido a la nueva situaci\u00f3n del mercado provocada por la pandemia del Covid-19.<\/p>\n<p>&nbsp;<\/p><\/blockquote>\n","protected":false},"excerpt":{"rendered":"<p>Solidan\u00e7a iniciar\u00e1 el pr\u00f3ximo 26 de abril una formaci\u00f3n dirigida a personas en riesgo de exclusi\u00f3n social con el fin de&#8230;<\/p>\n","protected":false},"author":3,"featured_media":5090,"comment_status":"open","ping_status":"closed","sticky":false,"template":"","format":"standard","meta":{"_uag_custom_page_level_css":"","_kad_blocks_custom_css":"","_kad_blocks_head_custom_js":"","_kad_blocks_body_custom_js":"","_kad_blocks_footer_custom_js":"","_kad_post_transparent":"","_kad_post_title":"","_kad_post_layout":"","_kad_post_sidebar_id":"","_kad_post_content_style":"","_kad_post_vertical_padding":"","_kad_post_feature":"","_kad_post_feature_position":"","_kad_post_header":false,"_kad_post_footer":false,"_kad_post_classname":"","footnotes":""},"categories":[763,758],"tags":[],"class_list":["post-8091","post","type-post","status-publish","format-standard","has-post-thumbnail","hentry","category-area-social-es","category-formacion"],"taxonomy_info":{"category":[{"value":763,"label":"Area Social"},{"value":758,"label":"Formaci\u00f3n"}]},"featured_image_src_large":["https:\/\/solidanca.cat\/wp-content\/uploads\/2025\/04\/FOTO-WEB-BONA-1-2-3.png",400,200,false],"author_info":{"display_name":"Comunicaci\u00f3","author_link":"https:\/\/solidanca.cat\/es\/author\/comunicacio\/"},"comment_info":0,"category_info":[{"term_id":763,"name":"Area Social","slug":"area-social-es","term_group":0,"term_taxonomy_id":763,"taxonomy":"category","description":"","parent":0,"count":205,"filter":"raw","cat_ID":763,"category_count":205,"category_description":"","cat_name":"Area Social","category_nicename":"area-social-es","category_parent":0},{"term_id":758,"name":"Formaci\u00f3n","slug":"formacion","term_group":0,"term_taxonomy_id":758,"taxonomy":"category","description":"","parent":0,"count":107,"filter":"raw","cat_ID":758,"category_count":107,"category_description":"","cat_name":"Formaci\u00f3n","category_nicename":"formacion","category_parent":0}],"tag_info":false,"uagb_featured_image_src":{"full":["https:\/\/solidanca.cat\/wp-content\/uploads\/2025\/04\/FOTO-WEB-BONA-1-2-3.png",400,200,false],"thumbnail":["https:\/\/solidanca.cat\/wp-content\/uploads\/2025\/04\/FOTO-WEB-BONA-1-2-3-150x150.png",150,150,true],"medium":["https:\/\/solidanca.cat\/wp-content\/uploads\/2025\/04\/FOTO-WEB-BONA-1-2-3-300x150.png",300,150,true],"medium_large":["https:\/\/solidanca.cat\/wp-content\/uploads\/2025\/04\/FOTO-WEB-BONA-1-2-3.png",400,200,false],"large":["https:\/\/solidanca.cat\/wp-content\/uploads\/2025\/04\/FOTO-WEB-BONA-1-2-3.png",400,200,false],"1536x1536":["https:\/\/solidanca.cat\/wp-content\/uploads\/2025\/04\/FOTO-WEB-BONA-1-2-3.png",400,200,false],"2048x2048":["https:\/\/solidanca.cat\/wp-content\/uploads\/2025\/04\/FOTO-WEB-BONA-1-2-3.png",400,200,false]},"uagb_author_info":{"display_name":"Comunicaci\u00f3","author_link":"https:\/\/solidanca.cat\/es\/author\/comunicacio\/"},"uagb_comment_info":0,"uagb_excerpt":"Solidan\u00e7a iniciar\u00e1 el pr\u00f3ximo 26 de abril una formaci\u00f3n dirigida a personas en riesgo de exclusi\u00f3n social con el fin de...","_links":{"self":[{"href":"https:\/\/solidanca.cat\/es\/wp-json\/wp\/v2\/posts\/8091","targetHints":{"allow":["GET"]}}],"collection":[{"href":"https:\/\/solidanca.cat\/es\/wp-json\/wp\/v2\/posts"}],"about":[{"href":"https:\/\/solidanca.cat\/es\/wp-json\/wp\/v2\/types\/post"}],"author":[{"embeddable":true,"href":"https:\/\/solidanca.cat\/es\/wp-json\/wp\/v2\/users\/3"}],"replies":[{"embeddable":true,"href":"https:\/\/solidanca.cat\/es\/wp-json\/wp\/v2\/comments?post=8091"}],"version-history":[{"count":0,"href":"https:\/\/solidanca.cat\/es\/wp-json\/wp\/v2\/posts\/8091\/revisions"}],"wp:featuredmedia":[{"embeddable":true,"href":"https:\/\/solidanca.cat\/es\/wp-json\/wp\/v2\/media\/5090"}],"wp:attachment":[{"href":"https:\/\/solidanca.cat\/es\/wp-json\/wp\/v2\/media?parent=8091"}],"wp:term":[{"taxonomy":"category","embeddable":true,"href":"https:\/\/solidanca.cat\/es\/wp-json\/wp\/v2\/categories?post=8091"},{"taxonomy":"post_tag","embeddable":true,"href":"https:\/\/solidanca.cat\/es\/wp-json\/wp\/v2\/tags?post=8091"}],"curies":[{"name":"wp","href":"https:\/\/api.w.org\/{rel}","templated":true}]}}