{"id":8097,"date":"2021-04-14T10:15:01","date_gmt":"2021-04-14T08:15:01","guid":{"rendered":"https:\/\/solidanca.con2webs.es\/solidanca-contrata-7-personas-traves-la-linea-acol-del-programa-trabajo-formacion\/"},"modified":"2021-04-14T10:33:15","modified_gmt":"2021-04-14T08:33:15","slug":"solidanca-contrata-7-personas-traves-la-linea-acol-del-programa-trabajo-formacion","status":"publish","type":"post","link":"https:\/\/solidanca.cat\/es\/solidanca-contrata-7-personas-traves-la-linea-acol-del-programa-trabajo-formacion\/","title":{"rendered":"Solidan\u00e7a acoge a 7 personas a trav\u00e9s de la l\u00ednea ACOL, del Programa Trabajo y Formaci\u00f3n de la Generalitat de Catalunya"},"content":{"rendered":"<p><span class=\"hiddenSpellError\">Con el apoyo del Departamento de Trabajo, Asuntos Sociales y Familias,\u00a0Solidan\u00e7a<\/span>\u00a0inicia por tercer a\u00f1o consecutivo la l\u00ednea\u00a0<span class=\"hiddenSpellError\">ACOL<\/span>\u00a0del Programa Trabajo y Formaci\u00f3n de acogida a personas en situaci\u00f3n administrativa irregular. A trav\u00e9s de este proyecto,\u00a0<span class=\"hiddenSpellError\">Solidan\u00e7a<\/span>\u00a0hace posible la regularizaci\u00f3n y contrataci\u00f3n laboral de un a\u00f1o a siete personas de las cuales 4 trabajar\u00e1n en el centro de\u00a0<span class=\"hiddenSpellError\">Solidan\u00e7a\/Roba Amiga<\/span>\u00a0en\u00a0<span class=\"hiddenSpellError\">Sant<\/span>\u00a0<span class=\"hiddenSpellError\">Just<\/span>\u00a0<span class=\"hiddenSpellError\">Desvern (Barcelona)<\/span>\u00a0y las otras 3 lo har\u00e1n en el centro de\u00a0Olot (Girona). Se incorporan a nuestro equipo la\u00a0<span class=\"hiddenSpellError\">Joy<\/span>, el\u00a0<span class=\"hiddenSpellError\">Houssam<\/span>, Ismael, la\u00a0<span class=\"hiddenSpellError\">Sulma<\/span>\u00a0<span class=\"hiddenSpellError\">Dilma<\/span>, Robert y lo John Paul.\u00a0<span class=\"hiddenGrammarError\">Bienvenidos<\/span>\u00a0a\u00a0<span class=\"hiddenSpellError\">Solidan\u00e7a<\/span>!<br \/>\nEl proyecto\u00a0<span class=\"hiddenSpellError\">ACOL<\/span>\u00a0se centra en encajar el perfil de la persona beneficiaria con un lugar de trabajo a desarrollar en la entidad para promover la inserci\u00f3n laboral posterior en el mercado laboral convencional. Estas personas se formar\u00e1n y desarrollar\u00e1n tareas de apoyo\u00a0en torno a\u00a0los siguientes perfiles profesionales: ayudante de tiendas, ayudante de mantenimiento de instalaciones, pe\u00f3n de clasificaci\u00f3n textil y pe\u00f3n de recogidas.<br \/>\nEn el itinerario de inserci\u00f3n sociolaboral, adem\u00e1s de la formaci\u00f3n profesionalizada\u00a0en el lugar de trabajo, se trabajar\u00e1n las competencias transversales para una mejor adecuaci\u00f3n al mercado laboral. Se realizar\u00e1 un total de\u00a060\u202fh, en dos m\u00f3dulos de competencias transversales enfocadas hacia el fomento del\u00a0empoderamiento\u00a0personal as\u00ed como tambi\u00e9n se les har\u00e1 un acompa\u00f1amiento a trav\u00e9s de tutor\u00edas durante todo el proceso de inserci\u00f3n.<\/p>\n<p>Este proyecto recibe el apoyo del Fondo Social Europeo, del Departamento de Trabajo, Asuntos Sociales y Familias, a trav\u00e9s de la Secretar\u00eda de Igualdad, Migraciones y Ciudadan\u00eda, junto con el Servicio de Ocupaci\u00f3n de Catalu\u00f1a.<\/p>\n<p><a href=\"https:\/\/solidanca.cat\/wp-content\/uploads\/2021\/04\/IMG-1037.jpg\"><img loading=\"lazy\" decoding=\"async\" class=\"alignnone wp-image-7365\" src=\"https:\/\/solidanca.cat\/wp-content\/uploads\/2021\/04\/IMG-1037-300x225.jpg\" alt=\"\" width=\"177\" height=\"236\" \/><\/a><a href=\"https:\/\/solidanca.cat\/wp-content\/uploads\/2021\/04\/IMG-1056.jpg\"><img loading=\"lazy\" decoding=\"async\" class=\"alignnone wp-image-7366\" src=\"https:\/\/solidanca.cat\/wp-content\/uploads\/2021\/04\/IMG-1056-300x225.jpg\" alt=\"\" width=\"177\" height=\"236\" \/><\/a><a href=\"https:\/\/solidanca.cat\/wp-content\/uploads\/2021\/04\/WhatsApp-Image-2021-04-09-at-13.56.08.jpeg\"><img loading=\"lazy\" decoding=\"async\" class=\"alignnone wp-image-7369\" src=\"https:\/\/solidanca.cat\/wp-content\/uploads\/2021\/04\/WhatsApp-Image-2021-04-09-at-13.56.08-225x300.jpeg\" alt=\"\" width=\"178\" height=\"237\" \/><\/a><a href=\"https:\/\/solidanca.cat\/wp-content\/uploads\/2021\/04\/WhatsApp-Image-2021-04-09-at-13.56.41.jpeg\"><img loading=\"lazy\" decoding=\"async\" class=\"alignnone size-medium wp-image-7368\" src=\"https:\/\/solidanca.cat\/wp-content\/uploads\/2021\/04\/WhatsApp-Image-2021-04-09-at-13.56.41-300x225.jpeg\" alt=\"\" width=\"300\" height=\"225\" \/><\/a><\/p>\n","protected":false},"excerpt":{"rendered":"<p>Con el apoyo del Departamento de Trabajo, Asuntos Sociales y Familias,\u00a0Solidan\u00e7a\u00a0inicia por tercer a\u00f1o consecutivo la l\u00ednea\u00a0ACOL\u00a0del Programa Trabajo y Formaci\u00f3n&#8230;<\/p>\n","protected":false},"author":3,"featured_media":5147,"comment_status":"open","ping_status":"closed","sticky":false,"template":"","format":"standard","meta":{"_uag_custom_page_level_css":"","_kad_blocks_custom_css":"","_kad_blocks_head_custom_js":"","_kad_blocks_body_custom_js":"","_kad_blocks_footer_custom_js":"","_kad_post_transparent":"","_kad_post_title":"","_kad_post_layout":"","_kad_post_sidebar_id":"","_kad_post_content_style":"","_kad_post_vertical_padding":"","_kad_post_feature":"","_kad_post_feature_position":"","_kad_post_header":false,"_kad_post_footer":false,"_kad_post_classname":"","footnotes":""},"categories":[763],"tags":[],"class_list":["post-8097","post","type-post","status-publish","format-standard","has-post-thumbnail","hentry","category-area-social-es"],"taxonomy_info":{"category":[{"value":763,"label":"Area Social"}]},"featured_image_src_large":["https:\/\/solidanca.cat\/wp-content\/uploads\/2025\/04\/Insta-@treball_solidanca-7-4-1024x1024.png",1024,1024,true],"author_info":{"display_name":"Comunicaci\u00f3","author_link":"https:\/\/solidanca.cat\/es\/author\/comunicacio\/"},"comment_info":0,"category_info":[{"term_id":763,"name":"Area Social","slug":"area-social-es","term_group":0,"term_taxonomy_id":763,"taxonomy":"category","description":"","parent":0,"count":205,"filter":"raw","cat_ID":763,"category_count":205,"category_description":"","cat_name":"Area Social","category_nicename":"area-social-es","category_parent":0}],"tag_info":false,"uagb_featured_image_src":{"full":["https:\/\/solidanca.cat\/wp-content\/uploads\/2025\/04\/Insta-@treball_solidanca-7-4.png",1080,1080,false],"thumbnail":["https:\/\/solidanca.cat\/wp-content\/uploads\/2025\/04\/Insta-@treball_solidanca-7-4-150x150.png",150,150,true],"medium":["https:\/\/solidanca.cat\/wp-content\/uploads\/2025\/04\/Insta-@treball_solidanca-7-4-300x300.png",300,300,true],"medium_large":["https:\/\/solidanca.cat\/wp-content\/uploads\/2025\/04\/Insta-@treball_solidanca-7-4-768x768.png",768,768,true],"large":["https:\/\/solidanca.cat\/wp-content\/uploads\/2025\/04\/Insta-@treball_solidanca-7-4-1024x1024.png",1024,1024,true],"1536x1536":["https:\/\/solidanca.cat\/wp-content\/uploads\/2025\/04\/Insta-@treball_solidanca-7-4.png",1080,1080,false],"2048x2048":["https:\/\/solidanca.cat\/wp-content\/uploads\/2025\/04\/Insta-@treball_solidanca-7-4.png",1080,1080,false]},"uagb_author_info":{"display_name":"Comunicaci\u00f3","author_link":"https:\/\/solidanca.cat\/es\/author\/comunicacio\/"},"uagb_comment_info":0,"uagb_excerpt":"Con el apoyo del Departamento de Trabajo, Asuntos Sociales y Familias,\u00a0Solidan\u00e7a\u00a0inicia por tercer a\u00f1o consecutivo la l\u00ednea\u00a0ACOL\u00a0del Programa Trabajo y Formaci\u00f3n...","_links":{"self":[{"href":"https:\/\/solidanca.cat\/es\/wp-json\/wp\/v2\/posts\/8097","targetHints":{"allow":["GET"]}}],"collection":[{"href":"https:\/\/solidanca.cat\/es\/wp-json\/wp\/v2\/posts"}],"about":[{"href":"https:\/\/solidanca.cat\/es\/wp-json\/wp\/v2\/types\/post"}],"author":[{"embeddable":true,"href":"https:\/\/solidanca.cat\/es\/wp-json\/wp\/v2\/users\/3"}],"replies":[{"embeddable":true,"href":"https:\/\/solidanca.cat\/es\/wp-json\/wp\/v2\/comments?post=8097"}],"version-history":[{"count":0,"href":"https:\/\/solidanca.cat\/es\/wp-json\/wp\/v2\/posts\/8097\/revisions"}],"wp:featuredmedia":[{"embeddable":true,"href":"https:\/\/solidanca.cat\/es\/wp-json\/wp\/v2\/media\/5147"}],"wp:attachment":[{"href":"https:\/\/solidanca.cat\/es\/wp-json\/wp\/v2\/media?parent=8097"}],"wp:term":[{"taxonomy":"category","embeddable":true,"href":"https:\/\/solidanca.cat\/es\/wp-json\/wp\/v2\/categories?post=8097"},{"taxonomy":"post_tag","embeddable":true,"href":"https:\/\/solidanca.cat\/es\/wp-json\/wp\/v2\/tags?post=8097"}],"curies":[{"name":"wp","href":"https:\/\/api.w.org\/{rel}","templated":true}]}}