{"id":8109,"date":"2021-04-30T12:28:21","date_gmt":"2021-04-30T10:28:21","guid":{"rendered":"https:\/\/solidanca.con2webs.es\/solidanca-las-bibliotecas-publicas-catalunya-participan-la-campana-canvia-xip-reciclals-seguimos-dando-valor-ambiental-accion\/"},"modified":"2021-04-30T12:33:26","modified_gmt":"2021-04-30T10:33:26","slug":"solidanca-las-bibliotecas-publicas-catalunya-participan-la-campana-canvia-xip-reciclals-seguimos-dando-valor-ambiental-accion","status":"publish","type":"post","link":"https:\/\/solidanca.cat\/es\/solidanca-las-bibliotecas-publicas-catalunya-participan-la-campana-canvia-xip-reciclals-seguimos-dando-valor-ambiental-accion\/","title":{"rendered":"Solidan\u00e7a y las Bibliotecas P\u00fablicas de Catalunya participan en la campa\u00f1a &#8216;Canvia el xip, Recicla&#8217;ls&#8217;, seguimos dando el valor ambiental en cada acci\u00f3n"},"content":{"rendered":"<p>Solidan\u00e7a y las Bibliotecas P\u00fablicas de Catalunya se unen para participar en la campa\u00f1a &#8216;Canvia el xip, Recicla&#8217;ls&#8217;, una serie de talleres de reparaci\u00f3n de aparatos el\u00e9ctricos y electr\u00f3nicos que se llevar\u00e1n cabo hasta julio en diferentes bibliotecas de Catalunya.<br \/>\nEl objetivo de esta iniciativa es profundizar en la idea de alargar la vida \u00fatil de estos aparatos, promoviendo la reparaci\u00f3n y reutilizaci\u00f3n, as\u00ed como empoderar a la ciudadan\u00eda a trav\u00e9s del autoaprendizaje y la autogesti\u00f3n. Con esta actividad se pretende corresponsabilizar e implicar a la sociedad en la reducci\u00f3n de residuos, y en el cambio de sistema hacia una econom\u00eda cada vez m\u00e1s circular, que priorice el reaprovechamiento y valorizaci\u00f3n de los residuos como productos nuevos.<br \/>\nLos talleres consistir\u00e1n en la formaci\u00f3n para la reparaci\u00f3n de peque\u00f1os aparatos electr\u00f3nicos que los usuarios suelen utilizar en las bibliotecas. Se dar\u00e1n herramientas y consejos para el buen mantenimiento de estos objetos y evitar que se estropeen. Se podr\u00e1n reparar m\u00f3viles, tabletas, auriculares, reproductores de m\u00fasica, etc &#8230;<br \/>\nEste proyecto recibe el apoyo de las Bibliotecas P\u00fablicas de Catalunya, la Agencia de Residuos de Catalunya, el Departamento de Territorio y Sostenibilidad y la Biblioteca Antoni Tort.<\/p>\n","protected":false},"excerpt":{"rendered":"<p>Solidan\u00e7a y las Bibliotecas P\u00fablicas de Catalunya se unen para participar en la campa\u00f1a &#8216;Canvia el xip, Recicla&#8217;ls&#8217;, una serie de&#8230;<\/p>\n","protected":false},"author":3,"featured_media":5265,"comment_status":"open","ping_status":"closed","sticky":false,"template":"","format":"standard","meta":{"_uag_custom_page_level_css":"","_kad_blocks_custom_css":"","_kad_blocks_head_custom_js":"","_kad_blocks_body_custom_js":"","_kad_blocks_footer_custom_js":"","_kad_post_transparent":"","_kad_post_title":"","_kad_post_layout":"","_kad_post_sidebar_id":"","_kad_post_content_style":"","_kad_post_vertical_padding":"","_kad_post_feature":"","_kad_post_feature_position":"","_kad_post_header":false,"_kad_post_footer":false,"_kad_post_classname":"","footnotes":""},"categories":[761],"tags":[],"class_list":["post-8109","post","type-post","status-publish","format-standard","has-post-thumbnail","hentry","category-medio-ambiente"],"taxonomy_info":{"category":[{"value":761,"label":"MEDIO AMBIENTE"}]},"featured_image_src_large":["https:\/\/solidanca.cat\/wp-content\/uploads\/2025\/04\/FOTO-WEB-BONA-37-3.png",400,200,false],"author_info":{"display_name":"Comunicaci\u00f3","author_link":"https:\/\/solidanca.cat\/es\/author\/comunicacio\/"},"comment_info":0,"category_info":[{"term_id":761,"name":"MEDIO AMBIENTE","slug":"medio-ambiente","term_group":0,"term_taxonomy_id":761,"taxonomy":"category","description":"","parent":0,"count":263,"filter":"raw","cat_ID":761,"category_count":263,"category_description":"","cat_name":"MEDIO AMBIENTE","category_nicename":"medio-ambiente","category_parent":0}],"tag_info":false,"uagb_featured_image_src":{"full":["https:\/\/solidanca.cat\/wp-content\/uploads\/2025\/04\/FOTO-WEB-BONA-37-3.png",400,200,false],"thumbnail":["https:\/\/solidanca.cat\/wp-content\/uploads\/2025\/04\/FOTO-WEB-BONA-37-3-150x150.png",150,150,true],"medium":["https:\/\/solidanca.cat\/wp-content\/uploads\/2025\/04\/FOTO-WEB-BONA-37-3-300x150.png",300,150,true],"medium_large":["https:\/\/solidanca.cat\/wp-content\/uploads\/2025\/04\/FOTO-WEB-BONA-37-3.png",400,200,false],"large":["https:\/\/solidanca.cat\/wp-content\/uploads\/2025\/04\/FOTO-WEB-BONA-37-3.png",400,200,false],"1536x1536":["https:\/\/solidanca.cat\/wp-content\/uploads\/2025\/04\/FOTO-WEB-BONA-37-3.png",400,200,false],"2048x2048":["https:\/\/solidanca.cat\/wp-content\/uploads\/2025\/04\/FOTO-WEB-BONA-37-3.png",400,200,false]},"uagb_author_info":{"display_name":"Comunicaci\u00f3","author_link":"https:\/\/solidanca.cat\/es\/author\/comunicacio\/"},"uagb_comment_info":0,"uagb_excerpt":"Solidan\u00e7a y las Bibliotecas P\u00fablicas de Catalunya se unen para participar en la campa\u00f1a &#8216;Canvia el xip, Recicla&#8217;ls&#8217;, una serie de...","_links":{"self":[{"href":"https:\/\/solidanca.cat\/es\/wp-json\/wp\/v2\/posts\/8109","targetHints":{"allow":["GET"]}}],"collection":[{"href":"https:\/\/solidanca.cat\/es\/wp-json\/wp\/v2\/posts"}],"about":[{"href":"https:\/\/solidanca.cat\/es\/wp-json\/wp\/v2\/types\/post"}],"author":[{"embeddable":true,"href":"https:\/\/solidanca.cat\/es\/wp-json\/wp\/v2\/users\/3"}],"replies":[{"embeddable":true,"href":"https:\/\/solidanca.cat\/es\/wp-json\/wp\/v2\/comments?post=8109"}],"version-history":[{"count":0,"href":"https:\/\/solidanca.cat\/es\/wp-json\/wp\/v2\/posts\/8109\/revisions"}],"wp:featuredmedia":[{"embeddable":true,"href":"https:\/\/solidanca.cat\/es\/wp-json\/wp\/v2\/media\/5265"}],"wp:attachment":[{"href":"https:\/\/solidanca.cat\/es\/wp-json\/wp\/v2\/media?parent=8109"}],"wp:term":[{"taxonomy":"category","embeddable":true,"href":"https:\/\/solidanca.cat\/es\/wp-json\/wp\/v2\/categories?post=8109"},{"taxonomy":"post_tag","embeddable":true,"href":"https:\/\/solidanca.cat\/es\/wp-json\/wp\/v2\/tags?post=8109"}],"curies":[{"name":"wp","href":"https:\/\/api.w.org\/{rel}","templated":true}]}}