{"id":8111,"date":"2021-05-03T12:40:56","date_gmt":"2021-05-03T10:40:56","guid":{"rendered":"https:\/\/solidanca.con2webs.es\/apuntate-al-nuevo-curso-gestion-residuos-encuentra-lugar-mundo-laboral\/"},"modified":"2021-05-03T12:40:56","modified_gmt":"2021-05-03T10:40:56","slug":"apuntate-al-nuevo-curso-gestion-residuos-encuentra-lugar-mundo-laboral","status":"publish","type":"post","link":"https:\/\/solidanca.cat\/es\/apuntate-al-nuevo-curso-gestion-residuos-encuentra-lugar-mundo-laboral\/","title":{"rendered":"Ap\u00fantate al nuevo curso de Gesti\u00f3n de Residuos y encuentra tu lugar en el mundo laboral"},"content":{"rendered":"<p>Solidan\u00e7a inicia un nuevo curso del punto formativo Incorpora de la Fundaci\u00f3n La Caixa sobre Gesti\u00f3n de Residuos dirigido a personas en situaci\u00f3n de vulnerabilidad social. La formaci\u00f3n comenzar\u00e1 el pr\u00f3ximo 12 de mayo en horarios de 9 a 14 en el Centro de Formaci\u00f3n Solidan\u00e7a de Sant Joan Desp\u00ed.<\/p>\n<p>El <strong>contenido<\/strong> de la formaci\u00f3n es el siguiente:<\/p>\n<p>-Formaci\u00f3n t\u00e9cnica<br \/>\n-Formaci\u00f3n en competencias transversales<br \/>\n-Pr\u00e1cticas en empresas del sector<\/p>\n<p>Los <strong>requisitos<\/strong> que pedimos son:<\/p>\n<p>-Motivaci\u00f3n por el sector ambiental<br \/>\n-Permiso de residencia y trabajo<br \/>\n-No padecer alergia al polvo y humedad<br \/>\n-Encontrarse en las condiciones f\u00edsicas y psicol\u00f3gicas adecuadas que permitan realizar las tareas propias del curso<br \/>\n-Dominio hablado y comprendido del castellano o catal\u00e1n<br \/>\n-Desde Solidan\u00e7a creemos que la formaci\u00f3n es una herramienta fundamental de transformaci\u00f3n y cambio que genera nuevas oportunidades a las personas.<\/p>\n<h4>\u00daltimas plazas!<br \/>\nPara m\u00e1s informaci\u00f3n, contacta con nosotros en el 93 685 44 34 o escr\u00edbenos a formacio@test.solidanca.cat<\/h4>\n","protected":false},"excerpt":{"rendered":"<p>Solidan\u00e7a inicia un nuevo curso del punto formativo Incorpora de la Fundaci\u00f3n La Caixa sobre Gesti\u00f3n de Residuos dirigido a personas&#8230;<\/p>\n","protected":false},"author":3,"featured_media":0,"comment_status":"closed","ping_status":"closed","sticky":false,"template":"","format":"standard","meta":{"_uag_custom_page_level_css":"","_kad_blocks_custom_css":"","_kad_blocks_head_custom_js":"","_kad_blocks_body_custom_js":"","_kad_blocks_footer_custom_js":"","_kad_post_transparent":"","_kad_post_title":"","_kad_post_layout":"","_kad_post_sidebar_id":"","_kad_post_content_style":"","_kad_post_vertical_padding":"","_kad_post_feature":"","_kad_post_feature_position":"","_kad_post_header":false,"_kad_post_footer":false,"_kad_post_classname":"","footnotes":""},"categories":[758,760,761],"tags":[],"class_list":["post-8111","post","type-post","status-publish","format-standard","hentry","category-formacion","category-incorpora-es","category-medio-ambiente"],"taxonomy_info":{"category":[{"value":758,"label":"Formaci\u00f3n"},{"value":760,"label":"Incorpora"},{"value":761,"label":"MEDIO AMBIENTE"}]},"featured_image_src_large":false,"author_info":{"display_name":"Comunicaci\u00f3","author_link":"https:\/\/solidanca.cat\/es\/author\/comunicacio\/"},"comment_info":0,"category_info":[{"term_id":758,"name":"Formaci\u00f3n","slug":"formacion","term_group":0,"term_taxonomy_id":758,"taxonomy":"category","description":"","parent":0,"count":107,"filter":"raw","cat_ID":758,"category_count":107,"category_description":"","cat_name":"Formaci\u00f3n","category_nicename":"formacion","category_parent":0},{"term_id":760,"name":"Incorpora","slug":"incorpora-es","term_group":0,"term_taxonomy_id":760,"taxonomy":"category","description":"","parent":0,"count":23,"filter":"raw","cat_ID":760,"category_count":23,"category_description":"","cat_name":"Incorpora","category_nicename":"incorpora-es","category_parent":0},{"term_id":761,"name":"MEDIO AMBIENTE","slug":"medio-ambiente","term_group":0,"term_taxonomy_id":761,"taxonomy":"category","description":"","parent":0,"count":263,"filter":"raw","cat_ID":761,"category_count":263,"category_description":"","cat_name":"MEDIO AMBIENTE","category_nicename":"medio-ambiente","category_parent":0}],"tag_info":false,"uagb_featured_image_src":{"full":false,"thumbnail":false,"medium":false,"medium_large":false,"large":false,"1536x1536":false,"2048x2048":false},"uagb_author_info":{"display_name":"Comunicaci\u00f3","author_link":"https:\/\/solidanca.cat\/es\/author\/comunicacio\/"},"uagb_comment_info":0,"uagb_excerpt":"Solidan\u00e7a inicia un nuevo curso del punto formativo Incorpora de la Fundaci\u00f3n La Caixa sobre Gesti\u00f3n de Residuos dirigido a personas...","_links":{"self":[{"href":"https:\/\/solidanca.cat\/es\/wp-json\/wp\/v2\/posts\/8111","targetHints":{"allow":["GET"]}}],"collection":[{"href":"https:\/\/solidanca.cat\/es\/wp-json\/wp\/v2\/posts"}],"about":[{"href":"https:\/\/solidanca.cat\/es\/wp-json\/wp\/v2\/types\/post"}],"author":[{"embeddable":true,"href":"https:\/\/solidanca.cat\/es\/wp-json\/wp\/v2\/users\/3"}],"replies":[{"embeddable":true,"href":"https:\/\/solidanca.cat\/es\/wp-json\/wp\/v2\/comments?post=8111"}],"version-history":[{"count":0,"href":"https:\/\/solidanca.cat\/es\/wp-json\/wp\/v2\/posts\/8111\/revisions"}],"wp:attachment":[{"href":"https:\/\/solidanca.cat\/es\/wp-json\/wp\/v2\/media?parent=8111"}],"wp:term":[{"taxonomy":"category","embeddable":true,"href":"https:\/\/solidanca.cat\/es\/wp-json\/wp\/v2\/categories?post=8111"},{"taxonomy":"post_tag","embeddable":true,"href":"https:\/\/solidanca.cat\/es\/wp-json\/wp\/v2\/tags?post=8111"}],"curies":[{"name":"wp","href":"https:\/\/api.w.org\/{rel}","templated":true}]}}