{"id":8117,"date":"2021-06-03T12:36:03","date_gmt":"2021-06-03T10:36:03","guid":{"rendered":"https:\/\/solidanca.con2webs.es\/solidanca-placer-la-entidad-beneficiaria-la-caminada-trabajo-digno-la-economia-solidaria-este-ano\/"},"modified":"2021-06-03T12:36:03","modified_gmt":"2021-06-03T10:36:03","slug":"solidanca-placer-la-entidad-beneficiaria-la-caminada-trabajo-digno-la-economia-solidaria-este-ano","status":"publish","type":"post","link":"https:\/\/solidanca.cat\/es\/solidanca-placer-la-entidad-beneficiaria-la-caminada-trabajo-digno-la-economia-solidaria-este-ano\/","title":{"rendered":"Solidan\u00e7a tiene el placer de ser la entidad beneficiaria de la Caminada por el Trabajo Digno y la Econom\u00eda Solidaria de este a\u00f1o"},"content":{"rendered":"<p>El domingo 9 de mayo se celebr\u00f3 la segunda edici\u00f3n de La Caminada por el Trabajo Digno y la Econom\u00eda Solidaria organizada por CCOO Baix Llobregat y la asociaci\u00f3n Esperanzah.<\/p>\n<p>Este a\u00f1o la entidad beneficiaria de la Caminada ha sido Solidan\u00e7a, con una donaci\u00f3n de 1500 \u20ac dirigida \u00edntegramente al proyecto \u00abPortes al canvi\u00bb sobre atenci\u00f3n de personas migradas en situaci\u00f3n de irregularidad legal que, a trav\u00e9s de la formaci\u00f3n, se las ayuda conseguir el arraigo social. Desde Solidan\u00e7a queremos agradecer a todas las personas que han participado y han contribuido a hacer posible esta segunda edici\u00f3n y de forma muy especial en el Ayuntamiento de Sant Boi y el Prat por su contribuci\u00f3n activa y apoyo incondicional al proyecto.<\/p>\n<p>Los organizadores han valorado muy positivamente la 2\u00aa edici\u00f3n de La Caminada, donde participaron 140 personas en una jornada marcada por los valores de la sostenibilidad, solidaridad y transformaci\u00f3n social. Seg\u00fan Josep Maria Romero, secretario de CCOO Barcelona: \u00abEstamos muy satisfechos de los resultados de esta segunda edici\u00f3n, muy condicionada cuantitativamente por las medidas de seguridad de la pandemia. Estamos consolidando un espacio l\u00fadico y reivindicativo en el r\u00edo Llobregat que valora el trabajo digno y la necesidad de cooperar con la econom\u00eda social y solidaria para construir un cambio de modelo productivo en la comarca que incorpore los retos del cambio clim\u00e1tico y digital y no deje a nadie atr\u00e1s \u00ab.<\/p>\n<p>Por su parte, Violeta Palaz\u00f3n, portavoz de Esperanzah, ha querido destacar: \u00abValoramos muy positivamente el trabajo de consolidaci\u00f3n de La Caminata. Vemos que se consolida con implicaci\u00f3n de espacios diferentes y este a\u00f1o con una fuerte implicaci\u00f3n de Solidan\u00e7a. Le daremos continuidad para que los valores de la transformaci\u00f3n social deben mantener una presencia destacada en el Baix Llobregat y nos permiten apoyar y visibilidad a proyectos sociales que necesitan un trabajo en red cooperativo \u00ab.<\/p>\n<p>El acto se cerr\u00f3 con unos parlamentos en el Parque Fluvial de Sant Boi donde intervinieron la alcaldesa de Sant Boi, Llu\u00efsa Moret; el alcalde de El Prat, Llu\u00eds Mijoler; Josep Maria Romero secretario general de CCOO Barcelona; Violeta Palaz\u00f3n de Esperanzah y Isabel Gimeno directora y gerente de Solidan\u00e7a \/ Ropa Amiga.<\/p>\n<h4>Estamos muy contentas de seguir trabajando y caminando juntas!<\/h4>\n<p><a href=\"https:\/\/solidanca.cat\/wp-content\/uploads\/2021\/06\/WhatsApp-Image-2021-06-03-at-13.47.05-3.jpeg\"><img loading=\"lazy\" decoding=\"async\" class=\"alignnone size-medium wp-image-8078\" src=\"https:\/\/solidanca.cat\/wp-content\/uploads\/2021\/06\/WhatsApp-Image-2021-06-03-at-13.47.05-3-300x225.jpeg\" alt=\"\" width=\"300\" height=\"225\" \/><\/a><a href=\"https:\/\/solidanca.cat\/wp-content\/uploads\/2021\/06\/WhatsApp-Image-2021-06-03-at-13.47.05.jpeg\"><img loading=\"lazy\" decoding=\"async\" class=\"alignnone size-medium wp-image-8079\" src=\"https:\/\/solidanca.cat\/wp-content\/uploads\/2021\/06\/WhatsApp-Image-2021-06-03-at-13.47.05-300x225.jpeg\" alt=\"\" width=\"300\" height=\"225\" \/><\/a><\/p>\n","protected":false},"excerpt":{"rendered":"<p>El domingo 9 de mayo se celebr\u00f3 la segunda edici\u00f3n de La Caminada por el Trabajo Digno y la Econom\u00eda Solidaria&#8230;<\/p>\n","protected":false},"author":3,"featured_media":5309,"comment_status":"closed","ping_status":"closed","sticky":false,"template":"","format":"standard","meta":{"_uag_custom_page_level_css":"","_kad_blocks_custom_css":"","_kad_blocks_head_custom_js":"","_kad_blocks_body_custom_js":"","_kad_blocks_footer_custom_js":"","_kad_post_transparent":"","_kad_post_title":"","_kad_post_layout":"","_kad_post_sidebar_id":"","_kad_post_content_style":"","_kad_post_vertical_padding":"","_kad_post_feature":"","_kad_post_feature_position":"","_kad_post_header":false,"_kad_post_footer":false,"_kad_post_classname":"","footnotes":""},"categories":[8],"tags":[],"class_list":["post-8117","post","type-post","status-publish","format-standard","has-post-thumbnail","hentry","category-sin-categorizar"],"taxonomy_info":{"category":[{"value":8,"label":"Sin categorizar"}]},"featured_image_src_large":["https:\/\/solidanca.cat\/wp-content\/uploads\/2025\/04\/FOTO-WEB-BONA-59-3.png",400,200,false],"author_info":{"display_name":"Comunicaci\u00f3","author_link":"https:\/\/solidanca.cat\/es\/author\/comunicacio\/"},"comment_info":0,"category_info":[{"term_id":8,"name":"Sin categorizar","slug":"sin-categorizar","term_group":0,"term_taxonomy_id":8,"taxonomy":"category","description":"","parent":0,"count":199,"filter":"raw","cat_ID":8,"category_count":199,"category_description":"","cat_name":"Sin categorizar","category_nicename":"sin-categorizar","category_parent":0}],"tag_info":false,"uagb_featured_image_src":{"full":["https:\/\/solidanca.cat\/wp-content\/uploads\/2025\/04\/FOTO-WEB-BONA-59-3.png",400,200,false],"thumbnail":["https:\/\/solidanca.cat\/wp-content\/uploads\/2025\/04\/FOTO-WEB-BONA-59-3-150x150.png",150,150,true],"medium":["https:\/\/solidanca.cat\/wp-content\/uploads\/2025\/04\/FOTO-WEB-BONA-59-3-300x150.png",300,150,true],"medium_large":["https:\/\/solidanca.cat\/wp-content\/uploads\/2025\/04\/FOTO-WEB-BONA-59-3.png",400,200,false],"large":["https:\/\/solidanca.cat\/wp-content\/uploads\/2025\/04\/FOTO-WEB-BONA-59-3.png",400,200,false],"1536x1536":["https:\/\/solidanca.cat\/wp-content\/uploads\/2025\/04\/FOTO-WEB-BONA-59-3.png",400,200,false],"2048x2048":["https:\/\/solidanca.cat\/wp-content\/uploads\/2025\/04\/FOTO-WEB-BONA-59-3.png",400,200,false]},"uagb_author_info":{"display_name":"Comunicaci\u00f3","author_link":"https:\/\/solidanca.cat\/es\/author\/comunicacio\/"},"uagb_comment_info":0,"uagb_excerpt":"El domingo 9 de mayo se celebr\u00f3 la segunda edici\u00f3n de La Caminada por el Trabajo Digno y la Econom\u00eda Solidaria...","_links":{"self":[{"href":"https:\/\/solidanca.cat\/es\/wp-json\/wp\/v2\/posts\/8117","targetHints":{"allow":["GET"]}}],"collection":[{"href":"https:\/\/solidanca.cat\/es\/wp-json\/wp\/v2\/posts"}],"about":[{"href":"https:\/\/solidanca.cat\/es\/wp-json\/wp\/v2\/types\/post"}],"author":[{"embeddable":true,"href":"https:\/\/solidanca.cat\/es\/wp-json\/wp\/v2\/users\/3"}],"replies":[{"embeddable":true,"href":"https:\/\/solidanca.cat\/es\/wp-json\/wp\/v2\/comments?post=8117"}],"version-history":[{"count":0,"href":"https:\/\/solidanca.cat\/es\/wp-json\/wp\/v2\/posts\/8117\/revisions"}],"wp:featuredmedia":[{"embeddable":true,"href":"https:\/\/solidanca.cat\/es\/wp-json\/wp\/v2\/media\/5309"}],"wp:attachment":[{"href":"https:\/\/solidanca.cat\/es\/wp-json\/wp\/v2\/media?parent=8117"}],"wp:term":[{"taxonomy":"category","embeddable":true,"href":"https:\/\/solidanca.cat\/es\/wp-json\/wp\/v2\/categories?post=8117"},{"taxonomy":"post_tag","embeddable":true,"href":"https:\/\/solidanca.cat\/es\/wp-json\/wp\/v2\/tags?post=8117"}],"curies":[{"name":"wp","href":"https:\/\/api.w.org\/{rel}","templated":true}]}}