{"id":8131,"date":"2021-06-30T16:13:26","date_gmt":"2021-06-30T14:13:26","guid":{"rendered":"https:\/\/solidanca.con2webs.es\/cerramos-exito-curso-escolar-sensibilizando-570-alumnos-traves-nuestras-campanas-educacion-ambiental\/"},"modified":"2021-06-30T16:13:26","modified_gmt":"2021-06-30T14:13:26","slug":"cerramos-exito-curso-escolar-sensibilizando-570-alumnos-traves-nuestras-campanas-educacion-ambiental","status":"publish","type":"post","link":"https:\/\/solidanca.cat\/es\/cerramos-exito-curso-escolar-sensibilizando-570-alumnos-traves-nuestras-campanas-educacion-ambiental\/","title":{"rendered":"Cerramos con \u00e9xito el curso escolar sensibilizando a m\u00e1s de 570 alumnos a trav\u00e9s de nuestras campa\u00f1as de educaci\u00f3n ambiental"},"content":{"rendered":"<p>A\u00a0Solidan\u00e7a\/\u00a0Roba Amiga, cada a\u00f1o realizamos diferentes campa\u00f1as de sensibilizaci\u00f3n ambiental y recogida de ropa en los centros educativos para fomentar la reutilizaci\u00f3n y el reciclaje del residuo textil. Con estas acciones queremos conseguir:<\/p>\n<p>-Fomentar la prevenci\u00f3n de residuos en el centro educativo a trav\u00e9s de los talleres ambientales.<br \/>\n-Dinamizar la recogida selectiva de residuo textil con la colocaci\u00f3n de jaulas de recogida de ropa en las escuelas.<br \/>\n-Sensibilizar a los alumnos de la importancia de una correcta gesti\u00f3n del residuo textil con charlas en los centros, visitas a la planta Ropa Amiga y con la participaci\u00f3n en ferias.<br \/>\nEl curso 2020-2021 ha estado un poco diferente, a causa de la pandemia de la Covid-19 nos hemos visto obligadas a parar algunos talleres y visitas, pero a pesar de las complicaciones sociosanitarias, hemos podido seguir con algunas campa\u00f1as de educaci\u00f3n ambiental en las escuelas e institutos con el objetivo de sensibilizar a ni\u00f1os y j\u00f3venes sobre la gesti\u00f3n del residuo textil y la importancia de cuidar el medio ambiente.<\/p>\n<p>Los centros educativos contribuyen en un mundo m\u00e1s sostenible sum\u00e1ndose las campa\u00f1as de sensibilizaci\u00f3n ambiental para concienciar al alumnado y a sus familias de la problem\u00e1tica de la fasto\u00a0fashion, del residuo que genera y de las posibilidades de realizar una buena gesti\u00f3n de este residuo.<\/p>\n<p>Solidan\u00e7a\/Ropa\u00a0Amiga en 2020, a pesar de parar las campa\u00f1as durante el estado de alarma, hemos podido sensibilizar a 570 alumnos a trav\u00e9s de 31 talleres a 8 escuelas diferentes. Estas campa\u00f1as tambi\u00e9n incluyen la instalaci\u00f3n de jaulas por la recogida de ropa durante el cambio de armario recogiendo un total de 1100kg.<\/p>\n<p>Las actividades m\u00e1s exitosas de este a\u00f1o han sido el taller de \u00abmotxirretes\u00bb, el taller de libretas con material reciclado y las charlas sobre la gesti\u00f3n del residuo textil.<\/p>\n<p>Gracias a todos los centros educativos para seguir contando con nosotros esperando que el pr\u00f3ximo curso se a\u00f1adan m\u00e1s escuelas.<\/p>\n<p>Volvemos en septiembre!<\/p>\n","protected":false},"excerpt":{"rendered":"<p>A\u00a0Solidan\u00e7a\/\u00a0Roba Amiga, cada a\u00f1o realizamos diferentes campa\u00f1as de sensibilizaci\u00f3n ambiental y recogida de ropa en los centros educativos para fomentar la&#8230;<\/p>\n","protected":false},"author":2,"featured_media":5395,"comment_status":"closed","ping_status":"closed","sticky":false,"template":"","format":"standard","meta":{"_uag_custom_page_level_css":"","_kad_blocks_custom_css":"","_kad_blocks_head_custom_js":"","_kad_blocks_body_custom_js":"","_kad_blocks_footer_custom_js":"","_kad_post_transparent":"","_kad_post_title":"","_kad_post_layout":"","_kad_post_sidebar_id":"","_kad_post_content_style":"","_kad_post_vertical_padding":"","_kad_post_feature":"","_kad_post_feature_position":"","_kad_post_header":false,"_kad_post_footer":false,"_kad_post_classname":"","footnotes":""},"categories":[757,761],"tags":[],"class_list":["post-8131","post","type-post","status-publish","format-standard","has-post-thumbnail","hentry","category-educacion-ambiental","category-medio-ambiente"],"taxonomy_info":{"category":[{"value":757,"label":"Educaci\u00f3n ambiental"},{"value":761,"label":"MEDIO AMBIENTE"}]},"featured_image_src_large":["https:\/\/solidanca.cat\/wp-content\/uploads\/2025\/04\/FOTO-WEB-BONA8-3.png",400,200,false],"author_info":{"display_name":"Solidan\u00e7a","author_link":"https:\/\/solidanca.cat\/es\/author\/alberg\/"},"comment_info":0,"category_info":[{"term_id":757,"name":"Educaci\u00f3n ambiental","slug":"educacion-ambiental","term_group":0,"term_taxonomy_id":757,"taxonomy":"category","description":"","parent":0,"count":80,"filter":"raw","cat_ID":757,"category_count":80,"category_description":"","cat_name":"Educaci\u00f3n ambiental","category_nicename":"educacion-ambiental","category_parent":0},{"term_id":761,"name":"MEDIO AMBIENTE","slug":"medio-ambiente","term_group":0,"term_taxonomy_id":761,"taxonomy":"category","description":"","parent":0,"count":263,"filter":"raw","cat_ID":761,"category_count":263,"category_description":"","cat_name":"MEDIO AMBIENTE","category_nicename":"medio-ambiente","category_parent":0}],"tag_info":false,"uagb_featured_image_src":{"full":["https:\/\/solidanca.cat\/wp-content\/uploads\/2025\/04\/FOTO-WEB-BONA8-3.png",400,200,false],"thumbnail":["https:\/\/solidanca.cat\/wp-content\/uploads\/2025\/04\/FOTO-WEB-BONA8-3-150x150.png",150,150,true],"medium":["https:\/\/solidanca.cat\/wp-content\/uploads\/2025\/04\/FOTO-WEB-BONA8-3-300x150.png",300,150,true],"medium_large":["https:\/\/solidanca.cat\/wp-content\/uploads\/2025\/04\/FOTO-WEB-BONA8-3.png",400,200,false],"large":["https:\/\/solidanca.cat\/wp-content\/uploads\/2025\/04\/FOTO-WEB-BONA8-3.png",400,200,false],"1536x1536":["https:\/\/solidanca.cat\/wp-content\/uploads\/2025\/04\/FOTO-WEB-BONA8-3.png",400,200,false],"2048x2048":["https:\/\/solidanca.cat\/wp-content\/uploads\/2025\/04\/FOTO-WEB-BONA8-3.png",400,200,false]},"uagb_author_info":{"display_name":"Solidan\u00e7a","author_link":"https:\/\/solidanca.cat\/es\/author\/alberg\/"},"uagb_comment_info":0,"uagb_excerpt":"A\u00a0Solidan\u00e7a\/\u00a0Roba Amiga, cada a\u00f1o realizamos diferentes campa\u00f1as de sensibilizaci\u00f3n ambiental y recogida de ropa en los centros educativos para fomentar la...","_links":{"self":[{"href":"https:\/\/solidanca.cat\/es\/wp-json\/wp\/v2\/posts\/8131","targetHints":{"allow":["GET"]}}],"collection":[{"href":"https:\/\/solidanca.cat\/es\/wp-json\/wp\/v2\/posts"}],"about":[{"href":"https:\/\/solidanca.cat\/es\/wp-json\/wp\/v2\/types\/post"}],"author":[{"embeddable":true,"href":"https:\/\/solidanca.cat\/es\/wp-json\/wp\/v2\/users\/2"}],"replies":[{"embeddable":true,"href":"https:\/\/solidanca.cat\/es\/wp-json\/wp\/v2\/comments?post=8131"}],"version-history":[{"count":0,"href":"https:\/\/solidanca.cat\/es\/wp-json\/wp\/v2\/posts\/8131\/revisions"}],"wp:featuredmedia":[{"embeddable":true,"href":"https:\/\/solidanca.cat\/es\/wp-json\/wp\/v2\/media\/5395"}],"wp:attachment":[{"href":"https:\/\/solidanca.cat\/es\/wp-json\/wp\/v2\/media?parent=8131"}],"wp:term":[{"taxonomy":"category","embeddable":true,"href":"https:\/\/solidanca.cat\/es\/wp-json\/wp\/v2\/categories?post=8131"},{"taxonomy":"post_tag","embeddable":true,"href":"https:\/\/solidanca.cat\/es\/wp-json\/wp\/v2\/tags?post=8131"}],"curies":[{"name":"wp","href":"https:\/\/api.w.org\/{rel}","templated":true}]}}