{"id":8145,"date":"2021-09-14T10:03:37","date_gmt":"2021-09-14T08:03:37","guid":{"rendered":"https:\/\/solidanca.con2webs.es\/solidanca-inicia-una-colaboracion-la-influencer-carlota-bruna-participando-nuevo-proyecto-macaranda\/"},"modified":"2021-09-14T11:38:44","modified_gmt":"2021-09-14T09:38:44","slug":"solidanca-inicia-una-colaboracion-la-influencer-carlota-bruna-participando-nuevo-proyecto-macaranda","status":"publish","type":"post","link":"https:\/\/solidanca.cat\/es\/solidanca-inicia-una-colaboracion-la-influencer-carlota-bruna-participando-nuevo-proyecto-macaranda\/","title":{"rendered":"Solidan\u00e7a inicia una colaboraci\u00f3n con la influencer Carlota Bruna participando en el nuevo proyecto Macaranda"},"content":{"rendered":"<p>Solidan\u00e7a\u00a0realiza la primera colaboraci\u00f3n con\u00a0influencers\u00a0de la mano de la activista medioambiental Carlota\u00a0Bruna\u00a0participando en su nuevo proyecto\u00a0<a href=\"https:\/\/www.macaranda.com\/\" target=\"_blank\" rel=\"noopener\">Macaranda<\/a>. Para la entidad es una oportunidad muy grande iniciar acciones de comunicaci\u00f3n con\u00a0influencers, ya que nos acercan a muchas personas y nos hacen llegar a nuevos p\u00fablicos.<\/p>\n<p>Solidan\u00e7a\u00a0ha dado una de las neveras del taller de Preparaci\u00f3n para la Reutilizaci\u00f3n de Residuos de Aparatos El\u00e9ctricos y Electr\u00f3nicos para la nueva iniciativa de la\u00a0influencer. La nevera estar\u00e1 por las calles de Barcelona llena de comida de\u00a0Macaranda\u00a0porque todas aquellas personas que lo necesiten puedan acceder a unos alimentos saludables y sostenibles.<\/p>\n<p>El proyecto de\u00a0Macaranda\u00a0nace para cambiar el mundo y hacerlo un lugar mejor. Env\u00edan cajas de la mejor fruta y verdura de temporada y ecol\u00f3gica semanalmente a todas las personas que se subscriban. Adem\u00e1s con cada caja, se plantar\u00e1 un \u00e1rbol, se recoger\u00e1 pl\u00e1stico de los oc\u00e9anos a trav\u00e9s de<a href=\"https:\/\/theoceancleanup.com\/\" target=\"_blank\" rel=\"noopener\">\u00a0The\u00a0Ocean\u00a0Clean\u00a0Up<\/a>\u00a0y se har\u00e1 una donaci\u00f3n de alimentos a las personas que m\u00e1s lo necesitan a trav\u00e9s de la <a href=\"https:\/\/www.bancdelsaliments.org\/es\/\" target=\"_blank\" rel=\"noopener\">Fundaci\u00f3n Banco de los Alimentos.<\/a><\/p>\n<p>Estamos muy contentas de esta colaboraci\u00f3n y esperamos poder seguir trabajando juntas.<\/p>\n<p><a href=\"https:\/\/solidanca.cat\/wp-content\/uploads\/2021\/09\/EventMacaranda-@mariafarress-120.jpg\"><img loading=\"lazy\" decoding=\"async\" class=\"alignnone size-medium wp-image-9207\" src=\"https:\/\/solidanca.cat\/wp-content\/uploads\/2021\/09\/EventMacaranda-@mariafarress-120-200x300.jpg\" alt=\"\" width=\"200\" height=\"300\" \/><\/a> <a href=\"https:\/\/solidanca.cat\/wp-content\/uploads\/2021\/09\/EventMacaranda-@mariafarress-119.jpg\"><img loading=\"lazy\" decoding=\"async\" class=\"alignnone size-medium wp-image-9206\" src=\"https:\/\/solidanca.cat\/wp-content\/uploads\/2021\/09\/EventMacaranda-@mariafarress-119-200x300.jpg\" alt=\"\" width=\"200\" height=\"300\" \/><\/a> <a href=\"https:\/\/solidanca.cat\/wp-content\/uploads\/2021\/09\/EventMacaranda-@mariafarress-110.jpg\"><img loading=\"lazy\" decoding=\"async\" class=\"alignnone size-medium wp-image-9205\" src=\"https:\/\/solidanca.cat\/wp-content\/uploads\/2021\/09\/EventMacaranda-@mariafarress-110-300x200.jpg\" alt=\"\" width=\"300\" height=\"200\" \/><\/a> <a href=\"https:\/\/solidanca.cat\/wp-content\/uploads\/2021\/09\/EventMacaranda-@mariafarress-122.jpg\"><img loading=\"lazy\" decoding=\"async\" class=\"alignnone size-medium wp-image-9208\" src=\"https:\/\/solidanca.cat\/wp-content\/uploads\/2021\/09\/EventMacaranda-@mariafarress-122-200x300.jpg\" alt=\"\" width=\"200\" height=\"300\" \/><\/a> <a href=\"https:\/\/solidanca.cat\/wp-content\/uploads\/2021\/09\/EventMacaranda-@mariafarress-143.jpg\"><img loading=\"lazy\" decoding=\"async\" class=\"alignnone size-medium wp-image-9209\" src=\"https:\/\/solidanca.cat\/wp-content\/uploads\/2021\/09\/EventMacaranda-@mariafarress-143-200x300.jpg\" alt=\"\" width=\"200\" height=\"300\" \/><\/a><\/p>\n","protected":false},"excerpt":{"rendered":"<p>Solidan\u00e7a\u00a0realiza la primera colaboraci\u00f3n con\u00a0influencers\u00a0de la mano de la activista medioambiental Carlota\u00a0Bruna\u00a0participando en su nuevo proyecto\u00a0Macaranda. Para la entidad es una&#8230;<\/p>\n","protected":false},"author":2,"featured_media":5505,"comment_status":"open","ping_status":"closed","sticky":false,"template":"","format":"standard","meta":{"_uag_custom_page_level_css":"","_kad_blocks_custom_css":"","_kad_blocks_head_custom_js":"","_kad_blocks_body_custom_js":"","_kad_blocks_footer_custom_js":"","_kad_post_transparent":"","_kad_post_title":"","_kad_post_layout":"","_kad_post_sidebar_id":"","_kad_post_content_style":"","_kad_post_vertical_padding":"","_kad_post_feature":"","_kad_post_feature_position":"","_kad_post_header":false,"_kad_post_footer":false,"_kad_post_classname":"","footnotes":""},"categories":[761],"tags":[],"class_list":["post-8145","post","type-post","status-publish","format-standard","has-post-thumbnail","hentry","category-medio-ambiente"],"taxonomy_info":{"category":[{"value":761,"label":"MEDIO AMBIENTE"}]},"featured_image_src_large":["https:\/\/solidanca.cat\/wp-content\/uploads\/2025\/04\/FOTO-WEB-BONA-8-1-4.png",400,200,false],"author_info":{"display_name":"Solidan\u00e7a","author_link":"https:\/\/solidanca.cat\/es\/author\/alberg\/"},"comment_info":0,"category_info":[{"term_id":761,"name":"MEDIO AMBIENTE","slug":"medio-ambiente","term_group":0,"term_taxonomy_id":761,"taxonomy":"category","description":"","parent":0,"count":263,"filter":"raw","cat_ID":761,"category_count":263,"category_description":"","cat_name":"MEDIO AMBIENTE","category_nicename":"medio-ambiente","category_parent":0}],"tag_info":false,"uagb_featured_image_src":{"full":["https:\/\/solidanca.cat\/wp-content\/uploads\/2025\/04\/FOTO-WEB-BONA-8-1-4.png",400,200,false],"thumbnail":["https:\/\/solidanca.cat\/wp-content\/uploads\/2025\/04\/FOTO-WEB-BONA-8-1-4-150x150.png",150,150,true],"medium":["https:\/\/solidanca.cat\/wp-content\/uploads\/2025\/04\/FOTO-WEB-BONA-8-1-4-300x150.png",300,150,true],"medium_large":["https:\/\/solidanca.cat\/wp-content\/uploads\/2025\/04\/FOTO-WEB-BONA-8-1-4.png",400,200,false],"large":["https:\/\/solidanca.cat\/wp-content\/uploads\/2025\/04\/FOTO-WEB-BONA-8-1-4.png",400,200,false],"1536x1536":["https:\/\/solidanca.cat\/wp-content\/uploads\/2025\/04\/FOTO-WEB-BONA-8-1-4.png",400,200,false],"2048x2048":["https:\/\/solidanca.cat\/wp-content\/uploads\/2025\/04\/FOTO-WEB-BONA-8-1-4.png",400,200,false]},"uagb_author_info":{"display_name":"Solidan\u00e7a","author_link":"https:\/\/solidanca.cat\/es\/author\/alberg\/"},"uagb_comment_info":0,"uagb_excerpt":"Solidan\u00e7a\u00a0realiza la primera colaboraci\u00f3n con\u00a0influencers\u00a0de la mano de la activista medioambiental Carlota\u00a0Bruna\u00a0participando en su nuevo proyecto\u00a0Macaranda. Para la entidad es una...","_links":{"self":[{"href":"https:\/\/solidanca.cat\/es\/wp-json\/wp\/v2\/posts\/8145","targetHints":{"allow":["GET"]}}],"collection":[{"href":"https:\/\/solidanca.cat\/es\/wp-json\/wp\/v2\/posts"}],"about":[{"href":"https:\/\/solidanca.cat\/es\/wp-json\/wp\/v2\/types\/post"}],"author":[{"embeddable":true,"href":"https:\/\/solidanca.cat\/es\/wp-json\/wp\/v2\/users\/2"}],"replies":[{"embeddable":true,"href":"https:\/\/solidanca.cat\/es\/wp-json\/wp\/v2\/comments?post=8145"}],"version-history":[{"count":0,"href":"https:\/\/solidanca.cat\/es\/wp-json\/wp\/v2\/posts\/8145\/revisions"}],"wp:featuredmedia":[{"embeddable":true,"href":"https:\/\/solidanca.cat\/es\/wp-json\/wp\/v2\/media\/5505"}],"wp:attachment":[{"href":"https:\/\/solidanca.cat\/es\/wp-json\/wp\/v2\/media?parent=8145"}],"wp:term":[{"taxonomy":"category","embeddable":true,"href":"https:\/\/solidanca.cat\/es\/wp-json\/wp\/v2\/categories?post=8145"},{"taxonomy":"post_tag","embeddable":true,"href":"https:\/\/solidanca.cat\/es\/wp-json\/wp\/v2\/tags?post=8145"}],"curies":[{"name":"wp","href":"https:\/\/api.w.org\/{rel}","templated":true}]}}