{"id":8150,"date":"2021-10-13T16:23:24","date_gmt":"2021-10-13T14:23:24","guid":{"rendered":"https:\/\/solidanca.con2webs.es\/diferentes-entidades-aeress-visitan-solidanca\/"},"modified":"2021-10-13T16:32:57","modified_gmt":"2021-10-13T14:32:57","slug":"diferentes-entidades-aeress-visitan-solidanca","status":"publish","type":"post","link":"https:\/\/solidanca.cat\/es\/diferentes-entidades-aeress-visitan-solidanca\/","title":{"rendered":"Diferentes entidades de Aeress visitan Solidan\u00e7a"},"content":{"rendered":"<p>Diferentes entidades de\u00a0<a href=\"https:\/\/www.aeress.org\/\" target=\"_blank\" rel=\"noopener\">AERESS<\/a>\u00a0visitan la Planta de Preparaci\u00f3n para la Reutilizaci\u00f3n de\u00a0Solidan\u00e7a\u00a0como fomento del trabajo en red y el crecimiento del sector. Entre las visitantes pudimos encontrar con la\u00a0<a href=\"https:\/\/www.proyectolazaro.org\/\" target=\"_blank\" rel=\"noopener\">Asociaci\u00f3n\u00a0Proyecto\u00a0L\u00e1zaro<\/a>, la <a href=\"https:\/\/rastrell.org\/quienes-somos\/\" target=\"_blank\" rel=\"noopener\">Asociaci\u00f3n El Rastrell\u00a0<\/a>y la\u00a0<a href=\"https:\/\/www.proyectoabraham.org\/\" target=\"_blank\" rel=\"noopener\">Asociaci\u00f3n\u00a0Proyecto\u00a0Abraham<\/a>, la <a href=\"https:\/\/www.tapis.cat\/\" target=\"_blank\" rel=\"noopener\">Asociaci\u00f3n Tap\u00eds<\/a>, cuatro entidades referentes del tercer sector.<br \/>\nDurante la visita pudimos mostrar el funcionamiento de la planta de Preparaci\u00f3n por la Reutilizaci\u00f3n (PxR)\u00a0del residuo textil de Ropa Amiga, la planta de\u00a0PxR\u00a0de residuo\u00a0RAEE\u00a0(Aparatos El\u00e9ctricos y Electr\u00f3nicos), el taller de restauraci\u00f3n y\u00a0PxR\u00a0de muebles, adem\u00e1s de nuestra tienda m\u00e1s emblem\u00e1tica: la NAVE de Sant Joan Desp\u00ed. Todo esto con la explicaci\u00f3n de c\u00f3mo potenciamos estas actividades para seguir fomentando la creaci\u00f3n de puestos de trabajo, como se realizan los itinerarios de inserci\u00f3n a la entidad con las personas t\u00e9cnicas y formadoras que acompa\u00f1an a las trabajadoras, y con los valores que seguimos en todos los procesos.<br \/>\nAs\u00ed mismo, tambi\u00e9n tuvimos un momento para poder compartir m\u00e9todos y filosof\u00edas de trabajo, para mejorar en conjunto y aportar cada cual sus conocimientos y experiencias, con momentos de debate sobre el sector y propuestas de mejora.<br \/>\nDesde la entidad seguimos potenciando las sinergias y el trabajo en red como fomento de la econom\u00eda social y circular.<br \/>\nUna acci\u00f3n que nos fortalece individualmente a todas las entidades y que\u00a0pret\u00e9\u00a0generar fuerzas y seguir poder ofreciendo servicios basados en el\u00a0excel\u00e8ncia\u00a0que puedan seguir creciendo y generando puestos de trabajo para personas en situaci\u00f3n de vulnerabilidad social, que es el objetivo principal que compartimos.<\/p>\n<p><em>La Econom\u00eda Social y Solidaria se basa a compartir y no al competir!<\/em><\/p>\n<p><strong>Seguimos potenciando el trabajo colaborativo y en red.<\/strong><\/p>\n<p><a href=\"https:\/\/solidanca.cat\/wp-content\/uploads\/2021\/10\/WhatsApp-Image-2021-09-28-at-13.48.19.jpeg\"><img loading=\"lazy\" decoding=\"async\" class=\"alignnone size-medium wp-image-9287\" src=\"https:\/\/solidanca.cat\/wp-content\/uploads\/2021\/10\/WhatsApp-Image-2021-09-28-at-13.48.19-300x225.jpeg\" alt=\"\" width=\"300\" height=\"225\" \/><\/a><a href=\"https:\/\/solidanca.cat\/wp-content\/uploads\/2021\/10\/WhatsApp-Image-2021-09-28-at-13.51.36.jpeg\"><img loading=\"lazy\" decoding=\"async\" class=\"alignnone size-medium wp-image-9288\" src=\"https:\/\/solidanca.cat\/wp-content\/uploads\/2021\/10\/WhatsApp-Image-2021-09-28-at-13.51.36-300x158.jpeg\" alt=\"\" width=\"300\" height=\"158\" \/><\/a><a href=\"https:\/\/solidanca.cat\/wp-content\/uploads\/2021\/10\/WhatsApp-Image-2021-09-28-at-13.31.28.jpeg\"><img loading=\"lazy\" decoding=\"async\" class=\"alignnone size-medium wp-image-9297\" src=\"https:\/\/solidanca.cat\/wp-content\/uploads\/2021\/10\/WhatsApp-Image-2021-09-28-at-13.31.28-300x225.jpeg\" alt=\"\" width=\"300\" height=\"225\" \/><\/a><\/p>\n","protected":false},"excerpt":{"rendered":"<p>Diferentes entidades de\u00a0AERESS\u00a0visitan la Planta de Preparaci\u00f3n para la Reutilizaci\u00f3n de\u00a0Solidan\u00e7a\u00a0como fomento del trabajo en red y el crecimiento del sector&#8230;.<\/p>\n","protected":false},"author":2,"featured_media":5549,"comment_status":"open","ping_status":"closed","sticky":false,"template":"","format":"standard","meta":{"_uag_custom_page_level_css":"","_kad_blocks_custom_css":"","_kad_blocks_head_custom_js":"","_kad_blocks_body_custom_js":"","_kad_blocks_footer_custom_js":"","_kad_post_transparent":"","_kad_post_title":"","_kad_post_layout":"","_kad_post_sidebar_id":"","_kad_post_content_style":"","_kad_post_vertical_padding":"","_kad_post_feature":"","_kad_post_feature_position":"","_kad_post_header":false,"_kad_post_footer":false,"_kad_post_classname":"","footnotes":""},"categories":[761,8],"tags":[],"class_list":["post-8150","post","type-post","status-publish","format-standard","has-post-thumbnail","hentry","category-medio-ambiente","category-sin-categorizar"],"taxonomy_info":{"category":[{"value":761,"label":"MEDIO AMBIENTE"},{"value":8,"label":"Sin categorizar"}]},"featured_image_src_large":["https:\/\/solidanca.cat\/wp-content\/uploads\/2025\/04\/WhatsApp-Image-2022-03-18-at-13.18.51-1-3-1024x1024.jpeg",1024,1024,true],"author_info":{"display_name":"Solidan\u00e7a","author_link":"https:\/\/solidanca.cat\/es\/author\/alberg\/"},"comment_info":0,"category_info":[{"term_id":761,"name":"MEDIO AMBIENTE","slug":"medio-ambiente","term_group":0,"term_taxonomy_id":761,"taxonomy":"category","description":"","parent":0,"count":263,"filter":"raw","cat_ID":761,"category_count":263,"category_description":"","cat_name":"MEDIO AMBIENTE","category_nicename":"medio-ambiente","category_parent":0},{"term_id":8,"name":"Sin categorizar","slug":"sin-categorizar","term_group":0,"term_taxonomy_id":8,"taxonomy":"category","description":"","parent":0,"count":199,"filter":"raw","cat_ID":8,"category_count":199,"category_description":"","cat_name":"Sin categorizar","category_nicename":"sin-categorizar","category_parent":0}],"tag_info":false,"uagb_featured_image_src":{"full":["https:\/\/solidanca.cat\/wp-content\/uploads\/2025\/04\/WhatsApp-Image-2022-03-18-at-13.18.51-1-3.jpeg",1500,1500,false],"thumbnail":["https:\/\/solidanca.cat\/wp-content\/uploads\/2025\/04\/WhatsApp-Image-2022-03-18-at-13.18.51-1-3-150x150.jpeg",150,150,true],"medium":["https:\/\/solidanca.cat\/wp-content\/uploads\/2025\/04\/WhatsApp-Image-2022-03-18-at-13.18.51-1-3-300x300.jpeg",300,300,true],"medium_large":["https:\/\/solidanca.cat\/wp-content\/uploads\/2025\/04\/WhatsApp-Image-2022-03-18-at-13.18.51-1-3-768x768.jpeg",768,768,true],"large":["https:\/\/solidanca.cat\/wp-content\/uploads\/2025\/04\/WhatsApp-Image-2022-03-18-at-13.18.51-1-3-1024x1024.jpeg",1024,1024,true],"1536x1536":["https:\/\/solidanca.cat\/wp-content\/uploads\/2025\/04\/WhatsApp-Image-2022-03-18-at-13.18.51-1-3.jpeg",1500,1500,false],"2048x2048":["https:\/\/solidanca.cat\/wp-content\/uploads\/2025\/04\/WhatsApp-Image-2022-03-18-at-13.18.51-1-3.jpeg",1500,1500,false]},"uagb_author_info":{"display_name":"Solidan\u00e7a","author_link":"https:\/\/solidanca.cat\/es\/author\/alberg\/"},"uagb_comment_info":0,"uagb_excerpt":"Diferentes entidades de\u00a0AERESS\u00a0visitan la Planta de Preparaci\u00f3n para la Reutilizaci\u00f3n de\u00a0Solidan\u00e7a\u00a0como fomento del trabajo en red y el crecimiento del sector....","_links":{"self":[{"href":"https:\/\/solidanca.cat\/es\/wp-json\/wp\/v2\/posts\/8150","targetHints":{"allow":["GET"]}}],"collection":[{"href":"https:\/\/solidanca.cat\/es\/wp-json\/wp\/v2\/posts"}],"about":[{"href":"https:\/\/solidanca.cat\/es\/wp-json\/wp\/v2\/types\/post"}],"author":[{"embeddable":true,"href":"https:\/\/solidanca.cat\/es\/wp-json\/wp\/v2\/users\/2"}],"replies":[{"embeddable":true,"href":"https:\/\/solidanca.cat\/es\/wp-json\/wp\/v2\/comments?post=8150"}],"version-history":[{"count":0,"href":"https:\/\/solidanca.cat\/es\/wp-json\/wp\/v2\/posts\/8150\/revisions"}],"wp:featuredmedia":[{"embeddable":true,"href":"https:\/\/solidanca.cat\/es\/wp-json\/wp\/v2\/media\/5549"}],"wp:attachment":[{"href":"https:\/\/solidanca.cat\/es\/wp-json\/wp\/v2\/media?parent=8150"}],"wp:term":[{"taxonomy":"category","embeddable":true,"href":"https:\/\/solidanca.cat\/es\/wp-json\/wp\/v2\/categories?post=8150"},{"taxonomy":"post_tag","embeddable":true,"href":"https:\/\/solidanca.cat\/es\/wp-json\/wp\/v2\/tags?post=8150"}],"curies":[{"name":"wp","href":"https:\/\/api.w.org\/{rel}","templated":true}]}}