{"id":8170,"date":"2021-11-27T16:06:32","date_gmt":"2021-11-27T15:06:32","guid":{"rendered":"https:\/\/solidanca.con2webs.es\/solidanca-ano-mas-decimos-basta-las-violencias-machistas\/"},"modified":"2021-11-27T16:06:32","modified_gmt":"2021-11-27T15:06:32","slug":"solidanca-ano-mas-decimos-basta-las-violencias-machistas","status":"publish","type":"post","link":"https:\/\/solidanca.cat\/es\/solidanca-ano-mas-decimos-basta-las-violencias-machistas\/","title":{"rendered":"En Solidan\u00e7a un a\u00f1o m\u00e1s decimos basta a las violencias machistas"},"content":{"rendered":"<p>El pasado 25 de noviembre, D\u00eda Internacional para la eliminaci\u00f3n de la violencia contra las mujeres,\u00a0Solidan\u00e7a\u00a0realiz\u00f3 diferentes acciones para reivindicar un a\u00f1o m\u00e1s una vida libre de violencias machistas.<\/p>\n<p>Con motivo de este d\u00eda te\u00f1imos de rojo todos los escaparates de las tiendas\u00a0Solidan\u00e7a\/Roba\u00a0Amiga e hicimos un acto con todo el equipo de la entidad para visibilizar este d\u00eda. Nos sumamos en la iniciativa \u00abZapatos rojos\u00bb del artista Elina\u00a0Chauvet\u00a0que rompe barreras geogr\u00e1ficas y nos invita a reflexionar sobre las v\u00edctimas de violencia machista.<br \/>\nAdem\u00e1s\u00a0Solidan\u00e7a\u00a0est\u00e1 adherida al <a href=\"https:\/\/xes.cat\/protocol-davant-dassetjaments\/\" target=\"_blank\" rel=\"noopener\">Protocolo antiacosos de la Xarxa de Econom\u00eda Social (XES)\u00a0<\/a>para seguir avanzando hacia una vida libre de violencias machistas!<\/p>\n<p>Desde la entidad reivindicamos un a\u00f1o m\u00e1s la erradicaci\u00f3n de todo tipo de\u00a0violencia\u00a0machista y trabajamos a diario para una sociedad m\u00e1s igualitaria y segura para las mujeres.<\/p>\n<p>En un mundo cada vez m\u00e1s acelerado y cambiando hay estructuras que se resisten, como son las causas que generan todos los tipos, formas y \u00e1mbitos de las violencias machistas. Hay formas que evolucionan y otras que surgen o se reconocen, como as\u00ed ha sucedido con la reforma 17\/2020 de 22 de diciembre que modifica y ampl\u00eda la ley 5\/2008 del 24 de abril, de derecho de las mujeres a la erradicaci\u00f3n de las violencias machistas. Esta reforma introduce nuevas formas de violencia y nuevos \u00e1mbitos como son: La violencia obst\u00e9trica y la vulneraci\u00f3n de derechos sexuales y reproductivos,la violencia de segundo orden,la\u00a0violencia\u00a0vicaria, la\u00a0violencia\u00a0digital, la violencia en el \u00e1mbito de la vida pol\u00edtica y la esfera p\u00fablica, violencia en el \u00e1mbito institucional, las violencias sexuales.<\/p>\n<p>Desde\u00a0Solidan\u00e7a\u00a0reiteramos todo el apoyo y empat\u00eda a todas las supervivientes y su entorno. No podemos continuar consintiendo que las mujeres vivamos con miedo, con nuestra libertad coartada por la amenaza de unas agresiones que ya tendr\u00edan que estar desterradas en una sociedad democr\u00e1tica y libre.<\/p>\n<p><a href=\"https:\/\/solidanca.cat\/wp-content\/uploads\/2021\/12\/DSC01923.jpg\"><img loading=\"lazy\" decoding=\"async\" class=\"alignnone size-medium wp-image-10258\" src=\"https:\/\/solidanca.cat\/wp-content\/uploads\/2021\/12\/DSC01923-300x200.jpg\" alt=\"\" width=\"300\" height=\"200\" \/><\/a><a href=\"https:\/\/solidanca.cat\/wp-content\/uploads\/2021\/12\/DSC01929.jpg\"><img loading=\"lazy\" decoding=\"async\" class=\"alignnone size-medium wp-image-10257\" src=\"https:\/\/solidanca.cat\/wp-content\/uploads\/2021\/12\/DSC01929-300x200.jpg\" alt=\"\" width=\"300\" height=\"200\" \/><\/a><\/p>\n","protected":false},"excerpt":{"rendered":"<p>El pasado 25 de noviembre, D\u00eda Internacional para la eliminaci\u00f3n de la violencia contra las mujeres,\u00a0Solidan\u00e7a\u00a0realiz\u00f3 diferentes acciones para reivindicar un&#8230;<\/p>\n","protected":false},"author":2,"featured_media":5675,"comment_status":"closed","ping_status":"closed","sticky":false,"template":"","format":"standard","meta":{"_uag_custom_page_level_css":"","_kad_blocks_custom_css":"","_kad_blocks_head_custom_js":"","_kad_blocks_body_custom_js":"","_kad_blocks_footer_custom_js":"","_kad_post_transparent":"","_kad_post_title":"","_kad_post_layout":"","_kad_post_sidebar_id":"","_kad_post_content_style":"","_kad_post_vertical_padding":"","_kad_post_feature":"","_kad_post_feature_position":"","_kad_post_header":false,"_kad_post_footer":false,"_kad_post_classname":"","footnotes":""},"categories":[763],"tags":[],"class_list":["post-8170","post","type-post","status-publish","format-standard","has-post-thumbnail","hentry","category-area-social-es"],"taxonomy_info":{"category":[{"value":763,"label":"Area Social"}]},"featured_image_src_large":["https:\/\/solidanca.cat\/wp-content\/uploads\/2025\/04\/FOTO-WEB-BONA-18-7.png",400,200,false],"author_info":{"display_name":"Solidan\u00e7a","author_link":"https:\/\/solidanca.cat\/es\/author\/alberg\/"},"comment_info":0,"category_info":[{"term_id":763,"name":"Area Social","slug":"area-social-es","term_group":0,"term_taxonomy_id":763,"taxonomy":"category","description":"","parent":0,"count":205,"filter":"raw","cat_ID":763,"category_count":205,"category_description":"","cat_name":"Area Social","category_nicename":"area-social-es","category_parent":0}],"tag_info":false,"uagb_featured_image_src":{"full":["https:\/\/solidanca.cat\/wp-content\/uploads\/2025\/04\/FOTO-WEB-BONA-18-7.png",400,200,false],"thumbnail":["https:\/\/solidanca.cat\/wp-content\/uploads\/2025\/04\/FOTO-WEB-BONA-18-7-150x150.png",150,150,true],"medium":["https:\/\/solidanca.cat\/wp-content\/uploads\/2025\/04\/FOTO-WEB-BONA-18-7-300x150.png",300,150,true],"medium_large":["https:\/\/solidanca.cat\/wp-content\/uploads\/2025\/04\/FOTO-WEB-BONA-18-7.png",400,200,false],"large":["https:\/\/solidanca.cat\/wp-content\/uploads\/2025\/04\/FOTO-WEB-BONA-18-7.png",400,200,false],"1536x1536":["https:\/\/solidanca.cat\/wp-content\/uploads\/2025\/04\/FOTO-WEB-BONA-18-7.png",400,200,false],"2048x2048":["https:\/\/solidanca.cat\/wp-content\/uploads\/2025\/04\/FOTO-WEB-BONA-18-7.png",400,200,false]},"uagb_author_info":{"display_name":"Solidan\u00e7a","author_link":"https:\/\/solidanca.cat\/es\/author\/alberg\/"},"uagb_comment_info":0,"uagb_excerpt":"El pasado 25 de noviembre, D\u00eda Internacional para la eliminaci\u00f3n de la violencia contra las mujeres,\u00a0Solidan\u00e7a\u00a0realiz\u00f3 diferentes acciones para reivindicar un...","_links":{"self":[{"href":"https:\/\/solidanca.cat\/es\/wp-json\/wp\/v2\/posts\/8170","targetHints":{"allow":["GET"]}}],"collection":[{"href":"https:\/\/solidanca.cat\/es\/wp-json\/wp\/v2\/posts"}],"about":[{"href":"https:\/\/solidanca.cat\/es\/wp-json\/wp\/v2\/types\/post"}],"author":[{"embeddable":true,"href":"https:\/\/solidanca.cat\/es\/wp-json\/wp\/v2\/users\/2"}],"replies":[{"embeddable":true,"href":"https:\/\/solidanca.cat\/es\/wp-json\/wp\/v2\/comments?post=8170"}],"version-history":[{"count":0,"href":"https:\/\/solidanca.cat\/es\/wp-json\/wp\/v2\/posts\/8170\/revisions"}],"wp:featuredmedia":[{"embeddable":true,"href":"https:\/\/solidanca.cat\/es\/wp-json\/wp\/v2\/media\/5675"}],"wp:attachment":[{"href":"https:\/\/solidanca.cat\/es\/wp-json\/wp\/v2\/media?parent=8170"}],"wp:term":[{"taxonomy":"category","embeddable":true,"href":"https:\/\/solidanca.cat\/es\/wp-json\/wp\/v2\/categories?post=8170"},{"taxonomy":"post_tag","embeddable":true,"href":"https:\/\/solidanca.cat\/es\/wp-json\/wp\/v2\/tags?post=8170"}],"curies":[{"name":"wp","href":"https:\/\/api.w.org\/{rel}","templated":true}]}}