{"id":8172,"date":"2021-12-11T16:12:07","date_gmt":"2021-12-11T15:12:07","guid":{"rendered":"https:\/\/solidanca.con2webs.es\/finalizamos-proyecto-treballat-sant-vicenc-dels-horts-resultados-exitosos\/"},"modified":"2021-12-11T16:26:51","modified_gmt":"2021-12-11T15:26:51","slug":"finalizamos-proyecto-treballat-sant-vicenc-dels-horts-resultados-exitosos","status":"publish","type":"post","link":"https:\/\/solidanca.cat\/es\/finalizamos-proyecto-treballat-sant-vicenc-dels-horts-resultados-exitosos\/","title":{"rendered":"Finalizamos el proyecto de Treballa\u2019t de Sant Vicen\u00e7 dels Horts con resultados exitosos"},"content":{"rendered":"<p>El proyecto Treballa&#8217;t de formaci\u00f3n y acompa\u00f1amiento en la inserci\u00f3n se cre\u00f3 con el objetivo de mejorar la empleabilidad de las personas paradas de larga duraci\u00f3n y otros colectivos afectados por la COVID-19 en el municipio de Sant Vicen\u00e7 dels Horts. El programa se dise\u00f1\u00f3 para fomentar que las personas que se encontraban en situaci\u00f3n de paro aumentaran sus posibilidades de empleabilidad con la adquisici\u00f3n de competencias t\u00e9cnicas y transversales, as\u00ed como de conocimientos en TIC y en investigaci\u00f3n de trabajo, a trav\u00e9s de itinerarios personalizados de inserci\u00f3n.<\/p>\n<p>Desde\u00a0Solidan\u00e7a\u00a0iniciamos la ejecuci\u00f3n de este proyecto el octubre de 2020, hace un a\u00f1o, con un gran equipo de profesionales y t\u00e9cnicas que despu\u00e9s de muchos meses de trabajo y esfuerzo, han conseguido resultados muy exitosos formando, acompa\u00f1ando y promoviendo la inserci\u00f3n de las personas paradas y en situaci\u00f3n de vulnerabilidad social del municipio.<\/p>\n<p>El pasado 10 de diciembre, al finalizar las \u00faltimas formaciones, se hizo la entrega de diplomas en un acto en Sant Vicen\u00e7 dels Horts, donde se destac\u00f3 la participaci\u00f3n y motivaci\u00f3n de los participantes y los buenos resultados obtenidos.<\/p>\n<p>Es as\u00ed como destacamos los siguientes resultados:<\/p>\n<p>\u2013 <strong>249 personas<\/strong> atendidas<\/p>\n<p>\u2013 <strong>188 personas<\/strong> realizan un itinerario de inserci\u00f3n personalizado<\/p>\n<p>\u2013<strong> 90 personas<\/strong> inseridas en el mercado laboral.<\/p>\n<p>\u2013 <strong>150 empresas colaboradoras<\/strong> (compartiendo ofertas laborales, contratando a usuarios\/se y acogiendo alumnas en pr\u00e1cticas).<\/p>\n<p>\u2013 <strong>116 personas formadas.<\/strong> Este a\u00f1o se han realizado un total de 12 formaciones: 4 formaciones en competencias b\u00e1sicas TIC; 4 cursos de formaci\u00f3n laboral, con un total de\u00a0200h\u00a0entre formaci\u00f3n\u00a0professionalizadora, competencias transversales y pr\u00e1cticas; y 4 formaciones en competencias y t\u00e9cnicas de investigaci\u00f3n de trabajo.<\/p>\n<p><strong>34 de las personas formadas <\/strong>han sido insertadas al mercado laboral.<br \/>\n<strong>22 de las empresas<\/strong> colaboradoras han acogido a alumnos en pr\u00e1cticas.<br \/>\nEs as\u00ed como el conjunto de este resultados superan las expectativas de los objetivos marcados de inserci\u00f3n sociolaboral y han convertido la primera edici\u00f3n del proyecto Treballa&#8217;t con\u00a0Solidan\u00e7a\u00a0en resultados exitosos.<\/p>\n<p>La iniciativa de\u00a0Solidan\u00e7a\u00a0y del Ayuntamiento de Sant Vicen\u00e7 dels Horts es el primer proyecto reconocido por el Banco de Buenas Pr\u00e1cticas, dentro del marco del Programa de apoyo a las pol\u00edticas sociales municipales.<\/p>\n<p>Este programa est\u00e1 impulsado en el marco del Proyecto Singulares, de Orientaci\u00f3n y Formaci\u00f3n del departamento de promoci\u00f3n econ\u00f3mica del Ayuntamiento de Sant Vicen\u00e7 dels Horts, y lo realizamos en colaboraci\u00f3n con la Fundaci\u00f3n Maria Auxiliadora.<\/p>\n<p><strong>Seguimos apostando por la inserci\u00f3n sociolaboral y por las formaciones\u00a0professionalizadores\u00a0como herramienta de creaci\u00f3n de oportunidades laborales.<\/strong><\/p>\n<p><a href=\"https:\/\/solidanca.cat\/wp-content\/uploads\/2021\/12\/6.jpg\"><img loading=\"lazy\" decoding=\"async\" class=\"alignnone size-medium wp-image-10332\" src=\"https:\/\/solidanca.cat\/wp-content\/uploads\/2021\/12\/6-300x168.jpg\" alt=\"\" width=\"300\" height=\"168\" \/><\/a><a href=\"https:\/\/solidanca.cat\/wp-content\/uploads\/2021\/12\/2.jpg\"><img loading=\"lazy\" decoding=\"async\" class=\"alignnone size-medium wp-image-10328\" src=\"https:\/\/solidanca.cat\/wp-content\/uploads\/2021\/12\/2-300x168.jpg\" alt=\"\" width=\"300\" height=\"168\" \/><\/a><\/p>\n","protected":false},"excerpt":{"rendered":"<p>El proyecto Treballa&#8217;t de formaci\u00f3n y acompa\u00f1amiento en la inserci\u00f3n se cre\u00f3 con el objetivo de mejorar la empleabilidad de las&#8230;<\/p>\n","protected":false},"author":2,"featured_media":5684,"comment_status":"open","ping_status":"closed","sticky":false,"template":"","format":"standard","meta":{"_uag_custom_page_level_css":"","_kad_blocks_custom_css":"","_kad_blocks_head_custom_js":"","_kad_blocks_body_custom_js":"","_kad_blocks_footer_custom_js":"","_kad_post_transparent":"","_kad_post_title":"","_kad_post_layout":"","_kad_post_sidebar_id":"","_kad_post_content_style":"","_kad_post_vertical_padding":"","_kad_post_feature":"","_kad_post_feature_position":"","_kad_post_header":false,"_kad_post_footer":false,"_kad_post_classname":"","footnotes":""},"categories":[758,8],"tags":[],"class_list":["post-8172","post","type-post","status-publish","format-standard","has-post-thumbnail","hentry","category-formacion","category-sin-categorizar"],"taxonomy_info":{"category":[{"value":758,"label":"Formaci\u00f3n"},{"value":8,"label":"Sin categorizar"}]},"featured_image_src_large":["https:\/\/solidanca.cat\/wp-content\/uploads\/2025\/04\/Logo-Diputacio-Barcelona_imagelarge-6.jpg",550,177,false],"author_info":{"display_name":"Solidan\u00e7a","author_link":"https:\/\/solidanca.cat\/es\/author\/alberg\/"},"comment_info":0,"category_info":[{"term_id":758,"name":"Formaci\u00f3n","slug":"formacion","term_group":0,"term_taxonomy_id":758,"taxonomy":"category","description":"","parent":0,"count":107,"filter":"raw","cat_ID":758,"category_count":107,"category_description":"","cat_name":"Formaci\u00f3n","category_nicename":"formacion","category_parent":0},{"term_id":8,"name":"Sin categorizar","slug":"sin-categorizar","term_group":0,"term_taxonomy_id":8,"taxonomy":"category","description":"","parent":0,"count":199,"filter":"raw","cat_ID":8,"category_count":199,"category_description":"","cat_name":"Sin categorizar","category_nicename":"sin-categorizar","category_parent":0}],"tag_info":false,"uagb_featured_image_src":{"full":["https:\/\/solidanca.cat\/wp-content\/uploads\/2025\/04\/Logo-Diputacio-Barcelona_imagelarge-6.jpg",550,177,false],"thumbnail":["https:\/\/solidanca.cat\/wp-content\/uploads\/2025\/04\/Logo-Diputacio-Barcelona_imagelarge-6-150x150.jpg",150,150,true],"medium":["https:\/\/solidanca.cat\/wp-content\/uploads\/2025\/04\/Logo-Diputacio-Barcelona_imagelarge-6-300x97.jpg",300,97,true],"medium_large":["https:\/\/solidanca.cat\/wp-content\/uploads\/2025\/04\/Logo-Diputacio-Barcelona_imagelarge-6.jpg",550,177,false],"large":["https:\/\/solidanca.cat\/wp-content\/uploads\/2025\/04\/Logo-Diputacio-Barcelona_imagelarge-6.jpg",550,177,false],"1536x1536":["https:\/\/solidanca.cat\/wp-content\/uploads\/2025\/04\/Logo-Diputacio-Barcelona_imagelarge-6.jpg",550,177,false],"2048x2048":["https:\/\/solidanca.cat\/wp-content\/uploads\/2025\/04\/Logo-Diputacio-Barcelona_imagelarge-6.jpg",550,177,false]},"uagb_author_info":{"display_name":"Solidan\u00e7a","author_link":"https:\/\/solidanca.cat\/es\/author\/alberg\/"},"uagb_comment_info":0,"uagb_excerpt":"El proyecto Treballa&#8217;t de formaci\u00f3n y acompa\u00f1amiento en la inserci\u00f3n se cre\u00f3 con el objetivo de mejorar la empleabilidad de las...","_links":{"self":[{"href":"https:\/\/solidanca.cat\/es\/wp-json\/wp\/v2\/posts\/8172","targetHints":{"allow":["GET"]}}],"collection":[{"href":"https:\/\/solidanca.cat\/es\/wp-json\/wp\/v2\/posts"}],"about":[{"href":"https:\/\/solidanca.cat\/es\/wp-json\/wp\/v2\/types\/post"}],"author":[{"embeddable":true,"href":"https:\/\/solidanca.cat\/es\/wp-json\/wp\/v2\/users\/2"}],"replies":[{"embeddable":true,"href":"https:\/\/solidanca.cat\/es\/wp-json\/wp\/v2\/comments?post=8172"}],"version-history":[{"count":0,"href":"https:\/\/solidanca.cat\/es\/wp-json\/wp\/v2\/posts\/8172\/revisions"}],"wp:featuredmedia":[{"embeddable":true,"href":"https:\/\/solidanca.cat\/es\/wp-json\/wp\/v2\/media\/5684"}],"wp:attachment":[{"href":"https:\/\/solidanca.cat\/es\/wp-json\/wp\/v2\/media?parent=8172"}],"wp:term":[{"taxonomy":"category","embeddable":true,"href":"https:\/\/solidanca.cat\/es\/wp-json\/wp\/v2\/categories?post=8172"},{"taxonomy":"post_tag","embeddable":true,"href":"https:\/\/solidanca.cat\/es\/wp-json\/wp\/v2\/tags?post=8172"}],"curies":[{"name":"wp","href":"https:\/\/api.w.org\/{rel}","templated":true}]}}