{"id":8175,"date":"2021-12-02T16:51:29","date_gmt":"2021-12-02T15:51:29","guid":{"rendered":"https:\/\/solidanca.con2webs.es\/iniciamos-una-nueva-modalidad-recogida-trastos-viejos-voluminosos-girones\/"},"modified":"2025-04-02T13:25:18","modified_gmt":"2025-04-02T11:25:18","slug":"iniciamos-una-nueva-modalidad-recogida-trastos-viejos-voluminosos-girones","status":"publish","type":"post","link":"https:\/\/solidanca.cat\/es\/iniciamos-una-nueva-modalidad-recogida-trastos-viejos-voluminosos-girones\/","title":{"rendered":"Iniciamos una nueva modalidad de recogida de trastos viejos y voluminosos en el Giron\u00e8s"},"content":{"rendered":"<p>Solidan\u00e7a\u00a0pone en marcha a partir del 1 de diciembre un nuevo modelo del servicio puerta a puerta de recogida de voluminosos en diecis\u00e9is municipios de la comarca del Giron\u00e8s.<\/p>\n<p>El nuevo modelo se caracteriza por la implantaci\u00f3n del puerta a puerta con solicitud previa con el objetivo de promover la reutilizaci\u00f3n de estos residuos y la creaci\u00f3n de puestos de trabajo para personas en situaci\u00f3n de vulnerabilidad social, mejorando la calidad del servicio y aumentando los porcentajes de reutilizaci\u00f3n de estos residuos.<\/p>\n<p>Esta actividad aporta un impacto social en el territorio con la creaci\u00f3n de 3 nuevos puestos de trabajo para personas en situaci\u00f3n de vulnerabilidad social, adem\u00e1s del impacto ambiental de objetivos de reutilizaci\u00f3n y reciclaje del 5% y 20% del total recogido respectivamente. Todo un nuevo reto que aporta un valor circular que\u00a0contribuye a mejorar la calidad ambiental en la comarca, adem\u00e1s de ser un proyecto que fomenta la inserci\u00f3n laboral de personas en riesgo de exclusi\u00f3n.<\/p>\n<p>La circularidad de esta actividad de reutilizaci\u00f3n y reciclaje\u00a0des\u00a0muebles y\u00a0trastos\u00a0viejos, pasar\u00e1 por un\u00a0proc\u00e8s\u00a0de trazabilidad donde se clasificar\u00e1n los voluminosos en buen estado y se reparar\u00e1n y\u00a0reacondicionaran\u00a0otros para ponerlos finalmente a la venta en nuestra tienda El Encanto de SALT, dando una segunda vida a estos objetos y generando una econom\u00eda circular y social.<\/p>\n<p>C\u00f3mo funciona el servicio?<\/p>\n<p>Hay que hacer solicitud previa a trav\u00e9s de los diferentes canales facilitados: el tel\u00e9fono del Ayuntamiento del municipio correspondiente, la APP ciudadana \u201cEl Giron\u00e8s Recicla\u201d y el web elgironesrecicla.cat<\/p>\n<p>Qu\u00e9 se puede dejar?<\/p>\n<p><strong>Electrodom\u00e9sticos grandes:<\/strong> lavadoras, cocinas, televisores, frigor\u00edficos y otros electrodom\u00e9sticos.<br \/>\n<strong>Equipos de electr\u00f3nica y ofim\u00e1tica:<\/strong> ordenadores, monitores, impresoras, etc.<br \/>\n<strong>Muebles y trastos:<\/strong> armarios, mesas, somieres, sillas, sof\u00e1s, colchones, estufas, etc.<br \/>\n<strong>Otras elementos:<\/strong> bicicletas, bastimentos, picas, ba\u00f1eras, radiadores, calderas, ventanas, puertas, macetas, tubos de riego, etc.<br \/>\nTambi\u00e9n si tienes ropa en desuso, m\u00ednimo 3 bolsas<br \/>\n<em>No\u00a0ser\u00e1 objeto de recogida del servicio: El escombro, los neum\u00e1ticos y residuos especiales como las bater\u00edas y otras que por sus caracter\u00edsticas puedan resultar peligrosos (materiales inflamables, explosivos, etc) restos de\u00a0uralita, fibrocemento y amianto.<\/em><\/p>\n<p>&nbsp;<\/p>\n<p><a href=\"https:\/\/solidanca.cat\/wp-content\/uploads\/2021\/12\/Diapositiva1.png\"><img loading=\"lazy\" decoding=\"async\" class=\"alignnone size-medium wp-image-10359\" src=\"https:\/\/solidanca.cat\/wp-content\/uploads\/2021\/12\/Diapositiva1-212x300.png\" alt=\"\" width=\"212\" height=\"300\" \/><\/a><a href=\"https:\/\/solidanca.cat\/wp-content\/uploads\/2021\/12\/Diapositiva2.png\"><img loading=\"lazy\" decoding=\"async\" class=\"alignnone size-medium wp-image-10360\" src=\"https:\/\/solidanca.cat\/wp-content\/uploads\/2021\/12\/Diapositiva2-212x300.png\" alt=\"\" width=\"212\" height=\"300\" \/><\/a><\/p>\n<p>Los 16 municipios que realizar\u00e1n este servicio son: Aiguaviva, Bescan\u00f3 n\u00facleo, Bescan\u00f3 urbanizaciones, Bordils, Canet d&#8217;Adri, Campllong, Cervi\u00e0 de Ter, Fla\u00e7\u00e0, Fornells de la Selva, Jui\u00e0, Llambilles, Quart, Sant Andreu Salou, Sant Joan de Mollet, Sant Juli\u00e0 de Ramis, Viladasens.<\/p>\n<p>Solidan\u00e7a realiza el servicio de recogida de voluminosos a domicilio como adjudicataria del servicio para el Consejo Comarcal del Giron\u00e8s desde el 1 de septiembre de 2021.<\/p>\n<p><strong>Seguimos promoviendo una econom\u00eda social y circular en el territorio.<\/strong><\/p>\n","protected":false},"excerpt":{"rendered":"<p>Solidan\u00e7a\u00a0pone en marcha a partir del 1 de diciembre un nuevo modelo del servicio puerta a puerta de recogida de voluminosos&#8230;<\/p>\n","protected":false},"author":2,"featured_media":5719,"comment_status":"open","ping_status":"closed","sticky":false,"template":"","format":"standard","meta":{"_uag_custom_page_level_css":"","_kad_blocks_custom_css":"","_kad_blocks_head_custom_js":"","_kad_blocks_body_custom_js":"","_kad_blocks_footer_custom_js":"","_kad_post_transparent":"","_kad_post_title":"","_kad_post_layout":"","_kad_post_sidebar_id":"","_kad_post_content_style":"","_kad_post_vertical_padding":"","_kad_post_feature":"","_kad_post_feature_position":"","_kad_post_header":false,"_kad_post_footer":false,"_kad_post_classname":"","footnotes":""},"categories":[761,8],"tags":[],"class_list":["post-8175","post","type-post","status-publish","format-standard","has-post-thumbnail","hentry","category-medio-ambiente","category-sin-categorizar"],"taxonomy_info":{"category":[{"value":761,"label":"MEDIO AMBIENTE"},{"value":8,"label":"Sin categorizar"}]},"featured_image_src_large":["https:\/\/solidanca.cat\/wp-content\/uploads\/2025\/04\/FOTO-WEB-BONA-2022-06-02T134231.291-3.png",400,200,false],"author_info":{"display_name":"Solidan\u00e7a","author_link":"https:\/\/solidanca.cat\/es\/author\/alberg\/"},"comment_info":0,"category_info":[{"term_id":761,"name":"MEDIO AMBIENTE","slug":"medio-ambiente","term_group":0,"term_taxonomy_id":761,"taxonomy":"category","description":"","parent":0,"count":263,"filter":"raw","cat_ID":761,"category_count":263,"category_description":"","cat_name":"MEDIO AMBIENTE","category_nicename":"medio-ambiente","category_parent":0},{"term_id":8,"name":"Sin categorizar","slug":"sin-categorizar","term_group":0,"term_taxonomy_id":8,"taxonomy":"category","description":"","parent":0,"count":199,"filter":"raw","cat_ID":8,"category_count":199,"category_description":"","cat_name":"Sin categorizar","category_nicename":"sin-categorizar","category_parent":0}],"tag_info":false,"uagb_featured_image_src":{"full":["https:\/\/solidanca.cat\/wp-content\/uploads\/2025\/04\/FOTO-WEB-BONA-2022-06-02T134231.291-3.png",400,200,false],"thumbnail":["https:\/\/solidanca.cat\/wp-content\/uploads\/2025\/04\/FOTO-WEB-BONA-2022-06-02T134231.291-3-150x150.png",150,150,true],"medium":["https:\/\/solidanca.cat\/wp-content\/uploads\/2025\/04\/FOTO-WEB-BONA-2022-06-02T134231.291-3-300x150.png",300,150,true],"medium_large":["https:\/\/solidanca.cat\/wp-content\/uploads\/2025\/04\/FOTO-WEB-BONA-2022-06-02T134231.291-3.png",400,200,false],"large":["https:\/\/solidanca.cat\/wp-content\/uploads\/2025\/04\/FOTO-WEB-BONA-2022-06-02T134231.291-3.png",400,200,false],"1536x1536":["https:\/\/solidanca.cat\/wp-content\/uploads\/2025\/04\/FOTO-WEB-BONA-2022-06-02T134231.291-3.png",400,200,false],"2048x2048":["https:\/\/solidanca.cat\/wp-content\/uploads\/2025\/04\/FOTO-WEB-BONA-2022-06-02T134231.291-3.png",400,200,false]},"uagb_author_info":{"display_name":"Solidan\u00e7a","author_link":"https:\/\/solidanca.cat\/es\/author\/alberg\/"},"uagb_comment_info":0,"uagb_excerpt":"Solidan\u00e7a\u00a0pone en marcha a partir del 1 de diciembre un nuevo modelo del servicio puerta a puerta de recogida de voluminosos...","_links":{"self":[{"href":"https:\/\/solidanca.cat\/es\/wp-json\/wp\/v2\/posts\/8175","targetHints":{"allow":["GET"]}}],"collection":[{"href":"https:\/\/solidanca.cat\/es\/wp-json\/wp\/v2\/posts"}],"about":[{"href":"https:\/\/solidanca.cat\/es\/wp-json\/wp\/v2\/types\/post"}],"author":[{"embeddable":true,"href":"https:\/\/solidanca.cat\/es\/wp-json\/wp\/v2\/users\/2"}],"replies":[{"embeddable":true,"href":"https:\/\/solidanca.cat\/es\/wp-json\/wp\/v2\/comments?post=8175"}],"version-history":[{"count":1,"href":"https:\/\/solidanca.cat\/es\/wp-json\/wp\/v2\/posts\/8175\/revisions"}],"predecessor-version":[{"id":8623,"href":"https:\/\/solidanca.cat\/es\/wp-json\/wp\/v2\/posts\/8175\/revisions\/8623"}],"wp:featuredmedia":[{"embeddable":true,"href":"https:\/\/solidanca.cat\/es\/wp-json\/wp\/v2\/media\/5719"}],"wp:attachment":[{"href":"https:\/\/solidanca.cat\/es\/wp-json\/wp\/v2\/media?parent=8175"}],"wp:term":[{"taxonomy":"category","embeddable":true,"href":"https:\/\/solidanca.cat\/es\/wp-json\/wp\/v2\/categories?post=8175"},{"taxonomy":"post_tag","embeddable":true,"href":"https:\/\/solidanca.cat\/es\/wp-json\/wp\/v2\/tags?post=8175"}],"curies":[{"name":"wp","href":"https:\/\/api.w.org\/{rel}","templated":true}]}}