{"id":8185,"date":"2022-01-20T15:58:21","date_gmt":"2022-01-20T14:58:21","guid":{"rendered":"https:\/\/solidanca.con2webs.es\/renovamos-el-convenio-del-programa-incorpora-y-del-punto-formativo-incorpora-de-la-caixa\/"},"modified":"2022-01-20T16:21:00","modified_gmt":"2022-01-20T15:21:00","slug":"renovamos-el-convenio-del-programa-incorpora-y-del-punto-formativo-incorpora-de-la-caixa","status":"publish","type":"post","link":"https:\/\/solidanca.cat\/es\/renovamos-el-convenio-del-programa-incorpora-y-del-punto-formativo-incorpora-de-la-caixa\/","title":{"rendered":"Renovamos el convenio del Programa INCORPORA y del PUNTO FORMATIVO INCORPORA de la Fundaci\u00f3n \u00abLa Caixa\u00bb"},"content":{"rendered":"<p>Un a\u00f1o m\u00e1s, renovamos el convenio del programa INCORPORA de la\u00a0Fundaci\u00f3n \u00abLa Caixa\u00bb, conjuntamente con el convenio del Punto Formativo Incorpora.<\/p>\n<p><strong>INCORPORA de \u201cLa Caixa\u201d<\/strong> es un programa de intermediaci\u00f3n laboral que combina \u00f3ptimamente las necesidades del tejido social y empresarial, para asegurar el \u00e9xito en la integraci\u00f3n laboral. Y Solidan\u00e7a forma parte desde sus inicios hace m\u00e1s de 10 a\u00f1os.<\/p>\n<p>Con este objetivo, <strong>Solidan\u00e7a ofrece un servicio integral gratuito<\/strong> con t\u00e9cnicos de inserci\u00f3n laboral que p<strong>roporcionan todo el apoyo en las diferentes fases del proceso de b\u00fasqueda de empleo del usuario:<\/strong> desde la selecci\u00f3n hasta la completa integraci\u00f3n en el puesto de trabajo , <strong>as\u00ed como el asesoramiento necesario para la empresa<\/strong>. Adem\u00e1s, para la empresa, disponer de un programa de responsabilidad social contribuye a mejorar nuestra sociedad y repercute positivamente en la imagen de la propia empresa, tanto entre sus accionistas como entre los trabajadores y clientes.<\/p>\n<p>Asimismo la participaci\u00f3n en la <strong>red de Puntos Formativos Incorpora<\/strong> nos permite mejorar la empleabilidad de las personas que se encuentran en riesgo o situaci\u00f3n de exclusi\u00f3n social a trav\u00e9s de la formaci\u00f3n t\u00e9cnica y sobre todo de la formaci\u00f3n en competencias transversales, de modo que puedan tener mayor posibilidad de incorporarse al mercado laboral.<\/p>\n<p>Este a\u00f1o la presentaci\u00f3n anual del programa se ha realizado en formato virtual con la oportunidad de realizar recuento y marcar objetivos con el global de entidades participantes en Catalu\u00f1a.<\/p>\n<p>&nbsp;<\/p>\n<p>Seguimos trabajando en la intermediaci\u00f3n laboral como puente por la inserci\u00f3n sociolaboral de las personas en situaci\u00f3n de paro laboral.<\/p>\n<p>&nbsp;<\/p>\n","protected":false},"excerpt":{"rendered":"<p>Un a\u00f1o m\u00e1s, renovamos el convenio del programa INCORPORA de la\u00a0Fundaci\u00f3n \u00abLa Caixa\u00bb, conjuntamente con el convenio del Punto Formativo Incorpora&#8230;.<\/p>\n","protected":false},"author":3,"featured_media":5762,"comment_status":"open","ping_status":"closed","sticky":false,"template":"","format":"standard","meta":{"_uag_custom_page_level_css":"","_kad_blocks_custom_css":"","_kad_blocks_head_custom_js":"","_kad_blocks_body_custom_js":"","_kad_blocks_footer_custom_js":"","_kad_post_transparent":"","_kad_post_title":"","_kad_post_layout":"","_kad_post_sidebar_id":"","_kad_post_content_style":"","_kad_post_vertical_padding":"","_kad_post_feature":"","_kad_post_feature_position":"","_kad_post_header":false,"_kad_post_footer":false,"_kad_post_classname":"","footnotes":""},"categories":[763,758,760],"tags":[],"class_list":["post-8185","post","type-post","status-publish","format-standard","has-post-thumbnail","hentry","category-area-social-es","category-formacion","category-incorpora-es"],"taxonomy_info":{"category":[{"value":763,"label":"Area Social"},{"value":758,"label":"Formaci\u00f3n"},{"value":760,"label":"Incorpora"}]},"featured_image_src_large":["https:\/\/solidanca.cat\/wp-content\/uploads\/2025\/04\/20220614_103903-3-1024x461.jpg",1024,461,true],"author_info":{"display_name":"Comunicaci\u00f3","author_link":"https:\/\/solidanca.cat\/es\/author\/comunicacio\/"},"comment_info":0,"category_info":[{"term_id":763,"name":"Area Social","slug":"area-social-es","term_group":0,"term_taxonomy_id":763,"taxonomy":"category","description":"","parent":0,"count":205,"filter":"raw","cat_ID":763,"category_count":205,"category_description":"","cat_name":"Area Social","category_nicename":"area-social-es","category_parent":0},{"term_id":758,"name":"Formaci\u00f3n","slug":"formacion","term_group":0,"term_taxonomy_id":758,"taxonomy":"category","description":"","parent":0,"count":107,"filter":"raw","cat_ID":758,"category_count":107,"category_description":"","cat_name":"Formaci\u00f3n","category_nicename":"formacion","category_parent":0},{"term_id":760,"name":"Incorpora","slug":"incorpora-es","term_group":0,"term_taxonomy_id":760,"taxonomy":"category","description":"","parent":0,"count":23,"filter":"raw","cat_ID":760,"category_count":23,"category_description":"","cat_name":"Incorpora","category_nicename":"incorpora-es","category_parent":0}],"tag_info":false,"uagb_featured_image_src":{"full":["https:\/\/solidanca.cat\/wp-content\/uploads\/2025\/04\/20220614_103903-3-scaled.jpg",2560,1152,false],"thumbnail":["https:\/\/solidanca.cat\/wp-content\/uploads\/2025\/04\/20220614_103903-3-150x150.jpg",150,150,true],"medium":["https:\/\/solidanca.cat\/wp-content\/uploads\/2025\/04\/20220614_103903-3-300x135.jpg",300,135,true],"medium_large":["https:\/\/solidanca.cat\/wp-content\/uploads\/2025\/04\/20220614_103903-3-768x346.jpg",768,346,true],"large":["https:\/\/solidanca.cat\/wp-content\/uploads\/2025\/04\/20220614_103903-3-1024x461.jpg",1024,461,true],"1536x1536":["https:\/\/solidanca.cat\/wp-content\/uploads\/2025\/04\/20220614_103903-3-1536x691.jpg",1536,691,true],"2048x2048":["https:\/\/solidanca.cat\/wp-content\/uploads\/2025\/04\/20220614_103903-3-2048x922.jpg",2048,922,true]},"uagb_author_info":{"display_name":"Comunicaci\u00f3","author_link":"https:\/\/solidanca.cat\/es\/author\/comunicacio\/"},"uagb_comment_info":0,"uagb_excerpt":"Un a\u00f1o m\u00e1s, renovamos el convenio del programa INCORPORA de la\u00a0Fundaci\u00f3n \u00abLa Caixa\u00bb, conjuntamente con el convenio del Punto Formativo Incorpora....","_links":{"self":[{"href":"https:\/\/solidanca.cat\/es\/wp-json\/wp\/v2\/posts\/8185","targetHints":{"allow":["GET"]}}],"collection":[{"href":"https:\/\/solidanca.cat\/es\/wp-json\/wp\/v2\/posts"}],"about":[{"href":"https:\/\/solidanca.cat\/es\/wp-json\/wp\/v2\/types\/post"}],"author":[{"embeddable":true,"href":"https:\/\/solidanca.cat\/es\/wp-json\/wp\/v2\/users\/3"}],"replies":[{"embeddable":true,"href":"https:\/\/solidanca.cat\/es\/wp-json\/wp\/v2\/comments?post=8185"}],"version-history":[{"count":0,"href":"https:\/\/solidanca.cat\/es\/wp-json\/wp\/v2\/posts\/8185\/revisions"}],"wp:featuredmedia":[{"embeddable":true,"href":"https:\/\/solidanca.cat\/es\/wp-json\/wp\/v2\/media\/5762"}],"wp:attachment":[{"href":"https:\/\/solidanca.cat\/es\/wp-json\/wp\/v2\/media?parent=8185"}],"wp:term":[{"taxonomy":"category","embeddable":true,"href":"https:\/\/solidanca.cat\/es\/wp-json\/wp\/v2\/categories?post=8185"},{"taxonomy":"post_tag","embeddable":true,"href":"https:\/\/solidanca.cat\/es\/wp-json\/wp\/v2\/tags?post=8185"}],"curies":[{"name":"wp","href":"https:\/\/api.w.org\/{rel}","templated":true}]}}