{"id":8187,"date":"2022-01-31T08:59:05","date_gmt":"2022-01-31T07:59:05","guid":{"rendered":"https:\/\/solidanca.con2webs.es\/nueva-formacion-en-administracion-en-gestion-de-residuos-sistema-sdr\/"},"modified":"2025-04-02T13:25:20","modified_gmt":"2025-04-02T11:25:20","slug":"nueva-formacion-en-administracion-en-gestion-de-residuos-sistema-sdr","status":"publish","type":"post","link":"https:\/\/solidanca.cat\/es\/nueva-formacion-en-administracion-en-gestion-de-residuos-sistema-sdr\/","title":{"rendered":"Nueva formaci\u00f3n en administraci\u00f3n en gesti\u00f3n de residuos. Sistema SDR."},"content":{"rendered":"<p>Iniciamos una nueva edici\u00f3n de las formaciones del Punt Formatiu Incorpora, este a\u00f1o apostando por una nueva modalidad y enfoc\u00e1ndolo a la administraci\u00f3n en gesti\u00f3n de residuos, concretamente en el Sistema Documental de Residuos (SDR).<\/p>\n<p>Este curso est\u00e1 dise\u00f1ado para formar a los participantes en el conocimiento aplicativo administrativo (SDR) que utilizan las empresas de gesti\u00f3n de residuos (productores, transportistas y gestores de residuos). Esta herramienta permite registrar la documentaci\u00f3n que requiere la Agencia de Residuos de Catalu\u00f1a desde 2018<\/p>\n<p>La formaci\u00f3n est\u00e1 dirigida a personas con un conocimiento b\u00e1sico de ofim\u00e1tica (word y excel), con el objetivo de crear nuevas oportunidades laborales de las personas participantes.<\/p>\n<p>Las formaciones en el Solidan\u00e7a son gratuitas y 100% subvencionadas, aportando una parte muy importante de la formaci\u00f3n en el trabajo de las competencias transversales, trabajo de las competencias TIC, preparaci\u00f3n para la b\u00fasqueda de empleo y la oportunidad de poder realizar pr\u00e1cticas en empresas , lo que les permite completar el curr\u00edculo y estar preparadas y preparados para insertarse en el mundo laboral.<\/p>\n<p>FORMACI\u00d3N EN ADMINISTRACI\u00d3N EN GESTI\u00d3N DE RESIDUOS<\/p>\n<p>Inicio el 28 de febrero y finalizaci\u00f3n el 20 de mayo.<\/p>\n<p>Un total de 255h de formaci\u00f3n profesionalizadora repartidas en:<\/p>\n<ul>\n<li>30h de formaci\u00f3n t\u00e9cnica en gesti\u00f3n de residuos y tem\u00e1tica ambiental<a href=\"https:\/\/solidanca.cat\/wp-content\/uploads\/2022\/02\/Formaci\u00f3-100-subvencionada-Treballant-en-digital.png\" target=\"_blank\" rel=\"noopener noreferrer\"><img loading=\"lazy\" decoding=\"async\" class=\"alignright wp-image-10710\" src=\"https:\/\/solidanca.cat\/wp-content\/uploads\/2022\/02\/Formaci\u00f3-100-subvencionada-Treballant-en-digital-212x300.png\" alt=\"\" width=\"247\" height=\"350\" \/><\/a><\/li>\n<li>45h de formaci\u00f3n en el Sistema Documental de Residuos-SDR<\/li>\n<li>80h de trabajo en competencias transversal<\/li>\n<li>20h de trabajo en competencias TICs- Digitales<br \/>\nSeguimiento a trav\u00e9s de tutor\u00edas y atenci\u00f3n personalizada<br \/>\n+ 80h de pr\u00e1cticas en empresas del sector.<\/li>\n<\/ul>\n<p>Dirigida a personas en paro.<\/p>\n<p>Requisitos:<\/p>\n<ul>\n<li>Dominio del castellano y catal\u00e1n<\/li>\n<li>DNI\/NIE<\/li>\n<li>Inter\u00e9s en el sector<\/li>\n<li>Conocimientos de inform\u00e1tica, ofim\u00e1tica<\/li>\n<li>Conocimientos de las tareas b\u00e1sicas de administraci\u00f3n<\/li>\n<\/ul>\n<p>Estas formaciones est\u00e1n dirigidas a personas en paro y est\u00e1n 100% subvencionadas.<\/p>\n<p>Con el apoyo de la Fundaci\u00f3n \u00abLa Caixa\u00bb y en el marco del Punto Formativo del Programa Incorpora.<\/p>\n<h4>\u00a0Te invitamos a hacer difusi\u00f3n y, para m\u00e1s informaci\u00f3n, siempre puedes contactar con nosotros al: 655 189 119 (Josep)\/ 93 685 44 34 o escribirnos un e-mail a formacio@test.solidanca.cat<\/h4>\n<p>INSCRIPCIONES ABIERTAS HASTA EL 21 DE FEBRERO DE 2022.<\/p>\n<p>&nbsp;<\/p>\n","protected":false},"excerpt":{"rendered":"<p>Iniciamos una nueva edici\u00f3n de las formaciones del Punt Formatiu Incorpora, este a\u00f1o apostando por una nueva modalidad y enfoc\u00e1ndolo a&#8230;<\/p>\n","protected":false},"author":3,"featured_media":5775,"comment_status":"open","ping_status":"closed","sticky":false,"template":"","format":"standard","meta":{"_uag_custom_page_level_css":"","_kad_blocks_custom_css":"","_kad_blocks_head_custom_js":"","_kad_blocks_body_custom_js":"","_kad_blocks_footer_custom_js":"","_kad_post_transparent":"","_kad_post_title":"","_kad_post_layout":"","_kad_post_sidebar_id":"","_kad_post_content_style":"","_kad_post_vertical_padding":"","_kad_post_feature":"","_kad_post_feature_position":"","_kad_post_header":false,"_kad_post_footer":false,"_kad_post_classname":"","footnotes":""},"categories":[755,763,758],"tags":[],"class_list":["post-8187","post","type-post","status-publish","format-standard","has-post-thumbnail","hentry","category-agenda-es","category-area-social-es","category-formacion"],"taxonomy_info":{"category":[{"value":755,"label":"AGENDA"},{"value":763,"label":"Area Social"},{"value":758,"label":"Formaci\u00f3n"}]},"featured_image_src_large":["https:\/\/solidanca.cat\/wp-content\/uploads\/2025\/04\/WhatsApp-Image-2022-06-17-at-13.15.06-5-1024x462.jpeg",1024,462,true],"author_info":{"display_name":"Comunicaci\u00f3","author_link":"https:\/\/solidanca.cat\/es\/author\/comunicacio\/"},"comment_info":0,"category_info":[{"term_id":755,"name":"AGENDA","slug":"agenda-es","term_group":0,"term_taxonomy_id":755,"taxonomy":"category","description":"","parent":0,"count":22,"filter":"raw","cat_ID":755,"category_count":22,"category_description":"","cat_name":"AGENDA","category_nicename":"agenda-es","category_parent":0},{"term_id":763,"name":"Area Social","slug":"area-social-es","term_group":0,"term_taxonomy_id":763,"taxonomy":"category","description":"","parent":0,"count":205,"filter":"raw","cat_ID":763,"category_count":205,"category_description":"","cat_name":"Area Social","category_nicename":"area-social-es","category_parent":0},{"term_id":758,"name":"Formaci\u00f3n","slug":"formacion","term_group":0,"term_taxonomy_id":758,"taxonomy":"category","description":"","parent":0,"count":107,"filter":"raw","cat_ID":758,"category_count":107,"category_description":"","cat_name":"Formaci\u00f3n","category_nicename":"formacion","category_parent":0}],"tag_info":false,"uagb_featured_image_src":{"full":["https:\/\/solidanca.cat\/wp-content\/uploads\/2025\/04\/WhatsApp-Image-2022-06-17-at-13.15.06-5.jpeg",2048,923,false],"thumbnail":["https:\/\/solidanca.cat\/wp-content\/uploads\/2025\/04\/WhatsApp-Image-2022-06-17-at-13.15.06-5-150x150.jpeg",150,150,true],"medium":["https:\/\/solidanca.cat\/wp-content\/uploads\/2025\/04\/WhatsApp-Image-2022-06-17-at-13.15.06-5-300x135.jpeg",300,135,true],"medium_large":["https:\/\/solidanca.cat\/wp-content\/uploads\/2025\/04\/WhatsApp-Image-2022-06-17-at-13.15.06-5-768x346.jpeg",768,346,true],"large":["https:\/\/solidanca.cat\/wp-content\/uploads\/2025\/04\/WhatsApp-Image-2022-06-17-at-13.15.06-5-1024x462.jpeg",1024,462,true],"1536x1536":["https:\/\/solidanca.cat\/wp-content\/uploads\/2025\/04\/WhatsApp-Image-2022-06-17-at-13.15.06-5-1536x692.jpeg",1536,692,true],"2048x2048":["https:\/\/solidanca.cat\/wp-content\/uploads\/2025\/04\/WhatsApp-Image-2022-06-17-at-13.15.06-5.jpeg",2048,923,false]},"uagb_author_info":{"display_name":"Comunicaci\u00f3","author_link":"https:\/\/solidanca.cat\/es\/author\/comunicacio\/"},"uagb_comment_info":0,"uagb_excerpt":"Iniciamos una nueva edici\u00f3n de las formaciones del Punt Formatiu Incorpora, este a\u00f1o apostando por una nueva modalidad y enfoc\u00e1ndolo a...","_links":{"self":[{"href":"https:\/\/solidanca.cat\/es\/wp-json\/wp\/v2\/posts\/8187","targetHints":{"allow":["GET"]}}],"collection":[{"href":"https:\/\/solidanca.cat\/es\/wp-json\/wp\/v2\/posts"}],"about":[{"href":"https:\/\/solidanca.cat\/es\/wp-json\/wp\/v2\/types\/post"}],"author":[{"embeddable":true,"href":"https:\/\/solidanca.cat\/es\/wp-json\/wp\/v2\/users\/3"}],"replies":[{"embeddable":true,"href":"https:\/\/solidanca.cat\/es\/wp-json\/wp\/v2\/comments?post=8187"}],"version-history":[{"count":1,"href":"https:\/\/solidanca.cat\/es\/wp-json\/wp\/v2\/posts\/8187\/revisions"}],"predecessor-version":[{"id":8627,"href":"https:\/\/solidanca.cat\/es\/wp-json\/wp\/v2\/posts\/8187\/revisions\/8627"}],"wp:featuredmedia":[{"embeddable":true,"href":"https:\/\/solidanca.cat\/es\/wp-json\/wp\/v2\/media\/5775"}],"wp:attachment":[{"href":"https:\/\/solidanca.cat\/es\/wp-json\/wp\/v2\/media?parent=8187"}],"wp:term":[{"taxonomy":"category","embeddable":true,"href":"https:\/\/solidanca.cat\/es\/wp-json\/wp\/v2\/categories?post=8187"},{"taxonomy":"post_tag","embeddable":true,"href":"https:\/\/solidanca.cat\/es\/wp-json\/wp\/v2\/tags?post=8187"}],"curies":[{"name":"wp","href":"https:\/\/api.w.org\/{rel}","templated":true}]}}