{"id":8188,"date":"2022-02-02T13:55:33","date_gmt":"2022-02-02T12:55:33","guid":{"rendered":"https:\/\/solidanca.con2webs.es\/buscamos-voluntariasos-taller-raee-joven-inquietudes-conocimentos-tecnologia\/"},"modified":"2022-02-02T14:14:39","modified_gmt":"2022-02-02T13:14:39","slug":"buscamos-voluntariasos-taller-raee-joven-inquietudes-conocimentos-tecnologia","status":"publish","type":"post","link":"https:\/\/solidanca.cat\/es\/buscamos-voluntariasos-taller-raee-joven-inquietudes-conocimentos-tecnologia\/","title":{"rendered":"Buscamos voluntarias\/os en el taller de RAEE! \u00bfEres joven, con inquietudes y conocimentos en tecnolog\u00eda?"},"content":{"rendered":"<p>En la Fundaci\u00f3 Solidan\u00e7a buscamos personas voluntarias j\u00f3venes con inquietudes, conocimientos y\/o formaci\u00f3n por la tecnolog\u00eda.<\/p>\n<p>Solidan\u00e7a cuenta con una de las primeras plantas de Catalu\u00f1a autorizada para la gesti\u00f3n y Preparaci\u00f3n para la Reutilizaci\u00f3n de Residuos de Aparatos El\u00e9ctricos y Electr\u00f3nicos (PxR de RAEE), y desde la Fundaci\u00f3n le proponemos un circuito de voluntariado pr\u00e1ctico en un entorno profesional dentro del taller de preparaci\u00f3n para la reutilizaci\u00f3n.<\/p>\n<p>Principalmente trabajaremos con or<a href=\"https:\/\/solidanca.cat\/wp-content\/uploads\/2022\/02\/Voluntaris-3.png\"><img loading=\"lazy\" decoding=\"async\" class=\"size-medium wp-image-10685 alignright\" src=\"https:\/\/solidanca.cat\/wp-content\/uploads\/2022\/02\/Voluntaris-3-212x300.png\" alt=\"\" width=\"212\" height=\"300\" \/><\/a>denadores y m\u00f3viles, pero tambi\u00e9n tenemos espacio para experimentar con impresi\u00f3n 3D.<\/p>\n<p>El voluntariado tendr\u00e1 la <strong>duraci\u00f3n de un mes con horario de ma\u00f1anas de lunes a viernes<\/strong>. Puede ser uno, dos o tres d\u00edas a la semana en funci\u00f3n de tu disponibilidad.<\/p>\n<p>Apostamos por un voluntariado de apoyo com\u00fan y mutuo, potenciando el trabajo en red donde la persona que venga pueda crecer personal y profesionalmente, adquiriendo experiencia profesional, mejorando su curr\u00edculum y aprendiendo nuevas habilidades laborales.<\/p>\n<p>Para Solidan\u00e7a poder contar con una persona voluntaria, nos facilitar\u00e1 muchas tareas y permitir\u00e1 reforzar los v\u00ednculos con la comunidad ampliando la red de apoyo.<\/p>\n<p>Si est\u00e1s interesado o interesada puedes contactar con el correo \u00ab<a href=\"mailto:social@test.solidanca.cat\">social@test.solidanca.cat<\/a>\u00bb o mediante el tel\u00e9fono 93 685 44 34.<\/p>\n<p>\u00a1Te esperamos!<\/p>\n<p>&nbsp;<\/p>\n<p>&nbsp;<\/p>\n","protected":false},"excerpt":{"rendered":"<p>En la Fundaci\u00f3 Solidan\u00e7a buscamos personas voluntarias j\u00f3venes con inquietudes, conocimientos y\/o formaci\u00f3n por la tecnolog\u00eda. Solidan\u00e7a cuenta con una de&#8230;<\/p>\n","protected":false},"author":3,"featured_media":5787,"comment_status":"open","ping_status":"closed","sticky":false,"template":"","format":"standard","meta":{"_uag_custom_page_level_css":"","_kad_blocks_custom_css":"","_kad_blocks_head_custom_js":"","_kad_blocks_body_custom_js":"","_kad_blocks_footer_custom_js":"","_kad_post_transparent":"","_kad_post_title":"","_kad_post_layout":"","_kad_post_sidebar_id":"","_kad_post_content_style":"","_kad_post_vertical_padding":"","_kad_post_feature":"","_kad_post_feature_position":"","_kad_post_header":false,"_kad_post_footer":false,"_kad_post_classname":"","footnotes":""},"categories":[8],"tags":[],"class_list":["post-8188","post","type-post","status-publish","format-standard","has-post-thumbnail","hentry","category-sin-categorizar"],"taxonomy_info":{"category":[{"value":8,"label":"Sin categorizar"}]},"featured_image_src_large":["https:\/\/solidanca.cat\/wp-content\/uploads\/2025\/04\/WhatsApp-Image-2022-06-17-at-13.15.08-5-1024x461.jpeg",1024,461,true],"author_info":{"display_name":"Comunicaci\u00f3","author_link":"https:\/\/solidanca.cat\/es\/author\/comunicacio\/"},"comment_info":0,"category_info":[{"term_id":8,"name":"Sin categorizar","slug":"sin-categorizar","term_group":0,"term_taxonomy_id":8,"taxonomy":"category","description":"","parent":0,"count":199,"filter":"raw","cat_ID":8,"category_count":199,"category_description":"","cat_name":"Sin categorizar","category_nicename":"sin-categorizar","category_parent":0}],"tag_info":false,"uagb_featured_image_src":{"full":["https:\/\/solidanca.cat\/wp-content\/uploads\/2025\/04\/WhatsApp-Image-2022-06-17-at-13.15.08-5.jpeg",2000,900,false],"thumbnail":["https:\/\/solidanca.cat\/wp-content\/uploads\/2025\/04\/WhatsApp-Image-2022-06-17-at-13.15.08-5-150x150.jpeg",150,150,true],"medium":["https:\/\/solidanca.cat\/wp-content\/uploads\/2025\/04\/WhatsApp-Image-2022-06-17-at-13.15.08-5-300x135.jpeg",300,135,true],"medium_large":["https:\/\/solidanca.cat\/wp-content\/uploads\/2025\/04\/WhatsApp-Image-2022-06-17-at-13.15.08-5-768x346.jpeg",768,346,true],"large":["https:\/\/solidanca.cat\/wp-content\/uploads\/2025\/04\/WhatsApp-Image-2022-06-17-at-13.15.08-5-1024x461.jpeg",1024,461,true],"1536x1536":["https:\/\/solidanca.cat\/wp-content\/uploads\/2025\/04\/WhatsApp-Image-2022-06-17-at-13.15.08-5-1536x691.jpeg",1536,691,true],"2048x2048":["https:\/\/solidanca.cat\/wp-content\/uploads\/2025\/04\/WhatsApp-Image-2022-06-17-at-13.15.08-5.jpeg",2000,900,false]},"uagb_author_info":{"display_name":"Comunicaci\u00f3","author_link":"https:\/\/solidanca.cat\/es\/author\/comunicacio\/"},"uagb_comment_info":0,"uagb_excerpt":"En la Fundaci\u00f3 Solidan\u00e7a buscamos personas voluntarias j\u00f3venes con inquietudes, conocimientos y\/o formaci\u00f3n por la tecnolog\u00eda. Solidan\u00e7a cuenta con una de...","_links":{"self":[{"href":"https:\/\/solidanca.cat\/es\/wp-json\/wp\/v2\/posts\/8188","targetHints":{"allow":["GET"]}}],"collection":[{"href":"https:\/\/solidanca.cat\/es\/wp-json\/wp\/v2\/posts"}],"about":[{"href":"https:\/\/solidanca.cat\/es\/wp-json\/wp\/v2\/types\/post"}],"author":[{"embeddable":true,"href":"https:\/\/solidanca.cat\/es\/wp-json\/wp\/v2\/users\/3"}],"replies":[{"embeddable":true,"href":"https:\/\/solidanca.cat\/es\/wp-json\/wp\/v2\/comments?post=8188"}],"version-history":[{"count":0,"href":"https:\/\/solidanca.cat\/es\/wp-json\/wp\/v2\/posts\/8188\/revisions"}],"wp:featuredmedia":[{"embeddable":true,"href":"https:\/\/solidanca.cat\/es\/wp-json\/wp\/v2\/media\/5787"}],"wp:attachment":[{"href":"https:\/\/solidanca.cat\/es\/wp-json\/wp\/v2\/media?parent=8188"}],"wp:term":[{"taxonomy":"category","embeddable":true,"href":"https:\/\/solidanca.cat\/es\/wp-json\/wp\/v2\/categories?post=8188"},{"taxonomy":"post_tag","embeddable":true,"href":"https:\/\/solidanca.cat\/es\/wp-json\/wp\/v2\/tags?post=8188"}],"curies":[{"name":"wp","href":"https:\/\/api.w.org\/{rel}","templated":true}]}}