{"id":8206,"date":"2022-03-22T14:25:51","date_gmt":"2022-03-22T13:25:51","guid":{"rendered":"https:\/\/solidanca.con2webs.es\/nueva-formacion-en-auxiliar-de-almacen-online-para-personas-migradas\/"},"modified":"2022-03-22T14:32:56","modified_gmt":"2022-03-22T13:32:56","slug":"nueva-formacion-en-auxiliar-de-almacen-online-para-personas-migradas","status":"publish","type":"post","link":"https:\/\/solidanca.cat\/es\/nueva-formacion-en-auxiliar-de-almacen-online-para-personas-migradas\/","title":{"rendered":"Nueva formaci\u00f3n en auxiliar de almac\u00e9n en e-commerce para personas migradas"},"content":{"rendered":"<p>Iniciamos una nueva edici\u00f3n de la formaci\u00f3n en auxiliar de almac\u00e9n de e-comercio, este a\u00f1o dirigida a personas migradas en situaci\u00f3n de vulnerabilidad social para formarse en log\u00edstica, concretamente en preparaci\u00f3n de pedidos online, un sector que ha aumentado considerablemente en debido a la nueva situaci\u00f3n del mercado provocada por la pandemia de la Covid-19.<\/p>\n<p>Este curso est\u00e1 100% subvencionado, con<strong> inicio el 4 de abril de 2021.<\/strong> Se trabajar\u00e1n competencias transversales, capacitaci\u00f3n digital, log\u00edstica de almac\u00e9n e-comercio, e incluye m\u00f3dulos adicionales de la obtenci\u00f3n del carnet de\u00a0toro y pr\u00e1cticas en empresas del sector, dos grandes oportunidades que facilitan la inserci\u00f3n sociolaboral de las personas que reciben el curso.<\/p>\n<blockquote><p>Desde Solidan\u00e7a creemos que la formaci\u00f3n es una herramienta fundamental de transformaci\u00f3n y cambio que genera nuevas oportunidades para las personas. Por eso apostamos por formaciones innovadoras.<\/p><\/blockquote>\n<p>Las formaciones en el Solidan\u00e7a son gratuitas y 100% subvencionadas, aportando una parte muy importante de la formaci\u00f3n en el trabajo de las competencias transversales, trabajo de las competencias TIC, preparaci\u00f3n para la b\u00fasqueda de empleo y la oportunidad de poder realizar pr\u00e1cticas en empresas , lo que les permite completar el curr\u00edculo y estar preparadas y preparados para insertarse en el mundo laboral.<\/p>\n<p>&nbsp;<\/p>\n<p><strong>FORMACI\u00d3N EN AUXILIAR DE ALMAC\u00c9N EN E-COMERCIO<\/strong><\/p>\n<p>Inicio 4 de abril y finalizaci\u00f3n 15 de junio.<\/p>\n<p>Presencial de 9 a 14h en las instalaciones de Solidan\u00e7a de Sant Joan Desp\u00ed (Raval de las begudes, 25).<\/p>\n<p>Un total de 100h de formaci\u00f3n profesionalizadora con trabajo de competencias tran<a href=\"https:\/\/solidanca.cat\/wp-content\/uploads\/2022\/03\/2022.03.16-precomer\u00e7.png\"><img loading=\"lazy\" decoding=\"async\" class=\" wp-image-11474 alignright\" src=\"https:\/\/solidanca.cat\/wp-content\/uploads\/2022\/03\/2022.03.16-precomer\u00e7.png\" alt=\"\" width=\"330\" height=\"467\" \/><\/a>sversales.<\/p>\n<ul>\n<li>45h de formaci\u00f3n t\u00e9cnica en auxiliar de almac\u00e9n<\/li>\n<li>40h de trabajo en competencias transversales<\/li>\n<li>20h de trabajo en competencias TIC<\/li>\n<li>*Incluye la obtenci\u00f3n del carn\u00e9 de carretonero\/a<\/li>\n<li>*Incluye horas de asesoramiento jur\u00eddico<\/li>\n<\/ul>\n<p>+ 100h de pr\u00e1cticas en empresas del sector.<\/p>\n<p><strong>Dirigida a personas en migradas en situaci\u00f3n de desempleo.<\/strong><\/p>\n<p>Presencial de 9 a 14h en Sant Joan Desp\u00ed.<br \/>\nRequisitos:<\/p>\n<ul>\n<li>Dominio del castellano y catal\u00e1n<\/li>\n<li>DNI\/NIE *Se reservar\u00e1n unas plazas para personas en situaci\u00f3n legal irregular.<\/li>\n<li>Inter\u00e9s en el sector<\/li>\n<\/ul>\n<p><strong> Estas formaciones est\u00e1n dirigidas a personas en paro y est\u00e1n 100% subvencionadas.<\/strong><\/p>\n<p>Con el apoyo del <em>Departament d&#8217;Igualtat i Feminismes i de la Secretaria d&#8217;Igualtat, Migracions i Ciutadania de la Generalitat de Catalunya.<\/em> Esta formaci\u00f3n pertenece a la convocatoria COSPE 2021-2022.<br \/>\nTe invitamos a hacer difusi\u00f3n y, para m\u00e1s informaci\u00f3n, siempre puede contactar con nosotros al: 655 42 46 50 (Ester)\/ 93 685 44 34 o escribirnos un e-mail a formacio2@test.solidanca.cat<br \/>\nINSCRIPCIONES ABIERTAS HASTA EL 29 de MARZO 2022.<\/p>\n<p>&nbsp;<\/p>\n<p>Solidan\u00e7a recibe el apoyo del Ayuntamiento de Sant Joan Desp\u00ed.<\/p>\n<p><a href=\"https:\/\/solidanca.cat\/wp-content\/uploads\/2022\/09\/Aj_Sant-Joan-despi.png\"><img loading=\"lazy\" decoding=\"async\" class=\"wp-image-14638 alignleft\" src=\"https:\/\/solidanca.cat\/wp-content\/uploads\/2022\/09\/Aj_Sant-Joan-despi.png\" alt=\"\" width=\"170\" height=\"72\" \/><\/a><\/p>\n<p>&nbsp;<\/p>\n<p>&nbsp;<\/p>\n<p>&nbsp;<\/p>\n","protected":false},"excerpt":{"rendered":"<p>Iniciamos una nueva edici\u00f3n de la formaci\u00f3n en auxiliar de almac\u00e9n de e-comercio, este a\u00f1o dirigida a personas migradas en situaci\u00f3n&#8230;<\/p>\n","protected":false},"author":3,"featured_media":5917,"comment_status":"open","ping_status":"closed","sticky":false,"template":"","format":"standard","meta":{"_uag_custom_page_level_css":"","_kad_blocks_custom_css":"","_kad_blocks_head_custom_js":"","_kad_blocks_body_custom_js":"","_kad_blocks_footer_custom_js":"","_kad_post_transparent":"","_kad_post_title":"","_kad_post_layout":"","_kad_post_sidebar_id":"","_kad_post_content_style":"","_kad_post_vertical_padding":"","_kad_post_feature":"","_kad_post_feature_position":"","_kad_post_header":false,"_kad_post_footer":false,"_kad_post_classname":"","footnotes":""},"categories":[755,763,758],"tags":[],"class_list":["post-8206","post","type-post","status-publish","format-standard","has-post-thumbnail","hentry","category-agenda-es","category-area-social-es","category-formacion"],"taxonomy_info":{"category":[{"value":755,"label":"AGENDA"},{"value":763,"label":"Area Social"},{"value":758,"label":"Formaci\u00f3n"}]},"featured_image_src_large":["https:\/\/solidanca.cat\/wp-content\/uploads\/2025\/04\/FOTO-WEB-BONA-2022-05-10T140705.564-7.png",400,200,false],"author_info":{"display_name":"Comunicaci\u00f3","author_link":"https:\/\/solidanca.cat\/es\/author\/comunicacio\/"},"comment_info":0,"category_info":[{"term_id":755,"name":"AGENDA","slug":"agenda-es","term_group":0,"term_taxonomy_id":755,"taxonomy":"category","description":"","parent":0,"count":22,"filter":"raw","cat_ID":755,"category_count":22,"category_description":"","cat_name":"AGENDA","category_nicename":"agenda-es","category_parent":0},{"term_id":763,"name":"Area Social","slug":"area-social-es","term_group":0,"term_taxonomy_id":763,"taxonomy":"category","description":"","parent":0,"count":208,"filter":"raw","cat_ID":763,"category_count":208,"category_description":"","cat_name":"Area Social","category_nicename":"area-social-es","category_parent":0},{"term_id":758,"name":"Formaci\u00f3n","slug":"formacion","term_group":0,"term_taxonomy_id":758,"taxonomy":"category","description":"","parent":0,"count":107,"filter":"raw","cat_ID":758,"category_count":107,"category_description":"","cat_name":"Formaci\u00f3n","category_nicename":"formacion","category_parent":0}],"tag_info":false,"uagb_featured_image_src":{"full":["https:\/\/solidanca.cat\/wp-content\/uploads\/2025\/04\/FOTO-WEB-BONA-2022-05-10T140705.564-7.png",400,200,false],"thumbnail":["https:\/\/solidanca.cat\/wp-content\/uploads\/2025\/04\/FOTO-WEB-BONA-2022-05-10T140705.564-7-150x150.png",150,150,true],"medium":["https:\/\/solidanca.cat\/wp-content\/uploads\/2025\/04\/FOTO-WEB-BONA-2022-05-10T140705.564-7-300x150.png",300,150,true],"medium_large":["https:\/\/solidanca.cat\/wp-content\/uploads\/2025\/04\/FOTO-WEB-BONA-2022-05-10T140705.564-7.png",400,200,false],"large":["https:\/\/solidanca.cat\/wp-content\/uploads\/2025\/04\/FOTO-WEB-BONA-2022-05-10T140705.564-7.png",400,200,false],"1536x1536":["https:\/\/solidanca.cat\/wp-content\/uploads\/2025\/04\/FOTO-WEB-BONA-2022-05-10T140705.564-7.png",400,200,false],"2048x2048":["https:\/\/solidanca.cat\/wp-content\/uploads\/2025\/04\/FOTO-WEB-BONA-2022-05-10T140705.564-7.png",400,200,false]},"uagb_author_info":{"display_name":"Comunicaci\u00f3","author_link":"https:\/\/solidanca.cat\/es\/author\/comunicacio\/"},"uagb_comment_info":0,"uagb_excerpt":"Iniciamos una nueva edici\u00f3n de la formaci\u00f3n en auxiliar de almac\u00e9n de e-comercio, este a\u00f1o dirigida a personas migradas en situaci\u00f3n...","_links":{"self":[{"href":"https:\/\/solidanca.cat\/es\/wp-json\/wp\/v2\/posts\/8206","targetHints":{"allow":["GET"]}}],"collection":[{"href":"https:\/\/solidanca.cat\/es\/wp-json\/wp\/v2\/posts"}],"about":[{"href":"https:\/\/solidanca.cat\/es\/wp-json\/wp\/v2\/types\/post"}],"author":[{"embeddable":true,"href":"https:\/\/solidanca.cat\/es\/wp-json\/wp\/v2\/users\/3"}],"replies":[{"embeddable":true,"href":"https:\/\/solidanca.cat\/es\/wp-json\/wp\/v2\/comments?post=8206"}],"version-history":[{"count":0,"href":"https:\/\/solidanca.cat\/es\/wp-json\/wp\/v2\/posts\/8206\/revisions"}],"wp:featuredmedia":[{"embeddable":true,"href":"https:\/\/solidanca.cat\/es\/wp-json\/wp\/v2\/media\/5917"}],"wp:attachment":[{"href":"https:\/\/solidanca.cat\/es\/wp-json\/wp\/v2\/media?parent=8206"}],"wp:term":[{"taxonomy":"category","embeddable":true,"href":"https:\/\/solidanca.cat\/es\/wp-json\/wp\/v2\/categories?post=8206"},{"taxonomy":"post_tag","embeddable":true,"href":"https:\/\/solidanca.cat\/es\/wp-json\/wp\/v2\/tags?post=8206"}],"curies":[{"name":"wp","href":"https:\/\/api.w.org\/{rel}","templated":true}]}}