{"id":8222,"date":"2022-04-20T16:15:20","date_gmt":"2022-04-20T14:15:20","guid":{"rendered":"https:\/\/solidanca.con2webs.es\/participamos-ano-mas-la-maraton-upcycling-la-escuela-diseno-bau\/"},"modified":"2022-04-20T16:25:54","modified_gmt":"2022-04-20T14:25:54","slug":"participamos-ano-mas-la-maraton-upcycling-la-escuela-diseno-bau","status":"publish","type":"post","link":"https:\/\/solidanca.cat\/es\/participamos-ano-mas-la-maraton-upcycling-la-escuela-diseno-bau\/","title":{"rendered":"Participamos un a\u00f1o m\u00e1s en la Marat\u00f3n de Upcycling de la escuela de dise\u00f1o BAU"},"content":{"rendered":"<p>Un a\u00f1o m\u00e1s, en el marco de la\u00a0Fashion\u00a0Revolution\u00a0Week\u00a0(18-24 de abril),\u00a0Solidan\u00e7a\/Roba Amiga\u00a0y la escuela de dise\u00f1o BAU se unen para llevar a cabo una nueva edici\u00f3n del Marat\u00f3n de\u00a0Upcyling, organizada por Moda Sostenible Barcelona.<\/p>\n<p>Desde la entidad se hizo una donaci\u00f3n de ropa en la escuela de dise\u00f1o para poder realizar la muestra-taller de\u00a0upcycling\u00a0donde l\u2018objetivo de la actividad es reivindicar la moda sostenible y la Econom\u00eda Circular a trav\u00e9s de la reutilizaci\u00f3n de la ropa en desuso.<\/p>\n<p>Del 19 al 28 de abril, el alumnado del Grado en Dise\u00f1o de BAU transformar\u00e1 ropa de segunda mano en piezas de dise\u00f1o, con el objetivo de demostrar que el enorme volumen de piezas que cada a\u00f1o acaban a la basura son una materia prima \u00fatil con gran potencial creativo.<\/p>\n<p>Con esta iniciativa se quiere sensibilizar a los alumnos del gran potencial creativo que ofrece la ropa de segunda mano a trav\u00e9s de las t\u00e9cnicas de\u00a0upcycling. El\u00a0work\u00a0in\u00a0progress\u00a0de la actividad se podr\u00e1 ver al pasillo central del edificio A de BAU.<\/p>\n<p>Estas acciones colaborativas y el trabajo en red ayudan a potenciar y a hacer crecer la moda sostenible y la conciencia medioambiental en los diferentes sectores de la sociedad, por esta raz\u00f3n desde\u00a0Solidan\u00e7a\/Roba\u00a0Amiga seguiremos trabajando conjuntamente por un mundo m\u00e1s sostenible.<\/p>\n<p><a href=\"https:\/\/solidanca.cat\/wp-content\/uploads\/2022\/05\/UPCYCLING_Solidanc\u0327a_25052022_01.jpg\"><img loading=\"lazy\" decoding=\"async\" class=\"alignnone wp-image-12028\" src=\"https:\/\/solidanca.cat\/wp-content\/uploads\/2022\/05\/UPCYCLING_Solidanc\u0327a_25052022_01.jpg\" alt=\"\" width=\"594\" height=\"889\" \/><\/a><a href=\"https:\/\/solidanca.cat\/wp-content\/uploads\/2022\/05\/UPCYCLING_Solidanc\u0327a_25052022_13.jpg\"><img loading=\"lazy\" decoding=\"async\" class=\"alignnone wp-image-12030\" src=\"https:\/\/solidanca.cat\/wp-content\/uploads\/2022\/05\/UPCYCLING_Solidanc\u0327a_25052022_13.jpg\" alt=\"\" width=\"583\" height=\"875\" \/><\/a><a href=\"https:\/\/solidanca.cat\/wp-content\/uploads\/2022\/05\/UPCYCLING_Solidanc\u0327a_25052022_22.jpg\"><img loading=\"lazy\" decoding=\"async\" class=\"alignnone wp-image-12029\" src=\"https:\/\/solidanca.cat\/wp-content\/uploads\/2022\/05\/UPCYCLING_Solidanc\u0327a_25052022_22.jpg\" alt=\"\" width=\"514\" height=\"773\" \/><\/a><\/p>\n","protected":false},"excerpt":{"rendered":"<p>Un a\u00f1o m\u00e1s, en el marco de la\u00a0Fashion\u00a0Revolution\u00a0Week\u00a0(18-24 de abril),\u00a0Solidan\u00e7a\/Roba Amiga\u00a0y la escuela de dise\u00f1o BAU se unen para llevar a&#8230;<\/p>\n","protected":false},"author":3,"featured_media":6030,"comment_status":"open","ping_status":"closed","sticky":false,"template":"","format":"standard","meta":{"_uag_custom_page_level_css":"","_kad_blocks_custom_css":"","_kad_blocks_head_custom_js":"","_kad_blocks_body_custom_js":"","_kad_blocks_footer_custom_js":"","_kad_post_transparent":"","_kad_post_title":"","_kad_post_layout":"","_kad_post_sidebar_id":"","_kad_post_content_style":"","_kad_post_vertical_padding":"","_kad_post_feature":"","_kad_post_feature_position":"","_kad_post_header":false,"_kad_post_footer":false,"_kad_post_classname":"","footnotes":""},"categories":[761,765],"tags":[],"class_list":["post-8222","post","type-post","status-publish","format-standard","has-post-thumbnail","hentry","category-medio-ambiente","category-roba-amiga-2"],"taxonomy_info":{"category":[{"value":761,"label":"MEDIO AMBIENTE"},{"value":765,"label":"Roba Amiga"}]},"featured_image_src_large":["https:\/\/solidanca.cat\/wp-content\/uploads\/2025\/04\/WhatsApp-Image-2022-10-18-at-14.01.05-1-3-1024x768.jpeg",1024,768,true],"author_info":{"display_name":"Comunicaci\u00f3","author_link":"https:\/\/solidanca.cat\/es\/author\/comunicacio\/"},"comment_info":0,"category_info":[{"term_id":761,"name":"MEDIO AMBIENTE","slug":"medio-ambiente","term_group":0,"term_taxonomy_id":761,"taxonomy":"category","description":"","parent":0,"count":263,"filter":"raw","cat_ID":761,"category_count":263,"category_description":"","cat_name":"MEDIO AMBIENTE","category_nicename":"medio-ambiente","category_parent":0},{"term_id":765,"name":"Roba Amiga","slug":"roba-amiga-2","term_group":0,"term_taxonomy_id":765,"taxonomy":"category","description":"","parent":0,"count":46,"filter":"raw","cat_ID":765,"category_count":46,"category_description":"","cat_name":"Roba Amiga","category_nicename":"roba-amiga-2","category_parent":0}],"tag_info":false,"uagb_featured_image_src":{"full":["https:\/\/solidanca.cat\/wp-content\/uploads\/2025\/04\/WhatsApp-Image-2022-10-18-at-14.01.05-1-3.jpeg",1600,1200,false],"thumbnail":["https:\/\/solidanca.cat\/wp-content\/uploads\/2025\/04\/WhatsApp-Image-2022-10-18-at-14.01.05-1-3-150x150.jpeg",150,150,true],"medium":["https:\/\/solidanca.cat\/wp-content\/uploads\/2025\/04\/WhatsApp-Image-2022-10-18-at-14.01.05-1-3-300x225.jpeg",300,225,true],"medium_large":["https:\/\/solidanca.cat\/wp-content\/uploads\/2025\/04\/WhatsApp-Image-2022-10-18-at-14.01.05-1-3-768x576.jpeg",768,576,true],"large":["https:\/\/solidanca.cat\/wp-content\/uploads\/2025\/04\/WhatsApp-Image-2022-10-18-at-14.01.05-1-3-1024x768.jpeg",1024,768,true],"1536x1536":["https:\/\/solidanca.cat\/wp-content\/uploads\/2025\/04\/WhatsApp-Image-2022-10-18-at-14.01.05-1-3-1536x1152.jpeg",1536,1152,true],"2048x2048":["https:\/\/solidanca.cat\/wp-content\/uploads\/2025\/04\/WhatsApp-Image-2022-10-18-at-14.01.05-1-3.jpeg",1600,1200,false]},"uagb_author_info":{"display_name":"Comunicaci\u00f3","author_link":"https:\/\/solidanca.cat\/es\/author\/comunicacio\/"},"uagb_comment_info":0,"uagb_excerpt":"Un a\u00f1o m\u00e1s, en el marco de la\u00a0Fashion\u00a0Revolution\u00a0Week\u00a0(18-24 de abril),\u00a0Solidan\u00e7a\/Roba Amiga\u00a0y la escuela de dise\u00f1o BAU se unen para llevar a...","_links":{"self":[{"href":"https:\/\/solidanca.cat\/es\/wp-json\/wp\/v2\/posts\/8222","targetHints":{"allow":["GET"]}}],"collection":[{"href":"https:\/\/solidanca.cat\/es\/wp-json\/wp\/v2\/posts"}],"about":[{"href":"https:\/\/solidanca.cat\/es\/wp-json\/wp\/v2\/types\/post"}],"author":[{"embeddable":true,"href":"https:\/\/solidanca.cat\/es\/wp-json\/wp\/v2\/users\/3"}],"replies":[{"embeddable":true,"href":"https:\/\/solidanca.cat\/es\/wp-json\/wp\/v2\/comments?post=8222"}],"version-history":[{"count":0,"href":"https:\/\/solidanca.cat\/es\/wp-json\/wp\/v2\/posts\/8222\/revisions"}],"wp:featuredmedia":[{"embeddable":true,"href":"https:\/\/solidanca.cat\/es\/wp-json\/wp\/v2\/media\/6030"}],"wp:attachment":[{"href":"https:\/\/solidanca.cat\/es\/wp-json\/wp\/v2\/media?parent=8222"}],"wp:term":[{"taxonomy":"category","embeddable":true,"href":"https:\/\/solidanca.cat\/es\/wp-json\/wp\/v2\/categories?post=8222"},{"taxonomy":"post_tag","embeddable":true,"href":"https:\/\/solidanca.cat\/es\/wp-json\/wp\/v2\/tags?post=8222"}],"curies":[{"name":"wp","href":"https:\/\/api.w.org\/{rel}","templated":true}]}}