{"id":8242,"date":"2022-06-09T10:30:01","date_gmt":"2022-06-09T08:30:01","guid":{"rendered":"https:\/\/solidanca.con2webs.es\/participamos-ano-mas-al-business-with-social-value-seguir-potenciando-trabajo-red\/"},"modified":"2022-06-09T12:06:09","modified_gmt":"2022-06-09T10:06:09","slug":"participamos-ano-mas-al-business-with-social-value-seguir-potenciando-trabajo-red","status":"publish","type":"post","link":"https:\/\/solidanca.cat\/es\/participamos-ano-mas-al-business-with-social-value-seguir-potenciando-trabajo-red\/","title":{"rendered":"Participamos un a\u00f1o m\u00e1s al Business With Social Value para seguir potenciando el trabajo en red"},"content":{"rendered":"<p>Un a\u00f1o m\u00e1s participamos a la jornada del\u00a0Business\u00a0With\u00a0Social\u00a0Value, para acercar nuestros servicios a diferentes empresas. Esta jornada es un acontecimiento anual que facilita el conocimiento de los productos y servicios de los Centros Especiales de Trabajo y Empresas de Inserci\u00f3n no lucrativos a las instituciones, organismos y empresas mercantiles. Desde la edici\u00f3n de 2016 a\u00f1ade la oferta del Social &amp;\u00a0Sustainable\u00a0Tourism\u00a0para dar a conocer y facilitar tambi\u00e9n lo\u00a0networking\u00a0a las empresas que faciliten las conductas empresariales de turismo Sostenible. La jornada que cuenta con un intenso programa que combina motivaci\u00f3n, actualizaci\u00f3n, reflexi\u00f3n, conocimiento y oportunidades de negocio. Y en el cual, podr\u00e1s encontrar:\u201dFace\u00a02\u00a0face\u201d\u00a0, charlas y conferencias, experiencias gastron\u00f3micas con chefs solidarios, entre otros.<\/p>\n<p>Esta jornada es una oportunidad para potenciar el trabajo en red de las entidades sociales y dar a conocer nuestros servicios y actividades a empresas que apuestan por la\u00a0resposabilidad social.<\/p>\n<p>Fue un placer compartir experiencias y ampliar nuestra red de colaboradores!<\/p>\n<p><a href=\"https:\/\/solidanca.cat\/wp-content\/uploads\/2022\/06\/WhatsApp-Image-2022-06-03-at-12.28.10.jpeg\"><img loading=\"lazy\" decoding=\"async\" class=\"alignnone wp-image-12290\" src=\"https:\/\/solidanca.cat\/wp-content\/uploads\/2022\/06\/WhatsApp-Image-2022-06-03-at-12.28.10.jpeg\" alt=\"\" width=\"277\" height=\"492\" \/><\/a> <a href=\"https:\/\/solidanca.cat\/wp-content\/uploads\/2022\/06\/WhatsApp-Image-2022-06-03-at-09.06.19-1.jpeg\"><img loading=\"lazy\" decoding=\"async\" class=\"alignnone wp-image-12294\" src=\"https:\/\/solidanca.cat\/wp-content\/uploads\/2022\/06\/WhatsApp-Image-2022-06-03-at-09.06.19-1.jpeg\" alt=\"\" width=\"611\" height=\"344\" \/><\/a> <a href=\"https:\/\/solidanca.cat\/wp-content\/uploads\/2022\/06\/WhatsApp-Image-2022-06-03-at-09.23.15-1.jpeg\"><img loading=\"lazy\" decoding=\"async\" class=\"alignnone wp-image-12295\" src=\"https:\/\/solidanca.cat\/wp-content\/uploads\/2022\/06\/WhatsApp-Image-2022-06-03-at-09.23.15-1.jpeg\" alt=\"\" width=\"729\" height=\"410\" \/><\/a><\/p>\n","protected":false},"excerpt":{"rendered":"<p>Un a\u00f1o m\u00e1s participamos a la jornada del\u00a0Business\u00a0With\u00a0Social\u00a0Value, para acercar nuestros servicios a diferentes empresas. Esta jornada es un acontecimiento anual&#8230;<\/p>\n","protected":false},"author":3,"featured_media":6168,"comment_status":"open","ping_status":"closed","sticky":false,"template":"","format":"standard","meta":{"_uag_custom_page_level_css":"","_kad_blocks_custom_css":"","_kad_blocks_head_custom_js":"","_kad_blocks_body_custom_js":"","_kad_blocks_footer_custom_js":"","_kad_post_transparent":"","_kad_post_title":"","_kad_post_layout":"","_kad_post_sidebar_id":"","_kad_post_content_style":"","_kad_post_vertical_padding":"","_kad_post_feature":"","_kad_post_feature_position":"","_kad_post_header":false,"_kad_post_footer":false,"_kad_post_classname":"","footnotes":""},"categories":[8],"tags":[],"class_list":["post-8242","post","type-post","status-publish","format-standard","has-post-thumbnail","hentry","category-sin-categorizar"],"taxonomy_info":{"category":[{"value":8,"label":"Sin categorizar"}]},"featured_image_src_large":["https:\/\/solidanca.cat\/wp-content\/uploads\/2025\/04\/FOTO-NOTICIES-WEB-61-3.jpg",400,200,false],"author_info":{"display_name":"Comunicaci\u00f3","author_link":"https:\/\/solidanca.cat\/es\/author\/comunicacio\/"},"comment_info":0,"category_info":[{"term_id":8,"name":"Sin categorizar","slug":"sin-categorizar","term_group":0,"term_taxonomy_id":8,"taxonomy":"category","description":"","parent":0,"count":199,"filter":"raw","cat_ID":8,"category_count":199,"category_description":"","cat_name":"Sin categorizar","category_nicename":"sin-categorizar","category_parent":0}],"tag_info":false,"uagb_featured_image_src":{"full":["https:\/\/solidanca.cat\/wp-content\/uploads\/2025\/04\/FOTO-NOTICIES-WEB-61-3.jpg",400,200,false],"thumbnail":["https:\/\/solidanca.cat\/wp-content\/uploads\/2025\/04\/FOTO-NOTICIES-WEB-61-3-150x150.jpg",150,150,true],"medium":["https:\/\/solidanca.cat\/wp-content\/uploads\/2025\/04\/FOTO-NOTICIES-WEB-61-3-300x150.jpg",300,150,true],"medium_large":["https:\/\/solidanca.cat\/wp-content\/uploads\/2025\/04\/FOTO-NOTICIES-WEB-61-3.jpg",400,200,false],"large":["https:\/\/solidanca.cat\/wp-content\/uploads\/2025\/04\/FOTO-NOTICIES-WEB-61-3.jpg",400,200,false],"1536x1536":["https:\/\/solidanca.cat\/wp-content\/uploads\/2025\/04\/FOTO-NOTICIES-WEB-61-3.jpg",400,200,false],"2048x2048":["https:\/\/solidanca.cat\/wp-content\/uploads\/2025\/04\/FOTO-NOTICIES-WEB-61-3.jpg",400,200,false]},"uagb_author_info":{"display_name":"Comunicaci\u00f3","author_link":"https:\/\/solidanca.cat\/es\/author\/comunicacio\/"},"uagb_comment_info":0,"uagb_excerpt":"Un a\u00f1o m\u00e1s participamos a la jornada del\u00a0Business\u00a0With\u00a0Social\u00a0Value, para acercar nuestros servicios a diferentes empresas. Esta jornada es un acontecimiento anual...","_links":{"self":[{"href":"https:\/\/solidanca.cat\/es\/wp-json\/wp\/v2\/posts\/8242","targetHints":{"allow":["GET"]}}],"collection":[{"href":"https:\/\/solidanca.cat\/es\/wp-json\/wp\/v2\/posts"}],"about":[{"href":"https:\/\/solidanca.cat\/es\/wp-json\/wp\/v2\/types\/post"}],"author":[{"embeddable":true,"href":"https:\/\/solidanca.cat\/es\/wp-json\/wp\/v2\/users\/3"}],"replies":[{"embeddable":true,"href":"https:\/\/solidanca.cat\/es\/wp-json\/wp\/v2\/comments?post=8242"}],"version-history":[{"count":0,"href":"https:\/\/solidanca.cat\/es\/wp-json\/wp\/v2\/posts\/8242\/revisions"}],"wp:featuredmedia":[{"embeddable":true,"href":"https:\/\/solidanca.cat\/es\/wp-json\/wp\/v2\/media\/6168"}],"wp:attachment":[{"href":"https:\/\/solidanca.cat\/es\/wp-json\/wp\/v2\/media?parent=8242"}],"wp:term":[{"taxonomy":"category","embeddable":true,"href":"https:\/\/solidanca.cat\/es\/wp-json\/wp\/v2\/categories?post=8242"},{"taxonomy":"post_tag","embeddable":true,"href":"https:\/\/solidanca.cat\/es\/wp-json\/wp\/v2\/tags?post=8242"}],"curies":[{"name":"wp","href":"https:\/\/api.w.org\/{rel}","templated":true}]}}