{"id":8244,"date":"2022-06-14T08:39:27","date_gmt":"2022-06-14T06:39:27","guid":{"rendered":"https:\/\/solidanca.con2webs.es\/participamos-la-jornada-mou-te-pel-clima-frente-la-emergencia-climatica\/"},"modified":"2022-06-14T09:21:28","modified_gmt":"2022-06-14T07:21:28","slug":"participamos-la-jornada-mou-te-pel-clima-frente-la-emergencia-climatica","status":"publish","type":"post","link":"https:\/\/solidanca.cat\/es\/participamos-la-jornada-mou-te-pel-clima-frente-la-emergencia-climatica\/","title":{"rendered":"Participamos en la jornada \u00abMou-te pel clima\u00bb para hacer frente a la emergencia clim\u00e1tica"},"content":{"rendered":"<p>El s\u00e1bado 11 de junio participamos a la jornada Mu\u00e9vete por el clima, un acontecimiento ciudadano impulsado desde la Oficina de Cambio Clim\u00e1tico y Sostenibilidad y concretamente desde el Departamento de programas y equipaciones para el cambio clim\u00e1tico y la sostenibilidad. El acto se llev\u00f3 a cabo en el Parque de la Barceloneta y se ofrecieron actividades variadas de las 11 de la ma\u00f1ana a las 8 de la tarde para hacer frente a la emergencia clim\u00e1tica y promover: m\u00e1s salud y bienestar, el ahorro y generaci\u00f3n de energ\u00eda, la transformaci\u00f3n del modelo urbano y de movilidad, un cambio del modelo econ\u00f3mico y de consumo y la cultura clim\u00e1tica y de sostenibilidad.<\/p>\n<p>Desde\u00a0<span class=\"hiddenSpellError\">Solidan\u00e7a<\/span>\u00a0organizamos un taller de llaveros con ropa reutilizada durante la tarde y tambi\u00e9n estuvimos presentes con La\u00a0<span class=\"hiddenSpellError\">DidalTruck<\/span>.<\/p>\n<p>Una de las actividades m\u00e1s destacadas de la jornada fue la conferencia de Kate\u00a0<span class=\"hiddenSpellError\">Raworth<\/span>, impulsora de la Econom\u00eda Donut<span class=\"hiddenGrammarError\">\u201d<\/span>. Tambi\u00e9n se recogieron residuos de la playa y se dio la bienvenida a los corredores\u00a0<span class=\"hiddenGrammarError\">del \u201d<\/span>Ultra\u00a0<span class=\"hiddenSpellError\">Clean<\/span>\u00a0<span class=\"hiddenSpellError\">Marathon<\/span><span class=\"hiddenGrammarError\">\u201d<\/span>. Durante todo el d\u00eda se pudieron descubrir diferentes entidades que est\u00e1n trabajando para conseguir una ciudad m\u00e1s sostenible y participar de los juegos y talleres que ofrecidos para todas las entidades.<\/p>\n<h4>Muy contentas de haber participado en esta iniciativa y de seguir potenciando el trabajo en red y la cura por el planeta entre todas.<\/h4>\n<p><a href=\"https:\/\/solidanca.cat\/wp-content\/uploads\/2022\/06\/WhatsApp-Image-2022-06-11-at-17.58.58-1.jpeg\"><img loading=\"lazy\" decoding=\"async\" class=\"alignnone wp-image-12335\" src=\"https:\/\/solidanca.cat\/wp-content\/uploads\/2022\/06\/WhatsApp-Image-2022-06-11-at-17.58.58-1.jpeg\" alt=\"\" width=\"400\" height=\"300\" \/><\/a> <a href=\"https:\/\/solidanca.cat\/wp-content\/uploads\/2022\/06\/WhatsApp-Image-2022-06-11-at-18.53.23-1.jpeg\"><img loading=\"lazy\" decoding=\"async\" class=\"alignnone wp-image-12336\" src=\"https:\/\/solidanca.cat\/wp-content\/uploads\/2022\/06\/WhatsApp-Image-2022-06-11-at-18.53.23-1.jpeg\" alt=\"\" width=\"425\" height=\"318\" \/><\/a> <a href=\"https:\/\/solidanca.cat\/wp-content\/uploads\/2022\/06\/WhatsApp-Image-2022-06-11-at-17.58.59-1.jpeg\"><img loading=\"lazy\" decoding=\"async\" class=\"alignnone wp-image-12337\" src=\"https:\/\/solidanca.cat\/wp-content\/uploads\/2022\/06\/WhatsApp-Image-2022-06-11-at-17.58.59-1.jpeg\" alt=\"\" width=\"389\" height=\"519\" \/><\/a><\/p>\n","protected":false},"excerpt":{"rendered":"<p>El s\u00e1bado 11 de junio participamos a la jornada Mu\u00e9vete por el clima, un acontecimiento ciudadano impulsado desde la Oficina de&#8230;<\/p>\n","protected":false},"author":3,"featured_media":6186,"comment_status":"open","ping_status":"closed","sticky":false,"template":"","format":"standard","meta":{"_uag_custom_page_level_css":"","_kad_blocks_custom_css":"","_kad_blocks_head_custom_js":"","_kad_blocks_body_custom_js":"","_kad_blocks_footer_custom_js":"","_kad_post_transparent":"","_kad_post_title":"","_kad_post_layout":"","_kad_post_sidebar_id":"","_kad_post_content_style":"","_kad_post_vertical_padding":"","_kad_post_feature":"","_kad_post_feature_position":"","_kad_post_header":false,"_kad_post_footer":false,"_kad_post_classname":"","footnotes":""},"categories":[757,761],"tags":[],"class_list":["post-8244","post","type-post","status-publish","format-standard","has-post-thumbnail","hentry","category-educacion-ambiental","category-medio-ambiente"],"taxonomy_info":{"category":[{"value":757,"label":"Educaci\u00f3n ambiental"},{"value":761,"label":"MEDIO AMBIENTE"}]},"featured_image_src_large":["https:\/\/solidanca.cat\/wp-content\/uploads\/2025\/04\/OFERTA-FEINA-imatge-web-noticies-10-3.jpg",400,200,false],"author_info":{"display_name":"Comunicaci\u00f3","author_link":"https:\/\/solidanca.cat\/es\/author\/comunicacio\/"},"comment_info":0,"category_info":[{"term_id":757,"name":"Educaci\u00f3n ambiental","slug":"educacion-ambiental","term_group":0,"term_taxonomy_id":757,"taxonomy":"category","description":"","parent":0,"count":80,"filter":"raw","cat_ID":757,"category_count":80,"category_description":"","cat_name":"Educaci\u00f3n ambiental","category_nicename":"educacion-ambiental","category_parent":0},{"term_id":761,"name":"MEDIO AMBIENTE","slug":"medio-ambiente","term_group":0,"term_taxonomy_id":761,"taxonomy":"category","description":"","parent":0,"count":263,"filter":"raw","cat_ID":761,"category_count":263,"category_description":"","cat_name":"MEDIO AMBIENTE","category_nicename":"medio-ambiente","category_parent":0}],"tag_info":false,"uagb_featured_image_src":{"full":["https:\/\/solidanca.cat\/wp-content\/uploads\/2025\/04\/OFERTA-FEINA-imatge-web-noticies-10-3.jpg",400,200,false],"thumbnail":["https:\/\/solidanca.cat\/wp-content\/uploads\/2025\/04\/OFERTA-FEINA-imatge-web-noticies-10-3-150x150.jpg",150,150,true],"medium":["https:\/\/solidanca.cat\/wp-content\/uploads\/2025\/04\/OFERTA-FEINA-imatge-web-noticies-10-3-300x150.jpg",300,150,true],"medium_large":["https:\/\/solidanca.cat\/wp-content\/uploads\/2025\/04\/OFERTA-FEINA-imatge-web-noticies-10-3.jpg",400,200,false],"large":["https:\/\/solidanca.cat\/wp-content\/uploads\/2025\/04\/OFERTA-FEINA-imatge-web-noticies-10-3.jpg",400,200,false],"1536x1536":["https:\/\/solidanca.cat\/wp-content\/uploads\/2025\/04\/OFERTA-FEINA-imatge-web-noticies-10-3.jpg",400,200,false],"2048x2048":["https:\/\/solidanca.cat\/wp-content\/uploads\/2025\/04\/OFERTA-FEINA-imatge-web-noticies-10-3.jpg",400,200,false]},"uagb_author_info":{"display_name":"Comunicaci\u00f3","author_link":"https:\/\/solidanca.cat\/es\/author\/comunicacio\/"},"uagb_comment_info":0,"uagb_excerpt":"El s\u00e1bado 11 de junio participamos a la jornada Mu\u00e9vete por el clima, un acontecimiento ciudadano impulsado desde la Oficina de...","_links":{"self":[{"href":"https:\/\/solidanca.cat\/es\/wp-json\/wp\/v2\/posts\/8244","targetHints":{"allow":["GET"]}}],"collection":[{"href":"https:\/\/solidanca.cat\/es\/wp-json\/wp\/v2\/posts"}],"about":[{"href":"https:\/\/solidanca.cat\/es\/wp-json\/wp\/v2\/types\/post"}],"author":[{"embeddable":true,"href":"https:\/\/solidanca.cat\/es\/wp-json\/wp\/v2\/users\/3"}],"replies":[{"embeddable":true,"href":"https:\/\/solidanca.cat\/es\/wp-json\/wp\/v2\/comments?post=8244"}],"version-history":[{"count":0,"href":"https:\/\/solidanca.cat\/es\/wp-json\/wp\/v2\/posts\/8244\/revisions"}],"wp:featuredmedia":[{"embeddable":true,"href":"https:\/\/solidanca.cat\/es\/wp-json\/wp\/v2\/media\/6186"}],"wp:attachment":[{"href":"https:\/\/solidanca.cat\/es\/wp-json\/wp\/v2\/media?parent=8244"}],"wp:term":[{"taxonomy":"category","embeddable":true,"href":"https:\/\/solidanca.cat\/es\/wp-json\/wp\/v2\/categories?post=8244"},{"taxonomy":"post_tag","embeddable":true,"href":"https:\/\/solidanca.cat\/es\/wp-json\/wp\/v2\/tags?post=8244"}],"curies":[{"name":"wp","href":"https:\/\/api.w.org\/{rel}","templated":true}]}}