{"id":8248,"date":"2022-06-15T10:30:09","date_gmt":"2022-06-15T08:30:09","guid":{"rendered":"https:\/\/solidanca.con2webs.es\/empresas-colaboradoras-visitan-las-instalaciones-solidanca-25o-cumpleanos\/"},"modified":"2022-06-15T10:42:14","modified_gmt":"2022-06-15T08:42:14","slug":"empresas-colaboradoras-visitan-las-instalaciones-solidanca-25o-cumpleanos","status":"publish","type":"post","link":"https:\/\/solidanca.cat\/es\/empresas-colaboradoras-visitan-las-instalaciones-solidanca-25o-cumpleanos\/","title":{"rendered":"Empresas colaboradoras visitan las instalaciones de Solidan\u00e7a por el 25\u00ba cumplea\u00f1os"},"content":{"rendered":"<p>El pasado martes 14 de junio recibimos la visita de diferentes empresas colaboradoras de la entidad dentro del ciclo de celebraciones del 25.\u00ba cumplea\u00f1os de\u00a0Solidan\u00e7a\u00a0que se est\u00e1 llevando a cabo durante toda la semana del 14 al 18 de junio. A la visita asistieron las siguientes empresas: Jose Fuster\u00a0SL, Comercial\u00a0Embilco,\u00a0DGIL\u00a0Embalajes,\u00a0Allsafe,\u00a0Fbo,\u00a0Yutes. Durante la visita conocieron las instalaciones de la sede de Sant Just Desvern, la Planta de Preparaci\u00f3n para la Reutilizaci\u00f3n de ropa y la Planta de Preparaci\u00f3n de Reutilizaci\u00f3n de\u00a0RAEE\u00a0(Residuos Aparatos El\u00e9ctricos y Electr\u00f3nicos) as\u00ed como nuestra tarea social y ambiental y las diferentes formas de colaboraci\u00f3n con la entidad, tales como la acogida de alumnas con pr\u00e1cticas, abrir ofertas de trabajo, donaciones, recogida de ropa, recogida de aparatos el\u00e9ctricos y electr\u00f3nicos y formaciones a medida para todas las empresas y entidades. Tambi\u00e9n se puso de relieve la acci\u00f3n de Responsabilidad Social Corporativa en el \u00e1mbito social y ambiental hacia estas empresas en el momento de colaborar y participar con\u00a0Solidan\u00e7a.<\/p>\n<p>Para nosotros esta visita es muy importante, puesto que potencia un golpe m\u00e1s el trabajo en red y las sinergias para ampliar miras y objetivos entre las entidades y proyectos del sector.<\/p>\n<p>Estamos muy contentas de seguir tejiendo v\u00ednculos!<\/p>\n<p><a href=\"https:\/\/solidanca.cat\/wp-content\/uploads\/2022\/06\/20220614_113024-1.jpg\"><img loading=\"lazy\" decoding=\"async\" class=\"alignnone  wp-image-12389\" src=\"https:\/\/solidanca.cat\/wp-content\/uploads\/2022\/06\/20220614_113024-1.jpg\" alt=\"\" width=\"559\" height=\"252\" \/><\/a><a href=\"https:\/\/solidanca.cat\/wp-content\/uploads\/2022\/06\/20220614_111815-1.jpg\"><img loading=\"lazy\" decoding=\"async\" class=\"alignnone  wp-image-12388\" src=\"https:\/\/solidanca.cat\/wp-content\/uploads\/2022\/06\/20220614_111815-1.jpg\" alt=\"\" width=\"569\" height=\"256\" \/><\/a><a href=\"https:\/\/solidanca.cat\/wp-content\/uploads\/2022\/06\/20220614_103903.jpg\"><img loading=\"lazy\" decoding=\"async\" class=\"alignnone  wp-image-12384\" src=\"https:\/\/solidanca.cat\/wp-content\/uploads\/2022\/06\/20220614_103903.jpg\" alt=\"\" width=\"561\" height=\"252\" \/><\/a><\/p>\n","protected":false},"excerpt":{"rendered":"<p>El pasado martes 14 de junio recibimos la visita de diferentes empresas colaboradoras de la entidad dentro del ciclo de celebraciones&#8230;<\/p>\n","protected":false},"author":3,"featured_media":6204,"comment_status":"open","ping_status":"closed","sticky":false,"template":"","format":"standard","meta":{"_uag_custom_page_level_css":"","_kad_blocks_custom_css":"","_kad_blocks_head_custom_js":"","_kad_blocks_body_custom_js":"","_kad_blocks_footer_custom_js":"","_kad_post_transparent":"","_kad_post_title":"","_kad_post_layout":"","_kad_post_sidebar_id":"","_kad_post_content_style":"","_kad_post_vertical_padding":"","_kad_post_feature":"","_kad_post_feature_position":"","_kad_post_header":false,"_kad_post_footer":false,"_kad_post_classname":"","footnotes":""},"categories":[763,757,761],"tags":[],"class_list":["post-8248","post","type-post","status-publish","format-standard","has-post-thumbnail","hentry","category-area-social-es","category-educacion-ambiental","category-medio-ambiente"],"taxonomy_info":{"category":[{"value":763,"label":"Area Social"},{"value":757,"label":"Educaci\u00f3n ambiental"},{"value":761,"label":"MEDIO AMBIENTE"}]},"featured_image_src_large":["https:\/\/solidanca.cat\/wp-content\/uploads\/2025\/04\/FOTO-NOTICIES-WEB-72-3.jpg",400,200,false],"author_info":{"display_name":"Comunicaci\u00f3","author_link":"https:\/\/solidanca.cat\/es\/author\/comunicacio\/"},"comment_info":0,"category_info":[{"term_id":763,"name":"Area Social","slug":"area-social-es","term_group":0,"term_taxonomy_id":763,"taxonomy":"category","description":"","parent":0,"count":205,"filter":"raw","cat_ID":763,"category_count":205,"category_description":"","cat_name":"Area Social","category_nicename":"area-social-es","category_parent":0},{"term_id":757,"name":"Educaci\u00f3n ambiental","slug":"educacion-ambiental","term_group":0,"term_taxonomy_id":757,"taxonomy":"category","description":"","parent":0,"count":80,"filter":"raw","cat_ID":757,"category_count":80,"category_description":"","cat_name":"Educaci\u00f3n ambiental","category_nicename":"educacion-ambiental","category_parent":0},{"term_id":761,"name":"MEDIO AMBIENTE","slug":"medio-ambiente","term_group":0,"term_taxonomy_id":761,"taxonomy":"category","description":"","parent":0,"count":263,"filter":"raw","cat_ID":761,"category_count":263,"category_description":"","cat_name":"MEDIO AMBIENTE","category_nicename":"medio-ambiente","category_parent":0}],"tag_info":false,"uagb_featured_image_src":{"full":["https:\/\/solidanca.cat\/wp-content\/uploads\/2025\/04\/FOTO-NOTICIES-WEB-72-3.jpg",400,200,false],"thumbnail":["https:\/\/solidanca.cat\/wp-content\/uploads\/2025\/04\/FOTO-NOTICIES-WEB-72-3-150x150.jpg",150,150,true],"medium":["https:\/\/solidanca.cat\/wp-content\/uploads\/2025\/04\/FOTO-NOTICIES-WEB-72-3-300x150.jpg",300,150,true],"medium_large":["https:\/\/solidanca.cat\/wp-content\/uploads\/2025\/04\/FOTO-NOTICIES-WEB-72-3.jpg",400,200,false],"large":["https:\/\/solidanca.cat\/wp-content\/uploads\/2025\/04\/FOTO-NOTICIES-WEB-72-3.jpg",400,200,false],"1536x1536":["https:\/\/solidanca.cat\/wp-content\/uploads\/2025\/04\/FOTO-NOTICIES-WEB-72-3.jpg",400,200,false],"2048x2048":["https:\/\/solidanca.cat\/wp-content\/uploads\/2025\/04\/FOTO-NOTICIES-WEB-72-3.jpg",400,200,false]},"uagb_author_info":{"display_name":"Comunicaci\u00f3","author_link":"https:\/\/solidanca.cat\/es\/author\/comunicacio\/"},"uagb_comment_info":0,"uagb_excerpt":"El pasado martes 14 de junio recibimos la visita de diferentes empresas colaboradoras de la entidad dentro del ciclo de celebraciones...","_links":{"self":[{"href":"https:\/\/solidanca.cat\/es\/wp-json\/wp\/v2\/posts\/8248","targetHints":{"allow":["GET"]}}],"collection":[{"href":"https:\/\/solidanca.cat\/es\/wp-json\/wp\/v2\/posts"}],"about":[{"href":"https:\/\/solidanca.cat\/es\/wp-json\/wp\/v2\/types\/post"}],"author":[{"embeddable":true,"href":"https:\/\/solidanca.cat\/es\/wp-json\/wp\/v2\/users\/3"}],"replies":[{"embeddable":true,"href":"https:\/\/solidanca.cat\/es\/wp-json\/wp\/v2\/comments?post=8248"}],"version-history":[{"count":0,"href":"https:\/\/solidanca.cat\/es\/wp-json\/wp\/v2\/posts\/8248\/revisions"}],"wp:featuredmedia":[{"embeddable":true,"href":"https:\/\/solidanca.cat\/es\/wp-json\/wp\/v2\/media\/6204"}],"wp:attachment":[{"href":"https:\/\/solidanca.cat\/es\/wp-json\/wp\/v2\/media?parent=8248"}],"wp:term":[{"taxonomy":"category","embeddable":true,"href":"https:\/\/solidanca.cat\/es\/wp-json\/wp\/v2\/categories?post=8248"},{"taxonomy":"post_tag","embeddable":true,"href":"https:\/\/solidanca.cat\/es\/wp-json\/wp\/v2\/tags?post=8248"}],"curies":[{"name":"wp","href":"https:\/\/api.w.org\/{rel}","templated":true}]}}