{"id":8257,"date":"2022-06-16T11:24:38","date_gmt":"2022-06-16T09:24:38","guid":{"rendered":"https:\/\/solidanca.con2webs.es\/diferentes-entidades-visitan-solidanca-marco-la-jornada-emprendimiento-economia-social-del-baix-llobregat\/"},"modified":"2022-06-16T11:24:38","modified_gmt":"2022-06-16T09:24:38","slug":"diferentes-entidades-visitan-solidanca-marco-la-jornada-emprendimiento-economia-social-del-baix-llobregat","status":"publish","type":"post","link":"https:\/\/solidanca.cat\/es\/diferentes-entidades-visitan-solidanca-marco-la-jornada-emprendimiento-economia-social-del-baix-llobregat\/","title":{"rendered":"Diferentes entidades visitan Solidan\u00e7a en el marco de la jornada de Emprendimiento y Econom\u00eda Social del Baix Llobregat"},"content":{"rendered":"<p>El pasado 15 de junio participamos en la jornada de Emprendimiento y Econom\u00eda Social del Baix Llobregat organizada por el Ateneo Cooperativo del Baix Llobregat en el marco de la Red\u00a0European\u00a0network\u00a0of\u00a0innovation\u00a0for\u00a0inclusion\u00a0para conectar iniciativas locales de Econom\u00eda Social de la comarca con otros proyectos internacionales.<br \/>\nEn la jornada participamos m\u00e1s de veinticinco entidades de econom\u00eda social con colaboraci\u00f3n de varios ayuntamientos con el impulso del Consejo Comarcal del Baix Llobregat.<\/p>\n<p>La jornada finaliz\u00f3 con una visita a las instalaciones de\u00a0Solidan\u00e7a para que las entidades conocieran de m\u00e1s cerca la tarea social y ambiental de\u00a0Solidan\u00e7a. Algunas de las entidades que asistieron fueron las siguientes:\u00a0Acci\u00f3n\u00a0contra el\u00a0Hambre,\u00a0Materahub,\u00a0Fundaci\u00f3n\u00a0EOI,\u00a0Heres\u00a0Social,\u00a0Vitivin, entre otros.<\/p>\n<p>El Ateneo Cooperativo del Baix Llobregat aprovecha esta visita de Estudio para dar voz a otras iniciativas municipales y empresariales vinculadas al Ateneo Cooperativo, con el objetivo de favorecer el trabajo en grupo entre entidades con intereses comunes, y hacer de este acontecimiento, un espacio de\u00a0networking, nacimiento de nuevos proyectos y conocimiento de mecanismos de financiaci\u00f3n tanto vinculados a los fondos\u00a0Next\u00a0Generation\u00a0como en programas competitivos de alcance Europeo.<\/p>\n<p><strong>Muchas gracias a todas las persones asistentes y especialmente al Ateneo Cooperativo por esta oportunidad<\/strong><\/p>\n<p><a href=\"https:\/\/solidanca.cat\/wp-content\/uploads\/2022\/06\/ateneu1-1.png\"><img loading=\"lazy\" decoding=\"async\" class=\"alignnone wp-image-12645\" src=\"https:\/\/solidanca.cat\/wp-content\/uploads\/2022\/06\/ateneu1-1.png\" alt=\"\" width=\"265\" height=\"350\" \/><\/a> <a href=\"https:\/\/solidanca.cat\/wp-content\/uploads\/2022\/06\/ateneu-2-1.png\"><img loading=\"lazy\" decoding=\"async\" class=\"alignnone wp-image-12646\" src=\"https:\/\/solidanca.cat\/wp-content\/uploads\/2022\/06\/ateneu-2-1.png\" alt=\"\" width=\"470\" height=\"351\" \/><\/a><\/p>\n","protected":false},"excerpt":{"rendered":"<p>El pasado 15 de junio participamos en la jornada de Emprendimiento y Econom\u00eda Social del Baix Llobregat organizada por el Ateneo&#8230;<\/p>\n","protected":false},"author":3,"featured_media":6275,"comment_status":"closed","ping_status":"closed","sticky":false,"template":"","format":"standard","meta":{"_uag_custom_page_level_css":"","_kad_blocks_custom_css":"","_kad_blocks_head_custom_js":"","_kad_blocks_body_custom_js":"","_kad_blocks_footer_custom_js":"","_kad_post_transparent":"","_kad_post_title":"","_kad_post_layout":"","_kad_post_sidebar_id":"","_kad_post_content_style":"","_kad_post_vertical_padding":"","_kad_post_feature":"","_kad_post_feature_position":"","_kad_post_header":false,"_kad_post_footer":false,"_kad_post_classname":"","footnotes":""},"categories":[763,761],"tags":[],"class_list":["post-8257","post","type-post","status-publish","format-standard","has-post-thumbnail","hentry","category-area-social-es","category-medio-ambiente"],"taxonomy_info":{"category":[{"value":763,"label":"Area Social"},{"value":761,"label":"MEDIO AMBIENTE"}]},"featured_image_src_large":["https:\/\/solidanca.cat\/wp-content\/uploads\/2025\/04\/FOTO-NOTICIES-WEB-88-3.jpg",400,200,false],"author_info":{"display_name":"Comunicaci\u00f3","author_link":"https:\/\/solidanca.cat\/es\/author\/comunicacio\/"},"comment_info":0,"category_info":[{"term_id":763,"name":"Area Social","slug":"area-social-es","term_group":0,"term_taxonomy_id":763,"taxonomy":"category","description":"","parent":0,"count":205,"filter":"raw","cat_ID":763,"category_count":205,"category_description":"","cat_name":"Area Social","category_nicename":"area-social-es","category_parent":0},{"term_id":761,"name":"MEDIO AMBIENTE","slug":"medio-ambiente","term_group":0,"term_taxonomy_id":761,"taxonomy":"category","description":"","parent":0,"count":263,"filter":"raw","cat_ID":761,"category_count":263,"category_description":"","cat_name":"MEDIO AMBIENTE","category_nicename":"medio-ambiente","category_parent":0}],"tag_info":false,"uagb_featured_image_src":{"full":["https:\/\/solidanca.cat\/wp-content\/uploads\/2025\/04\/FOTO-NOTICIES-WEB-88-3.jpg",400,200,false],"thumbnail":["https:\/\/solidanca.cat\/wp-content\/uploads\/2025\/04\/FOTO-NOTICIES-WEB-88-3-150x150.jpg",150,150,true],"medium":["https:\/\/solidanca.cat\/wp-content\/uploads\/2025\/04\/FOTO-NOTICIES-WEB-88-3-300x150.jpg",300,150,true],"medium_large":["https:\/\/solidanca.cat\/wp-content\/uploads\/2025\/04\/FOTO-NOTICIES-WEB-88-3.jpg",400,200,false],"large":["https:\/\/solidanca.cat\/wp-content\/uploads\/2025\/04\/FOTO-NOTICIES-WEB-88-3.jpg",400,200,false],"1536x1536":["https:\/\/solidanca.cat\/wp-content\/uploads\/2025\/04\/FOTO-NOTICIES-WEB-88-3.jpg",400,200,false],"2048x2048":["https:\/\/solidanca.cat\/wp-content\/uploads\/2025\/04\/FOTO-NOTICIES-WEB-88-3.jpg",400,200,false]},"uagb_author_info":{"display_name":"Comunicaci\u00f3","author_link":"https:\/\/solidanca.cat\/es\/author\/comunicacio\/"},"uagb_comment_info":0,"uagb_excerpt":"El pasado 15 de junio participamos en la jornada de Emprendimiento y Econom\u00eda Social del Baix Llobregat organizada por el Ateneo...","_links":{"self":[{"href":"https:\/\/solidanca.cat\/es\/wp-json\/wp\/v2\/posts\/8257","targetHints":{"allow":["GET"]}}],"collection":[{"href":"https:\/\/solidanca.cat\/es\/wp-json\/wp\/v2\/posts"}],"about":[{"href":"https:\/\/solidanca.cat\/es\/wp-json\/wp\/v2\/types\/post"}],"author":[{"embeddable":true,"href":"https:\/\/solidanca.cat\/es\/wp-json\/wp\/v2\/users\/3"}],"replies":[{"embeddable":true,"href":"https:\/\/solidanca.cat\/es\/wp-json\/wp\/v2\/comments?post=8257"}],"version-history":[{"count":0,"href":"https:\/\/solidanca.cat\/es\/wp-json\/wp\/v2\/posts\/8257\/revisions"}],"wp:featuredmedia":[{"embeddable":true,"href":"https:\/\/solidanca.cat\/es\/wp-json\/wp\/v2\/media\/6275"}],"wp:attachment":[{"href":"https:\/\/solidanca.cat\/es\/wp-json\/wp\/v2\/media?parent=8257"}],"wp:term":[{"taxonomy":"category","embeddable":true,"href":"https:\/\/solidanca.cat\/es\/wp-json\/wp\/v2\/categories?post=8257"},{"taxonomy":"post_tag","embeddable":true,"href":"https:\/\/solidanca.cat\/es\/wp-json\/wp\/v2\/tags?post=8257"}],"curies":[{"name":"wp","href":"https:\/\/api.w.org\/{rel}","templated":true}]}}