{"id":8262,"date":"2022-06-27T07:34:37","date_gmt":"2022-06-27T05:34:37","guid":{"rendered":"https:\/\/solidanca.con2webs.es\/cerramos-curso-escolar-total-1314-alumnos-sensibilizados\/"},"modified":"2022-06-27T10:04:09","modified_gmt":"2022-06-27T08:04:09","slug":"cerramos-curso-escolar-total-1314-alumnos-sensibilizados","status":"publish","type":"post","link":"https:\/\/solidanca.cat\/es\/cerramos-curso-escolar-total-1314-alumnos-sensibilizados\/","title":{"rendered":"Cerramos el curso escolar con un total de 1314 alumnos sensibilizados"},"content":{"rendered":"<p>A\u00a0Solidan\u00e7a\/\u00a0Roba Amiga promovemos el crecimiento de la Econom\u00eda Circular y Social fomentando la educaci\u00f3n ambiental en las escuelas e institutos del territorio a trav\u00e9s de diferentes campa\u00f1as de sensibilizaci\u00f3n. Apostamos por la educaci\u00f3n ambiental como herramienta para la mejora del medio ambiente a trav\u00e9s del aprendizaje y el ocio con varias actividades l\u00fadicas.<\/p>\n<p>En la entidad cada a\u00f1o realizamos diferentes campa\u00f1as de sensibilizaci\u00f3n ambiental y recogida de ropa en los centros educativos para fomentar la reutilizaci\u00f3n y el reciclaje del residuo textil. Con estas acciones queremos conseguir:<\/p>\n<p>Fomentar la prevenci\u00f3n de residuos en el centro educativo a trav\u00e9s de los talleres ambientales.<br \/>\nDinamizar la recogida selectiva de residuo textil con la colocaci\u00f3n de jaulas de recogida de ropa en las escuelas.<br \/>\nSensibilizar a los alumnos de la importancia de una correcta gesti\u00f3n del residuo textil con charlas en los centros, visitas a la planta Ropa Amiga y con la participaci\u00f3n en ferias.<br \/>\nEl curso 2021-2022 ha estado un poco diferente, a causa de la pandemia de la Covid-19 nos hemos visto obligadas a parar algunos talleres y visitas, pero a pesar de las complicaciones sociosanitarias, hemos podido seguir con las campa\u00f1as de educaci\u00f3n ambiental en las escuelas e institutos con el objetivo de sensibilizar a ni\u00f1os y j\u00f3venes sobre la gesti\u00f3n del residuo textil y la importancia de cuidar el medio ambiente.<\/p>\n<p>Los centros educativos contribuyen en un mundo m\u00e1s sostenible sum\u00e1ndose las campa\u00f1as de sensibilizaci\u00f3n ambiental para concienciar al alumnado y a sus familias de la problem\u00e1tica de la fasto\u00a0fashion, del residuo que genera y de las posibilidades de realizar una buena gesti\u00f3n de este residuo.Estas campa\u00f1as tambi\u00e9n incluyen la instalaci\u00f3n de jaulas por la recogida de ropa durante el cambio de armario recogiendo un total de\u00a05941kg.<\/p>\n<p>Solidan\u00e7a\/Roba\u00a0Amiga el curso 2022, hemos podido sensibilizar a 1314 alumnos a trav\u00e9s de 30 talleres y 42 charlas a 40 escuelas diferentes de Barcelona,\u00a0Cornell\u00e0, Esplugues de Llobregat, Igualada, Martorell, Matadepera, Sant Joan Desp\u00ed, Sant Just Desvern Vallirana y Viladecans.<\/p>\n<p>Las actividades m\u00e1s exitosas de este a\u00f1o han sido el taller de \u00abmotxirretes\u00bb, el taller de libretas con material reciclado y las charlas sobre la gesti\u00f3n del residuo textil.<\/p>\n<p><strong>Gracias a todos los centros educativos para seguir contando con nosotros esperando que el pr\u00f3ximo curso se a\u00f1adan m\u00e1s escuelas.<\/strong><\/p>\n<p>Volvemos en septiembre!<\/p>\n<p><a href=\"https:\/\/solidanca.cat\/wp-content\/uploads\/2022\/07\/Escola-Canig\u00f3-6.jpeg\"><img loading=\"lazy\" decoding=\"async\" class=\"alignnone wp-image-12728\" src=\"https:\/\/solidanca.cat\/wp-content\/uploads\/2022\/07\/Escola-Canig\u00f3-6.jpeg\" alt=\"\" width=\"379\" height=\"213\" \/><\/a>\u00a0\u00a0<a href=\"https:\/\/solidanca.cat\/wp-content\/uploads\/2022\/07\/b38a0c9c-4412-4018-a02b-a3ac9e8720d2-1.jpg\"><img loading=\"lazy\" decoding=\"async\" class=\"alignnone wp-image-12731\" src=\"https:\/\/solidanca.cat\/wp-content\/uploads\/2022\/07\/b38a0c9c-4412-4018-a02b-a3ac9e8720d2-1.jpg\" alt=\"\" width=\"383\" height=\"215\" \/><\/a><\/p>\n<p>&nbsp;<\/p>\n","protected":false},"excerpt":{"rendered":"<p>A\u00a0Solidan\u00e7a\/\u00a0Roba Amiga promovemos el crecimiento de la Econom\u00eda Circular y Social fomentando la educaci\u00f3n ambiental en las escuelas e institutos del&#8230;<\/p>\n","protected":false},"author":3,"featured_media":6311,"comment_status":"open","ping_status":"closed","sticky":false,"template":"","format":"standard","meta":{"_uag_custom_page_level_css":"","_kad_blocks_custom_css":"","_kad_blocks_head_custom_js":"","_kad_blocks_body_custom_js":"","_kad_blocks_footer_custom_js":"","_kad_post_transparent":"","_kad_post_title":"","_kad_post_layout":"","_kad_post_sidebar_id":"","_kad_post_content_style":"","_kad_post_vertical_padding":"","_kad_post_feature":"","_kad_post_feature_position":"","_kad_post_header":false,"_kad_post_footer":false,"_kad_post_classname":"","footnotes":""},"categories":[757,8],"tags":[],"class_list":["post-8262","post","type-post","status-publish","format-standard","has-post-thumbnail","hentry","category-educacion-ambiental","category-sin-categorizar"],"taxonomy_info":{"category":[{"value":757,"label":"Educaci\u00f3n ambiental"},{"value":8,"label":"Sin categorizar"}]},"featured_image_src_large":["https:\/\/solidanca.cat\/wp-content\/uploads\/2025\/04\/FOTO-NOTICIES-WEB-2023-02-01T151121.027-3.jpg",400,200,false],"author_info":{"display_name":"Comunicaci\u00f3","author_link":"https:\/\/solidanca.cat\/es\/author\/comunicacio\/"},"comment_info":0,"category_info":[{"term_id":757,"name":"Educaci\u00f3n ambiental","slug":"educacion-ambiental","term_group":0,"term_taxonomy_id":757,"taxonomy":"category","description":"","parent":0,"count":80,"filter":"raw","cat_ID":757,"category_count":80,"category_description":"","cat_name":"Educaci\u00f3n ambiental","category_nicename":"educacion-ambiental","category_parent":0},{"term_id":8,"name":"Sin categorizar","slug":"sin-categorizar","term_group":0,"term_taxonomy_id":8,"taxonomy":"category","description":"","parent":0,"count":199,"filter":"raw","cat_ID":8,"category_count":199,"category_description":"","cat_name":"Sin categorizar","category_nicename":"sin-categorizar","category_parent":0}],"tag_info":false,"uagb_featured_image_src":{"full":["https:\/\/solidanca.cat\/wp-content\/uploads\/2025\/04\/FOTO-NOTICIES-WEB-2023-02-01T151121.027-3.jpg",400,200,false],"thumbnail":["https:\/\/solidanca.cat\/wp-content\/uploads\/2025\/04\/FOTO-NOTICIES-WEB-2023-02-01T151121.027-3-150x150.jpg",150,150,true],"medium":["https:\/\/solidanca.cat\/wp-content\/uploads\/2025\/04\/FOTO-NOTICIES-WEB-2023-02-01T151121.027-3-300x150.jpg",300,150,true],"medium_large":["https:\/\/solidanca.cat\/wp-content\/uploads\/2025\/04\/FOTO-NOTICIES-WEB-2023-02-01T151121.027-3.jpg",400,200,false],"large":["https:\/\/solidanca.cat\/wp-content\/uploads\/2025\/04\/FOTO-NOTICIES-WEB-2023-02-01T151121.027-3.jpg",400,200,false],"1536x1536":["https:\/\/solidanca.cat\/wp-content\/uploads\/2025\/04\/FOTO-NOTICIES-WEB-2023-02-01T151121.027-3.jpg",400,200,false],"2048x2048":["https:\/\/solidanca.cat\/wp-content\/uploads\/2025\/04\/FOTO-NOTICIES-WEB-2023-02-01T151121.027-3.jpg",400,200,false]},"uagb_author_info":{"display_name":"Comunicaci\u00f3","author_link":"https:\/\/solidanca.cat\/es\/author\/comunicacio\/"},"uagb_comment_info":0,"uagb_excerpt":"A\u00a0Solidan\u00e7a\/\u00a0Roba Amiga promovemos el crecimiento de la Econom\u00eda Circular y Social fomentando la educaci\u00f3n ambiental en las escuelas e institutos del...","_links":{"self":[{"href":"https:\/\/solidanca.cat\/es\/wp-json\/wp\/v2\/posts\/8262","targetHints":{"allow":["GET"]}}],"collection":[{"href":"https:\/\/solidanca.cat\/es\/wp-json\/wp\/v2\/posts"}],"about":[{"href":"https:\/\/solidanca.cat\/es\/wp-json\/wp\/v2\/types\/post"}],"author":[{"embeddable":true,"href":"https:\/\/solidanca.cat\/es\/wp-json\/wp\/v2\/users\/3"}],"replies":[{"embeddable":true,"href":"https:\/\/solidanca.cat\/es\/wp-json\/wp\/v2\/comments?post=8262"}],"version-history":[{"count":0,"href":"https:\/\/solidanca.cat\/es\/wp-json\/wp\/v2\/posts\/8262\/revisions"}],"wp:featuredmedia":[{"embeddable":true,"href":"https:\/\/solidanca.cat\/es\/wp-json\/wp\/v2\/media\/6311"}],"wp:attachment":[{"href":"https:\/\/solidanca.cat\/es\/wp-json\/wp\/v2\/media?parent=8262"}],"wp:term":[{"taxonomy":"category","embeddable":true,"href":"https:\/\/solidanca.cat\/es\/wp-json\/wp\/v2\/categories?post=8262"},{"taxonomy":"post_tag","embeddable":true,"href":"https:\/\/solidanca.cat\/es\/wp-json\/wp\/v2\/tags?post=8262"}],"curies":[{"name":"wp","href":"https:\/\/api.w.org\/{rel}","templated":true}]}}