{"id":8267,"date":"2022-07-12T13:13:17","date_gmt":"2022-07-12T11:13:17","guid":{"rendered":"https:\/\/solidanca.con2webs.es\/nuevo-curso-de-almacen-ecommerce-inicio-septiembre\/"},"modified":"2022-07-13T10:00:19","modified_gmt":"2022-07-13T08:00:19","slug":"nuevo-curso-de-almacen-ecommerce-inicio-septiembre","status":"publish","type":"post","link":"https:\/\/solidanca.cat\/es\/nuevo-curso-de-almacen-ecommerce-inicio-septiembre\/","title":{"rendered":"Nuevo curso de auxiliar de almac\u00e9n (log\u00edstica) en e-commerce. Inicio septiembre"},"content":{"rendered":"<p>Empezamos en septiembre con nuevas disciplinas formativas en el Centro de Formaci\u00f3n Solidan\u00e7a y volvemos a apostar por una modalidad de formaci\u00f3n que hasta ahora ha dado muchas oportunidades de inserci\u00f3n laboral y mucho inter\u00e9s por parte del alumnado. En esta ocasi\u00f3n, repetimos una nueva edici\u00f3n de la formaci\u00f3n en<strong> log\u00edstica en e-commerce<\/strong> para ocupar las posiciones relacionadas con los puestos de trabajo de auxiliar de almac\u00e9n o relacionados. Tal y como exige el mercado laboral en el sector del comercio online, seguimos promoviendo esta formaci\u00f3n en el marco del Punto Formativo Incorpora de la Funcaci\u00f3n \u00abLa Caixa\u00bb con el objetivo de crear nuevas oportunidades laborales de las personas participantes.<\/p>\n<p>Durante el curso\u00a0el alumnado aprender\u00e1 las t\u00e9cnicas b\u00e1sicas en la preparaci\u00f3n y gesti\u00f3n de pedidos online en almac\u00e9n, con los que podr\u00e1n aumentar sus oportunidades de inserci\u00f3n en el mundo laboral. Con el valor a\u00f1adido de <strong>obtener los carn\u00e9s oficiales de carretillero y puente gr\u00faa<\/strong>, dos certificaciones exigidas en estas posiciones.<\/p>\n<blockquote><p>Las formaciones en Solidan\u00e7a son gratuitas y 100% subvencionadas, aportando una parte muy importante de la formaci\u00f3n en el trabajo de las competencias transversales, trabajo de las competencias TIC, preparaci\u00f3n para la b\u00fasqueda de empleo y la oportunidad de poder realizar pr\u00e1cticas en empresas del sector, lo que les permite completar el curr\u00edculum y estar preparadas y preparados para insertarse en el mundo laboral.<\/p><\/blockquote>\n<p><strong>FORMACI\u00d3N EN AUXILIAR DE ALMAC\u00c9N EN E-COMMERCE<\/strong><\/p>\n<p>Inicio el 15 de septiembre y finalizaci\u00f3n el 16 de diciembre.<\/p>\n<p>Un total de 286h de formaci\u00f3n profesionalizadora repartidas en:<a href=\"https:\/\/solidanca.cat\/wp-content\/uploads\/2022\/07\/Formaci\u00f3-100-subvencionada-Treballant-en-digital-2.png\" target=\"_blank\" rel=\"noopener noreferrer\"><img loading=\"lazy\" decoding=\"async\" class=\"alignright wp-image-12807\" src=\"https:\/\/solidanca.cat\/wp-content\/uploads\/2022\/07\/Formaci\u00f3-100-subvencionada-Treballant-en-digital-2.png\" alt=\"\" width=\"366\" height=\"518\" \/><\/a><\/p>\n<ul>\n<li>60h de formaci\u00f3n t\u00e9cnica de auxiliar de almac\u00e9n y e-commerce<\/li>\n<li>80h de formaci\u00f3n en competencias transversal<\/li>\n<li>20h de formaci\u00f3n en competencias digitales<\/li>\n<li>25h de carnet de carretillas elevadoras<\/li>\n<li>16h de carnet puente gr\u00faa<\/li>\n<li><strong>+ 80h de pr\u00e1cticas<\/strong> no laborales en empresas del sector<\/li>\n<li>Seguimiento a trav\u00e9s de tutor\u00edas y atenci\u00f3n personalizada<\/li>\n<\/ul>\n<p><strong>ES NECESARIO DISPONER DE DNI O NIE<\/strong><\/p>\n<p>La formaci\u00f3n va dirigida a personas en situaci\u00f3n de paro y\/o de vulnerabilidad social interesadas en dirigir su carrera profesional hacia el mundo de la log\u00edstica.<\/p>\n<p>Con el apoyo de la Fundaci\u00f3n La Caixa y en el marco del Punto Formativo Incorpora.<\/p>\n<h4>Te invitamos a hacer difusi\u00f3n de esta formaci\u00f3n y, para m\u00e1s informaci\u00f3n, siempre puede contactar con nosotros al: 655 18 91 19 \/ 93 685 44 34 o escribirnos un e-mail a josep.sola@test.solidanca.cat<\/h4>\n<p>&nbsp;<\/p>\n<p>&nbsp;<\/p>\n","protected":false},"excerpt":{"rendered":"<p>Empezamos en septiembre con nuevas disciplinas formativas en el Centro de Formaci\u00f3n Solidan\u00e7a y volvemos a apostar por una modalidad de&#8230;<\/p>\n","protected":false},"author":3,"featured_media":6353,"comment_status":"open","ping_status":"closed","sticky":false,"template":"","format":"standard","meta":{"_uag_custom_page_level_css":"","_kad_blocks_custom_css":"","_kad_blocks_head_custom_js":"","_kad_blocks_body_custom_js":"","_kad_blocks_footer_custom_js":"","_kad_post_transparent":"","_kad_post_title":"","_kad_post_layout":"","_kad_post_sidebar_id":"","_kad_post_content_style":"","_kad_post_vertical_padding":"","_kad_post_feature":"","_kad_post_feature_position":"","_kad_post_header":false,"_kad_post_footer":false,"_kad_post_classname":"","footnotes":""},"categories":[8],"tags":[],"class_list":["post-8267","post","type-post","status-publish","format-standard","has-post-thumbnail","hentry","category-sin-categorizar"],"taxonomy_info":{"category":[{"value":8,"label":"Sin categorizar"}]},"featured_image_src_large":["https:\/\/solidanca.cat\/wp-content\/uploads\/2025\/04\/IMG_2259-3-1024x768.jpeg",1024,768,true],"author_info":{"display_name":"Comunicaci\u00f3","author_link":"https:\/\/solidanca.cat\/es\/author\/comunicacio\/"},"comment_info":0,"category_info":[{"term_id":8,"name":"Sin categorizar","slug":"sin-categorizar","term_group":0,"term_taxonomy_id":8,"taxonomy":"category","description":"","parent":0,"count":199,"filter":"raw","cat_ID":8,"category_count":199,"category_description":"","cat_name":"Sin categorizar","category_nicename":"sin-categorizar","category_parent":0}],"tag_info":false,"uagb_featured_image_src":{"full":["https:\/\/solidanca.cat\/wp-content\/uploads\/2025\/04\/IMG_2259-3.jpeg",2048,1536,false],"thumbnail":["https:\/\/solidanca.cat\/wp-content\/uploads\/2025\/04\/IMG_2259-3-150x150.jpeg",150,150,true],"medium":["https:\/\/solidanca.cat\/wp-content\/uploads\/2025\/04\/IMG_2259-3-300x225.jpeg",300,225,true],"medium_large":["https:\/\/solidanca.cat\/wp-content\/uploads\/2025\/04\/IMG_2259-3-768x576.jpeg",768,576,true],"large":["https:\/\/solidanca.cat\/wp-content\/uploads\/2025\/04\/IMG_2259-3-1024x768.jpeg",1024,768,true],"1536x1536":["https:\/\/solidanca.cat\/wp-content\/uploads\/2025\/04\/IMG_2259-3-1536x1152.jpeg",1536,1152,true],"2048x2048":["https:\/\/solidanca.cat\/wp-content\/uploads\/2025\/04\/IMG_2259-3.jpeg",2048,1536,false]},"uagb_author_info":{"display_name":"Comunicaci\u00f3","author_link":"https:\/\/solidanca.cat\/es\/author\/comunicacio\/"},"uagb_comment_info":0,"uagb_excerpt":"Empezamos en septiembre con nuevas disciplinas formativas en el Centro de Formaci\u00f3n Solidan\u00e7a y volvemos a apostar por una modalidad de...","_links":{"self":[{"href":"https:\/\/solidanca.cat\/es\/wp-json\/wp\/v2\/posts\/8267","targetHints":{"allow":["GET"]}}],"collection":[{"href":"https:\/\/solidanca.cat\/es\/wp-json\/wp\/v2\/posts"}],"about":[{"href":"https:\/\/solidanca.cat\/es\/wp-json\/wp\/v2\/types\/post"}],"author":[{"embeddable":true,"href":"https:\/\/solidanca.cat\/es\/wp-json\/wp\/v2\/users\/3"}],"replies":[{"embeddable":true,"href":"https:\/\/solidanca.cat\/es\/wp-json\/wp\/v2\/comments?post=8267"}],"version-history":[{"count":0,"href":"https:\/\/solidanca.cat\/es\/wp-json\/wp\/v2\/posts\/8267\/revisions"}],"wp:featuredmedia":[{"embeddable":true,"href":"https:\/\/solidanca.cat\/es\/wp-json\/wp\/v2\/media\/6353"}],"wp:attachment":[{"href":"https:\/\/solidanca.cat\/es\/wp-json\/wp\/v2\/media?parent=8267"}],"wp:term":[{"taxonomy":"category","embeddable":true,"href":"https:\/\/solidanca.cat\/es\/wp-json\/wp\/v2\/categories?post=8267"},{"taxonomy":"post_tag","embeddable":true,"href":"https:\/\/solidanca.cat\/es\/wp-json\/wp\/v2\/tags?post=8267"}],"curies":[{"name":"wp","href":"https:\/\/api.w.org\/{rel}","templated":true}]}}