{"id":8281,"date":"2022-07-01T12:21:55","date_gmt":"2022-07-01T10:21:55","guid":{"rendered":"https:\/\/solidanca.con2webs.es\/los-servicios-moviles-autorreparacion-la-didaltruck-la-reparatruck-llegan-la-ciudad-mataro\/"},"modified":"2022-07-01T13:29:21","modified_gmt":"2022-07-01T11:29:21","slug":"los-servicios-moviles-autorreparacion-la-didaltruck-la-reparatruck-llegan-la-ciudad-mataro","status":"publish","type":"post","link":"https:\/\/solidanca.cat\/es\/los-servicios-moviles-autorreparacion-la-didaltruck-la-reparatruck-llegan-la-ciudad-mataro\/","title":{"rendered":"Los servicios m\u00f3viles de autorreparaci\u00f3n de La DidalTruck y La ReparaTruck llegan a la ciudad de Matar\u00f3"},"content":{"rendered":"<p>Los servicios m\u00f3viles de autorreparaci\u00f3n de La DidalTruck y La ReparaTruck llegan a la ciudad de Matar\u00f3 para seguir promoviendo la Econom\u00eda Circular fomentando la prevenci\u00f3n de residuos.<\/p>\n<p>A partir del 1 de julio el Punto verde m\u00f3vil de Matar\u00f3 incorpora los nuevos servicios de autorreparaci\u00f3n y de arreglo de prendas. La DidalTruck es un servicio gratuito para fomentar la prevenci\u00f3n del residuo textil a trav\u00e9s de la costura, el arreglo y el upcycling. Con La Didaltruck te ense\u00f1aremos alargar la vida \u00fatil de tus prendas, La ReparaTruck es un servicio gratuito para fomentar la reparaci\u00f3n y durabilidad de peque\u00f1os electrodom\u00e9sticos, aparatos inform\u00e1ticos y bicicletas. Con la Reparatruck te ense\u00f1aremos a repararlos y alargar su vida \u00fatil.<\/p>\n<p>Tanto la Reparatruck como la Didaltruck ofrecer\u00e1n servicios gratuitos la primera semana de cada mes de forma alterna, es decir, cada mes visitar\u00e1 Matar\u00f3 una de ellas, coincidiendo con el d\u00eda en que el Punto Limpio m\u00f3vil se instala en los siete puntos de la ciudad y en la misma ubicaci\u00f3n. Los horarios de estos nuevos servicios ser\u00e1n: de lunes a viernes de 16 a 19 h, y s\u00e1bados y domingos de 10 a 13 h.<\/p>\n<p>Los objetivos de esta actuaci\u00f3n son:<br \/>\nConcienciar y sensibilizar a la poblaci\u00f3n en los beneficios econ\u00f3micos, ambientales y sociales asociados a la prevenci\u00f3n de residuos, el consumo consciente, el ahorro de CO2, los impactos externalizados&#8230;<br \/>\nCapacitar a la ciudadan\u00eda a la hora de ser aut\u00f3nomos en autorreparaci\u00f3n y mantenimiento preventivo de sus objetos.<br \/>\nEstablecer sinergias entre el punto limpio m\u00f3vil y la autorreparaci\u00f3n a trav\u00e9s de la Reparatruck y la Didaltruck, priorizando la prevenci\u00f3n de residuos como etapa preferente en la gesti\u00f3n de residuos municipales. Tambi\u00e9n son servicios complementarios a los talleres de autorreparaci\u00f3n que se imparten en la Casa Capell en el marco de sus programaciones, igualmente a cargo de Solidan\u00e7a.<br \/>\nCon el apoyo de la Agencia de Residuos de Catalu\u00f1a y el Ayuntamiento de Matar\u00f3.<\/p>\n<p>&nbsp;<\/p>\n<p>&nbsp;<\/p>\n<p><a href=\"https:\/\/solidanca.cat\/wp-content\/uploads\/2022\/07\/WhatsApp-Image-2020-11-12-at-13.52.30.jpeg\"><img loading=\"lazy\" decoding=\"async\" class=\"alignnone  wp-image-12693\" src=\"https:\/\/solidanca.cat\/wp-content\/uploads\/2022\/07\/WhatsApp-Image-2020-11-12-at-13.52.30.jpeg\" alt=\"\" width=\"377\" height=\"212\" \/><\/a> <a href=\"https:\/\/solidanca.cat\/wp-content\/uploads\/2022\/07\/1.jpg\"><img loading=\"lazy\" decoding=\"async\" class=\"alignnone  wp-image-12694\" src=\"https:\/\/solidanca.cat\/wp-content\/uploads\/2022\/07\/1.jpg\" alt=\"\" width=\"375\" height=\"211\" \/><\/a><a href=\"https:\/\/solidanca.cat\/wp-content\/uploads\/2022\/07\/deix-matar\u00f3.png\"><img loading=\"lazy\" decoding=\"async\" class=\"wp-image-12692 aligncenter\" src=\"https:\/\/solidanca.cat\/wp-content\/uploads\/2022\/07\/deix-matar\u00f3.png\" alt=\"\" width=\"430\" height=\"376\" \/><\/a><\/p>\n<p>&nbsp;<\/p>\n","protected":false},"excerpt":{"rendered":"<p>Los servicios m\u00f3viles de autorreparaci\u00f3n de La DidalTruck y La ReparaTruck llegan a la ciudad de Matar\u00f3 para seguir promoviendo la&#8230;<\/p>\n","protected":false},"author":3,"featured_media":6437,"comment_status":"open","ping_status":"closed","sticky":false,"template":"","format":"standard","meta":{"_uag_custom_page_level_css":"","_kad_blocks_custom_css":"","_kad_blocks_head_custom_js":"","_kad_blocks_body_custom_js":"","_kad_blocks_footer_custom_js":"","_kad_post_transparent":"","_kad_post_title":"","_kad_post_layout":"","_kad_post_sidebar_id":"","_kad_post_content_style":"","_kad_post_vertical_padding":"","_kad_post_feature":"","_kad_post_feature_position":"","_kad_post_header":false,"_kad_post_footer":false,"_kad_post_classname":"","footnotes":""},"categories":[757],"tags":[],"class_list":["post-8281","post","type-post","status-publish","format-standard","has-post-thumbnail","hentry","category-educacion-ambiental"],"taxonomy_info":{"category":[{"value":757,"label":"Educaci\u00f3n ambiental"}]},"featured_image_src_large":["https:\/\/solidanca.cat\/wp-content\/uploads\/2025\/04\/IMGL7395-3-1024x683.jpg",1024,683,true],"author_info":{"display_name":"Comunicaci\u00f3","author_link":"https:\/\/solidanca.cat\/es\/author\/comunicacio\/"},"comment_info":0,"category_info":[{"term_id":757,"name":"Educaci\u00f3n ambiental","slug":"educacion-ambiental","term_group":0,"term_taxonomy_id":757,"taxonomy":"category","description":"","parent":0,"count":80,"filter":"raw","cat_ID":757,"category_count":80,"category_description":"","cat_name":"Educaci\u00f3n ambiental","category_nicename":"educacion-ambiental","category_parent":0}],"tag_info":false,"uagb_featured_image_src":{"full":["https:\/\/solidanca.cat\/wp-content\/uploads\/2025\/04\/IMGL7395-3-scaled.jpg",2560,1707,false],"thumbnail":["https:\/\/solidanca.cat\/wp-content\/uploads\/2025\/04\/IMGL7395-3-150x150.jpg",150,150,true],"medium":["https:\/\/solidanca.cat\/wp-content\/uploads\/2025\/04\/IMGL7395-3-300x200.jpg",300,200,true],"medium_large":["https:\/\/solidanca.cat\/wp-content\/uploads\/2025\/04\/IMGL7395-3-768x512.jpg",768,512,true],"large":["https:\/\/solidanca.cat\/wp-content\/uploads\/2025\/04\/IMGL7395-3-1024x683.jpg",1024,683,true],"1536x1536":["https:\/\/solidanca.cat\/wp-content\/uploads\/2025\/04\/IMGL7395-3-1536x1024.jpg",1536,1024,true],"2048x2048":["https:\/\/solidanca.cat\/wp-content\/uploads\/2025\/04\/IMGL7395-3-2048x1365.jpg",2048,1365,true]},"uagb_author_info":{"display_name":"Comunicaci\u00f3","author_link":"https:\/\/solidanca.cat\/es\/author\/comunicacio\/"},"uagb_comment_info":0,"uagb_excerpt":"Los servicios m\u00f3viles de autorreparaci\u00f3n de La DidalTruck y La ReparaTruck llegan a la ciudad de Matar\u00f3 para seguir promoviendo la...","_links":{"self":[{"href":"https:\/\/solidanca.cat\/es\/wp-json\/wp\/v2\/posts\/8281","targetHints":{"allow":["GET"]}}],"collection":[{"href":"https:\/\/solidanca.cat\/es\/wp-json\/wp\/v2\/posts"}],"about":[{"href":"https:\/\/solidanca.cat\/es\/wp-json\/wp\/v2\/types\/post"}],"author":[{"embeddable":true,"href":"https:\/\/solidanca.cat\/es\/wp-json\/wp\/v2\/users\/3"}],"replies":[{"embeddable":true,"href":"https:\/\/solidanca.cat\/es\/wp-json\/wp\/v2\/comments?post=8281"}],"version-history":[{"count":0,"href":"https:\/\/solidanca.cat\/es\/wp-json\/wp\/v2\/posts\/8281\/revisions"}],"wp:featuredmedia":[{"embeddable":true,"href":"https:\/\/solidanca.cat\/es\/wp-json\/wp\/v2\/media\/6437"}],"wp:attachment":[{"href":"https:\/\/solidanca.cat\/es\/wp-json\/wp\/v2\/media?parent=8281"}],"wp:term":[{"taxonomy":"category","embeddable":true,"href":"https:\/\/solidanca.cat\/es\/wp-json\/wp\/v2\/categories?post=8281"},{"taxonomy":"post_tag","embeddable":true,"href":"https:\/\/solidanca.cat\/es\/wp-json\/wp\/v2\/tags?post=8281"}],"curies":[{"name":"wp","href":"https:\/\/api.w.org\/{rel}","templated":true}]}}