{"id":8286,"date":"2022-06-16T06:46:59","date_gmt":"2022-06-16T04:46:59","guid":{"rendered":"https:\/\/solidanca.con2webs.es\/participamos-ano-mas-congreso-del-tercer-sector-social-cataluna-2\/"},"modified":"2022-06-16T11:26:47","modified_gmt":"2022-06-16T09:26:47","slug":"participamos-ano-mas-congreso-del-tercer-sector-social-cataluna-2","status":"publish","type":"post","link":"https:\/\/solidanca.cat\/es\/participamos-ano-mas-congreso-del-tercer-sector-social-cataluna-2\/","title":{"rendered":"Participamos un a\u00f1o m\u00e1s en el Congreso del Tercer Sector Social de Catalu\u00f1a"},"content":{"rendered":"<p>El pasado 15 y 16 de junio participamos una vez m\u00e1s en el 7\u00ba Congreso del Tercer Sector Social de Catalu\u00f1a que organiza la Mesa de entidades del Tercer Sector Social de Catalu\u00f1a en el Petit Palau del Palau de la M\u00fasica Catalana, en Barcelona.<\/p>\n<p>Este a\u00f1o bajo el lema \u00abEl reto de la reconstrucci\u00f3n social: nuevas respuestas desde el Tercer Sector Social\u00bb una veintena de personas expertas reflexionaron desde diferentes \u00e1mbitos sobre el reto de la reconstrucci\u00f3n social y las nuevas respuestas desde el tercer sector de reconocido prestigio y amplia experiencia abordaron los \u00e1mbitos clave para la recuperaci\u00f3n pospand\u00e9mica a trav\u00e9s de un mensaje de bienvenida, una conferencia inaugural, cuatro sesiones plenarias y una entrevista de clausura.<\/p>\n<p>Desde Solidan\u00e7a participamos en la Mesa de Pol\u00edticas de Empleo, Raquel Casanoves, responsable del \u00e1rea social y Laia Vidal, t\u00e9cnica de proyectos, hablaron sobre el dispositivo de acompa\u00f1amiento a arraigo y formaci\u00f3n profesionalizadora de personas migradas en situaci\u00f3n administrativa irregular explicando nuestros proyectos de <em>AMBConexi\u00f3<\/em> y <em>Ocupat<\/em> de la convocatoria COSPE de la l\u00ednea de subvenciones del Departament de Treball de la Generalitat.<\/p>\n<p>El acto comenz\u00f3 con una bienvenida de la mano de Sandrine Dixson-Decl\u00e8ve, copresidenta del Club de Roma, experta en pol\u00edtica energ\u00e9tica que dio el pistoletazo de salida a las jornadas. El acto sigui\u00f3 con la Conferencia inaugural a cargo de Cormac Russell, director general y fundador de Nurture Development. A continuaci\u00f3n se iniciaron cuatro sesiones plenarias sobre distintos temas del sector social.<\/p>\n<p>El acto se cerr\u00f3 con la entrevista de clausura con Esther Vera, periodista, polit\u00f3loga y directora del Diari Ara, que ofreci\u00f3 su visi\u00f3n sobre el tercer sector social, las pol\u00edticas sociales y el papel de los medios de comunicaci\u00f3n.<\/p>\n<p>Finalmente, durante la tarde del 15 de junio tuvieron lugar las 6 mesas de trabajo de experiencias en formato telem\u00e1tico con buenas pr\u00e1cticas que entidades sociales catalanas, pero tambi\u00e9n europeas, llevaron a cabo durante la pandemia.<\/p>\n<ul>\n<li>Vivienda.<\/li>\n<li>Pol\u00edticas de empleo (donde particip\u00f3 Solidan\u00e7a)<\/li>\n<li>Digitalizaci\u00f3n.<\/li>\n<li>Modelo de atenci\u00f3n comunitario y centrado en la persona.<\/li>\n<li>Gesti\u00f3n \u00e9tica.<\/li>\n<li>Comunicaci\u00f3n y visibilizaci\u00f3n.<\/li>\n<li>Un espacio de reflexi\u00f3n y encuentro muy interesante.<\/li>\n<\/ul>\n<p>\u00a1Un placer poder participar un a\u00f1o m\u00e1s!<\/p>\n<p>&nbsp;<\/p>\n<p>&nbsp;<\/p>\n","protected":false},"excerpt":{"rendered":"<p>El pasado 15 y 16 de junio participamos una vez m\u00e1s en el 7\u00ba Congreso del Tercer Sector Social de Catalu\u00f1a&#8230;<\/p>\n","protected":false},"author":3,"featured_media":6252,"comment_status":"open","ping_status":"closed","sticky":false,"template":"","format":"standard","meta":{"_uag_custom_page_level_css":"","_kad_blocks_custom_css":"","_kad_blocks_head_custom_js":"","_kad_blocks_body_custom_js":"","_kad_blocks_footer_custom_js":"","_kad_post_transparent":"","_kad_post_title":"","_kad_post_layout":"","_kad_post_sidebar_id":"","_kad_post_content_style":"","_kad_post_vertical_padding":"","_kad_post_feature":"","_kad_post_feature_position":"","_kad_post_header":false,"_kad_post_footer":false,"_kad_post_classname":"","footnotes":""},"categories":[763],"tags":[],"class_list":["post-8286","post","type-post","status-publish","format-standard","has-post-thumbnail","hentry","category-area-social-es"],"taxonomy_info":{"category":[{"value":763,"label":"Area Social"}]},"featured_image_src_large":["https:\/\/solidanca.cat\/wp-content\/uploads\/2025\/04\/AMB-Residus-3.jpg",286,42,false],"author_info":{"display_name":"Comunicaci\u00f3","author_link":"https:\/\/solidanca.cat\/es\/author\/comunicacio\/"},"comment_info":0,"category_info":[{"term_id":763,"name":"Area Social","slug":"area-social-es","term_group":0,"term_taxonomy_id":763,"taxonomy":"category","description":"","parent":0,"count":208,"filter":"raw","cat_ID":763,"category_count":208,"category_description":"","cat_name":"Area Social","category_nicename":"area-social-es","category_parent":0}],"tag_info":false,"uagb_featured_image_src":{"full":["https:\/\/solidanca.cat\/wp-content\/uploads\/2025\/04\/AMB-Residus-3.jpg",286,42,false],"thumbnail":["https:\/\/solidanca.cat\/wp-content\/uploads\/2025\/04\/AMB-Residus-3-150x42.jpg",150,42,true],"medium":["https:\/\/solidanca.cat\/wp-content\/uploads\/2025\/04\/AMB-Residus-3.jpg",286,42,false],"medium_large":["https:\/\/solidanca.cat\/wp-content\/uploads\/2025\/04\/AMB-Residus-3.jpg",286,42,false],"large":["https:\/\/solidanca.cat\/wp-content\/uploads\/2025\/04\/AMB-Residus-3.jpg",286,42,false],"1536x1536":["https:\/\/solidanca.cat\/wp-content\/uploads\/2025\/04\/AMB-Residus-3.jpg",286,42,false],"2048x2048":["https:\/\/solidanca.cat\/wp-content\/uploads\/2025\/04\/AMB-Residus-3.jpg",286,42,false]},"uagb_author_info":{"display_name":"Comunicaci\u00f3","author_link":"https:\/\/solidanca.cat\/es\/author\/comunicacio\/"},"uagb_comment_info":0,"uagb_excerpt":"El pasado 15 y 16 de junio participamos una vez m\u00e1s en el 7\u00ba Congreso del Tercer Sector Social de Catalu\u00f1a...","_links":{"self":[{"href":"https:\/\/solidanca.cat\/es\/wp-json\/wp\/v2\/posts\/8286","targetHints":{"allow":["GET"]}}],"collection":[{"href":"https:\/\/solidanca.cat\/es\/wp-json\/wp\/v2\/posts"}],"about":[{"href":"https:\/\/solidanca.cat\/es\/wp-json\/wp\/v2\/types\/post"}],"author":[{"embeddable":true,"href":"https:\/\/solidanca.cat\/es\/wp-json\/wp\/v2\/users\/3"}],"replies":[{"embeddable":true,"href":"https:\/\/solidanca.cat\/es\/wp-json\/wp\/v2\/comments?post=8286"}],"version-history":[{"count":0,"href":"https:\/\/solidanca.cat\/es\/wp-json\/wp\/v2\/posts\/8286\/revisions"}],"wp:featuredmedia":[{"embeddable":true,"href":"https:\/\/solidanca.cat\/es\/wp-json\/wp\/v2\/media\/6252"}],"wp:attachment":[{"href":"https:\/\/solidanca.cat\/es\/wp-json\/wp\/v2\/media?parent=8286"}],"wp:term":[{"taxonomy":"category","embeddable":true,"href":"https:\/\/solidanca.cat\/es\/wp-json\/wp\/v2\/categories?post=8286"},{"taxonomy":"post_tag","embeddable":true,"href":"https:\/\/solidanca.cat\/es\/wp-json\/wp\/v2\/tags?post=8286"}],"curies":[{"name":"wp","href":"https:\/\/api.w.org\/{rel}","templated":true}]}}