{"id":8301,"date":"2022-09-07T12:29:28","date_gmt":"2022-09-07T10:29:28","guid":{"rendered":"https:\/\/solidanca.con2webs.es\/empieza-el-otono-con-encanto-una-recopilacion-de-talleres-y-actividades-en-salt-para-fomentar-la-autoreparacion\/"},"modified":"2022-09-07T12:28:26","modified_gmt":"2022-09-07T10:28:26","slug":"empieza-el-otono-con-encanto-una-recopilacion-de-talleres-y-actividades-en-salt-para-fomentar-la-autoreparacion","status":"publish","type":"post","link":"https:\/\/solidanca.cat\/es\/empieza-el-otono-con-encanto-una-recopilacion-de-talleres-y-actividades-en-salt-para-fomentar-la-autoreparacion\/","title":{"rendered":"Empieza &#8216;La Tardor amb Encant&#8217;, una recopilaci\u00f3n de talleres y actividades en SALT para fomentar la autoreparaci\u00f3n"},"content":{"rendered":"<p>La tienda del <strong>Encant de Salt<\/strong> emplazar\u00e1 durante los meses de<strong> septiembre, octubre y noviembre<\/strong>, una programaci\u00f3n llena de <strong>talleres, vermuts y desfiles,<\/strong> para recibir el oto\u00f1o de la mejor manera posible y acercar el espacio a la ciudadan\u00eda de Salt y de Gerona.<\/p>\n<p>Las actividades estar\u00e1n enmarcadas en &#8216;<a href=\"https:\/\/www.instagram.com\/robaamigagirona\/?hl=es\" target=\"_blank\" rel=\"noopener\"><strong>La Tardor amb Encant<\/strong><\/a>&#8216;, una iniciativa dinamizada por <strong>Roba Amiga Girona<\/strong> con el \u00e1nimo de sensibilizar a la poblaci\u00f3n sobre la importancia de la autoreparaci\u00f3n y la prevenci\u00f3n de residuos.<a href=\"https:\/\/solidanca.cat\/wp-content\/uploads\/2022\/09\/Cartell-actualitzat-ADAD_mobles-olot-i-Botiga-Figueres.jpg\"><img loading=\"lazy\" decoding=\"async\" class=\" wp-image-13052 alignright\" src=\"https:\/\/solidanca.cat\/wp-content\/uploads\/2022\/09\/Cartell-actualitzat-ADAD_mobles-olot-i-Botiga-Figueres-212x300.jpg\" alt=\"\" width=\"273\" height=\"386\" \/><\/a><\/p>\n<p>Al mismo tiempo, tambi\u00e9n se incluir\u00e1n otros eventos, como <strong>vermuts solidarios o un desfile de moda sostenible<\/strong>, con el prop\u00f3sito de dar a conocer la tienda y su proyecto, adem\u00e1s de promover un modelo de consumo \u00e9tico y sostenible, respetuoso con el medio ambiente y el entorno.<\/p>\n<p>Por tanto, durante el pr\u00f3ximo trimestre, todos los <strong>s\u00e1bados por la ma\u00f1ana<\/strong>, de <strong>10 a 14 h<\/strong>, el Encant de Salt ofrecer\u00e1 las siguientes actividades gratuitas para todos los p\u00fablicos:<\/p>\n<ul>\n<li><strong>Vermut solidario:<\/strong> el 10 de septiembre y el 8 de octubre.<\/li>\n<li><strong>Taller de mantenimiento y reparaci\u00f3n de bicicletas:<\/strong> 17 de septiembre y 15 de octubre.<\/li>\n<li><strong>Taller de restauraci\u00f3n de peque\u00f1os muebles y espejos:<\/strong> el 24 de septiembre y el 22 de octubre.<\/li>\n<li><strong>Desfile de moda sostenible<\/strong>: el 25 de noviembre.<\/li>\n<\/ul>\n<p>Nuestras tiendas son m\u00e1s que un espacio de venta, y por eso queremos que el <strong>Encant de Salt<\/strong> se convierta en una zona dinamizada donde <strong>compartir, aprender, y promover<\/strong> un mundo m\u00e1s sostenible, solidario y \u00e9tico.<\/p>\n<h4><em>Consulta toda la programaci\u00f3n en la agenda web de la entidad para no perderte ning\u00fan evento. \u00a1Te esperamos!<\/em><\/h4>\n<p>&nbsp;<\/p>\n","protected":false},"excerpt":{"rendered":"<p>La tienda del Encant de Salt emplazar\u00e1 durante los meses de septiembre, octubre y noviembre, una programaci\u00f3n llena de talleres, vermuts&#8230;<\/p>\n","protected":false},"author":2,"featured_media":6538,"comment_status":"open","ping_status":"closed","sticky":false,"template":"","format":"standard","meta":{"_uag_custom_page_level_css":"","_kad_blocks_custom_css":"","_kad_blocks_head_custom_js":"","_kad_blocks_body_custom_js":"","_kad_blocks_footer_custom_js":"","_kad_post_transparent":"","_kad_post_title":"","_kad_post_layout":"","_kad_post_sidebar_id":"","_kad_post_content_style":"","_kad_post_vertical_padding":"","_kad_post_feature":"","_kad_post_feature_position":"","_kad_post_header":false,"_kad_post_footer":false,"_kad_post_classname":"","footnotes":""},"categories":[757,761,765],"tags":[],"class_list":["post-8301","post","type-post","status-publish","format-standard","has-post-thumbnail","hentry","category-educacion-ambiental","category-medio-ambiente","category-roba-amiga-2"],"taxonomy_info":{"category":[{"value":757,"label":"Educaci\u00f3n ambiental"},{"value":761,"label":"MEDIO AMBIENTE"},{"value":765,"label":"Roba Amiga"}]},"featured_image_src_large":["https:\/\/solidanca.cat\/wp-content\/uploads\/2025\/04\/800358_logo_angles_degradat_ajust_optic_A3-3-1024x724.png",1024,724,true],"author_info":{"display_name":"Solidan\u00e7a","author_link":"https:\/\/solidanca.cat\/es\/author\/alberg\/"},"comment_info":0,"category_info":[{"term_id":757,"name":"Educaci\u00f3n ambiental","slug":"educacion-ambiental","term_group":0,"term_taxonomy_id":757,"taxonomy":"category","description":"","parent":0,"count":80,"filter":"raw","cat_ID":757,"category_count":80,"category_description":"","cat_name":"Educaci\u00f3n ambiental","category_nicename":"educacion-ambiental","category_parent":0},{"term_id":761,"name":"MEDIO AMBIENTE","slug":"medio-ambiente","term_group":0,"term_taxonomy_id":761,"taxonomy":"category","description":"","parent":0,"count":263,"filter":"raw","cat_ID":761,"category_count":263,"category_description":"","cat_name":"MEDIO AMBIENTE","category_nicename":"medio-ambiente","category_parent":0},{"term_id":765,"name":"Roba Amiga","slug":"roba-amiga-2","term_group":0,"term_taxonomy_id":765,"taxonomy":"category","description":"","parent":0,"count":46,"filter":"raw","cat_ID":765,"category_count":46,"category_description":"","cat_name":"Roba Amiga","category_nicename":"roba-amiga-2","category_parent":0}],"tag_info":false,"uagb_featured_image_src":{"full":["https:\/\/solidanca.cat\/wp-content\/uploads\/2025\/04\/800358_logo_angles_degradat_ajust_optic_A3-3.png",1191,842,false],"thumbnail":["https:\/\/solidanca.cat\/wp-content\/uploads\/2025\/04\/800358_logo_angles_degradat_ajust_optic_A3-3-150x150.png",150,150,true],"medium":["https:\/\/solidanca.cat\/wp-content\/uploads\/2025\/04\/800358_logo_angles_degradat_ajust_optic_A3-3-300x212.png",300,212,true],"medium_large":["https:\/\/solidanca.cat\/wp-content\/uploads\/2025\/04\/800358_logo_angles_degradat_ajust_optic_A3-3-768x543.png",768,543,true],"large":["https:\/\/solidanca.cat\/wp-content\/uploads\/2025\/04\/800358_logo_angles_degradat_ajust_optic_A3-3-1024x724.png",1024,724,true],"1536x1536":["https:\/\/solidanca.cat\/wp-content\/uploads\/2025\/04\/800358_logo_angles_degradat_ajust_optic_A3-3.png",1191,842,false],"2048x2048":["https:\/\/solidanca.cat\/wp-content\/uploads\/2025\/04\/800358_logo_angles_degradat_ajust_optic_A3-3.png",1191,842,false]},"uagb_author_info":{"display_name":"Solidan\u00e7a","author_link":"https:\/\/solidanca.cat\/es\/author\/alberg\/"},"uagb_comment_info":0,"uagb_excerpt":"La tienda del Encant de Salt emplazar\u00e1 durante los meses de septiembre, octubre y noviembre, una programaci\u00f3n llena de talleres, vermuts...","_links":{"self":[{"href":"https:\/\/solidanca.cat\/es\/wp-json\/wp\/v2\/posts\/8301","targetHints":{"allow":["GET"]}}],"collection":[{"href":"https:\/\/solidanca.cat\/es\/wp-json\/wp\/v2\/posts"}],"about":[{"href":"https:\/\/solidanca.cat\/es\/wp-json\/wp\/v2\/types\/post"}],"author":[{"embeddable":true,"href":"https:\/\/solidanca.cat\/es\/wp-json\/wp\/v2\/users\/2"}],"replies":[{"embeddable":true,"href":"https:\/\/solidanca.cat\/es\/wp-json\/wp\/v2\/comments?post=8301"}],"version-history":[{"count":0,"href":"https:\/\/solidanca.cat\/es\/wp-json\/wp\/v2\/posts\/8301\/revisions"}],"wp:featuredmedia":[{"embeddable":true,"href":"https:\/\/solidanca.cat\/es\/wp-json\/wp\/v2\/media\/6538"}],"wp:attachment":[{"href":"https:\/\/solidanca.cat\/es\/wp-json\/wp\/v2\/media?parent=8301"}],"wp:term":[{"taxonomy":"category","embeddable":true,"href":"https:\/\/solidanca.cat\/es\/wp-json\/wp\/v2\/categories?post=8301"},{"taxonomy":"post_tag","embeddable":true,"href":"https:\/\/solidanca.cat\/es\/wp-json\/wp\/v2\/tags?post=8301"}],"curies":[{"name":"wp","href":"https:\/\/api.w.org\/{rel}","templated":true}]}}