{"id":8324,"date":"2022-10-19T11:23:56","date_gmt":"2022-10-19T09:23:56","guid":{"rendered":"https:\/\/solidanca.con2webs.es\/solidanca-jurado-de-los-premios-la-confederacio-2022\/"},"modified":"2025-04-02T13:25:29","modified_gmt":"2025-04-02T11:25:29","slug":"solidanca-jurado-de-los-premios-la-confederacio-2022","status":"publish","type":"post","link":"https:\/\/solidanca.cat\/es\/solidanca-jurado-de-los-premios-la-confederacio-2022\/","title":{"rendered":"Solidan\u00e7a, jurado de los Premios La Confederaci\u00f3 2022"},"content":{"rendered":"<p>Esta semana, hemos participado como <strong>jurado<\/strong> en la <a href=\"https:\/\/laconfederacio.org\/que-fem\/premis-la-confederacio\/premis-la-confederacio-2022\/\" target=\"_blank\" rel=\"noopener\"><strong>sexta edici\u00f3n de los Premios La Confederaci\u00f3n<\/strong><\/a>, en el marco del 25 aniversario de esta organizaci\u00f3n al servicio de las entidades sociales en Catlaunya.<\/p>\n<p>Un a\u00f1o m\u00e1s, este acto est\u00e1 dedicado a <strong>reconocer el esfuerzo de iniciativas innovadoras<\/strong> en el \u00e1mbito de la gobernanza y de la transformaci\u00f3n social llevadas a cabo por<strong> entidades del Tercer Sector Social.<\/strong><\/p>\n<p>El a\u00f1o pasado, <a href=\"https:\/\/solidanca.cat\/es\/solidanca-gana-premio-la-confederacion-2021-proyecto-reconnectat\/\">Solidan\u00e7a fue ganadora del premio con el proyecto Reconecta&#8217;t<\/a>, una iniciativa con el prop\u00f3sito de hacer frente a la <strong>brecha digital<\/strong> que se ha visto agravada por la pandemia de la Covid-19 y sus efectos de sobre digitalizaci\u00f3n a familias con pocos recursos.<\/p>\n<p>Este a\u00f1o, Solidan\u00e7a ha sido parte del<strong> jurado de los Premios<\/strong>, como referente de un sector social clave al servicio de la ciudadan\u00eda, que trabaja para fomentar un sistema que coloque a las personas y el medio ambiente en el centro.<\/p>\n<p>Las galardonadas de este a\u00f1o han sido las iniciativas <strong>\u00abConstruimos FEDAIA\u00bb<\/strong> de FEDAIA;<strong> \u00abTransici\u00f3n Feminista\u00bb<\/strong> de Escoltes Catalans; <strong>\u00abElla App\u00bb<\/strong> de M\u00e9dicos del Mundo y <strong>\u00abCoop_era\u00bb<\/strong>, de Actua SCCL, y un acc\u00e9sit a la iniciativa <strong>\u00abHogares El Paso\u00bb<\/strong> de la Asociaci\u00f3n Punt de Referencia.<\/p>\n<p>El acto ha reunido a cerca de <strong>200 personas<\/strong> entre representantes del sector, entidades y socias de La Confederaci\u00f3n, y ha contado con la presencia y las intervenciones del consejero de Derechos Sociales de la Generalidad de Catalu\u00f1a, el diputado presidente delegado del \u00c1rea de Educaci\u00f3n, Deportes y Juventud de la Diputaci\u00f3n de Barcelona y la comisionada de Acci\u00f3n Social del Ayuntamiento de Barcelona.<\/p>\n<p>Convertidos en un referente, los Premios La Confederaci\u00f3n tienen un doble objetivo: Dar visibilidad y destacar el<strong> valor de aportaci\u00f3n del Tercer Sector Social<\/strong> como sector generador de actividad econ\u00f3mica a trav\u00e9s de modelos de gesti\u00f3n que profundizan en la calidad democr\u00e1tica y en la transformaci\u00f3n social, con alto impacto en la comunidad y en el territorio; y <strong>promover la r\u00e9plica de buenas pr\u00e1cticas<\/strong> y experiencias en otras organizaciones del sector.<\/p>\n<h4><em><strong>Seguimos trabajando por una sociedad m\u00e1s justa, solidaria y respetuosa con el medio ambiente.<\/strong><\/em><\/h4>\n","protected":false},"excerpt":{"rendered":"<p>Esta semana, hemos participado como jurado en la sexta edici\u00f3n de los Premios La Confederaci\u00f3n, en el marco del 25 aniversario&#8230;<\/p>\n","protected":false},"author":2,"featured_media":6654,"comment_status":"open","ping_status":"closed","sticky":false,"template":"","format":"standard","meta":{"_uag_custom_page_level_css":"","_kad_blocks_custom_css":"","_kad_blocks_head_custom_js":"","_kad_blocks_body_custom_js":"","_kad_blocks_footer_custom_js":"","_kad_post_transparent":"","_kad_post_title":"","_kad_post_layout":"","_kad_post_sidebar_id":"","_kad_post_content_style":"","_kad_post_vertical_padding":"","_kad_post_feature":"","_kad_post_feature_position":"","_kad_post_header":false,"_kad_post_footer":false,"_kad_post_classname":"","footnotes":""},"categories":[763,761],"tags":[],"class_list":["post-8324","post","type-post","status-publish","format-standard","has-post-thumbnail","hentry","category-area-social-es","category-medio-ambiente"],"taxonomy_info":{"category":[{"value":763,"label":"Area Social"},{"value":761,"label":"MEDIO AMBIENTE"}]},"featured_image_src_large":["https:\/\/solidanca.cat\/wp-content\/uploads\/2025\/04\/FOTO-NOTICIES-WEB-11-17.png",400,200,false],"author_info":{"display_name":"Solidan\u00e7a","author_link":"https:\/\/solidanca.cat\/es\/author\/alberg\/"},"comment_info":0,"category_info":[{"term_id":763,"name":"Area Social","slug":"area-social-es","term_group":0,"term_taxonomy_id":763,"taxonomy":"category","description":"","parent":0,"count":205,"filter":"raw","cat_ID":763,"category_count":205,"category_description":"","cat_name":"Area Social","category_nicename":"area-social-es","category_parent":0},{"term_id":761,"name":"MEDIO AMBIENTE","slug":"medio-ambiente","term_group":0,"term_taxonomy_id":761,"taxonomy":"category","description":"","parent":0,"count":263,"filter":"raw","cat_ID":761,"category_count":263,"category_description":"","cat_name":"MEDIO AMBIENTE","category_nicename":"medio-ambiente","category_parent":0}],"tag_info":false,"uagb_featured_image_src":{"full":["https:\/\/solidanca.cat\/wp-content\/uploads\/2025\/04\/FOTO-NOTICIES-WEB-11-17.png",400,200,false],"thumbnail":["https:\/\/solidanca.cat\/wp-content\/uploads\/2025\/04\/FOTO-NOTICIES-WEB-11-17-150x150.png",150,150,true],"medium":["https:\/\/solidanca.cat\/wp-content\/uploads\/2025\/04\/FOTO-NOTICIES-WEB-11-17-300x150.png",300,150,true],"medium_large":["https:\/\/solidanca.cat\/wp-content\/uploads\/2025\/04\/FOTO-NOTICIES-WEB-11-17.png",400,200,false],"large":["https:\/\/solidanca.cat\/wp-content\/uploads\/2025\/04\/FOTO-NOTICIES-WEB-11-17.png",400,200,false],"1536x1536":["https:\/\/solidanca.cat\/wp-content\/uploads\/2025\/04\/FOTO-NOTICIES-WEB-11-17.png",400,200,false],"2048x2048":["https:\/\/solidanca.cat\/wp-content\/uploads\/2025\/04\/FOTO-NOTICIES-WEB-11-17.png",400,200,false]},"uagb_author_info":{"display_name":"Solidan\u00e7a","author_link":"https:\/\/solidanca.cat\/es\/author\/alberg\/"},"uagb_comment_info":0,"uagb_excerpt":"Esta semana, hemos participado como jurado en la sexta edici\u00f3n de los Premios La Confederaci\u00f3n, en el marco del 25 aniversario...","_links":{"self":[{"href":"https:\/\/solidanca.cat\/es\/wp-json\/wp\/v2\/posts\/8324","targetHints":{"allow":["GET"]}}],"collection":[{"href":"https:\/\/solidanca.cat\/es\/wp-json\/wp\/v2\/posts"}],"about":[{"href":"https:\/\/solidanca.cat\/es\/wp-json\/wp\/v2\/types\/post"}],"author":[{"embeddable":true,"href":"https:\/\/solidanca.cat\/es\/wp-json\/wp\/v2\/users\/2"}],"replies":[{"embeddable":true,"href":"https:\/\/solidanca.cat\/es\/wp-json\/wp\/v2\/comments?post=8324"}],"version-history":[{"count":1,"href":"https:\/\/solidanca.cat\/es\/wp-json\/wp\/v2\/posts\/8324\/revisions"}],"predecessor-version":[{"id":8669,"href":"https:\/\/solidanca.cat\/es\/wp-json\/wp\/v2\/posts\/8324\/revisions\/8669"}],"wp:featuredmedia":[{"embeddable":true,"href":"https:\/\/solidanca.cat\/es\/wp-json\/wp\/v2\/media\/6654"}],"wp:attachment":[{"href":"https:\/\/solidanca.cat\/es\/wp-json\/wp\/v2\/media?parent=8324"}],"wp:term":[{"taxonomy":"category","embeddable":true,"href":"https:\/\/solidanca.cat\/es\/wp-json\/wp\/v2\/categories?post=8324"},{"taxonomy":"post_tag","embeddable":true,"href":"https:\/\/solidanca.cat\/es\/wp-json\/wp\/v2\/tags?post=8324"}],"curies":[{"name":"wp","href":"https:\/\/api.w.org\/{rel}","templated":true}]}}