{"id":8326,"date":"2022-10-24T07:20:19","date_gmt":"2022-10-24T05:20:19","guid":{"rendered":"https:\/\/solidanca.con2webs.es\/un-ano-mas-solidanca-forma-parte-de-la-feria-de-economia-solidaria-de-cataluna\/"},"modified":"2022-10-24T08:04:44","modified_gmt":"2022-10-24T06:04:44","slug":"un-ano-mas-solidanca-forma-parte-de-la-feria-de-economia-solidaria-de-cataluna","status":"publish","type":"post","link":"https:\/\/solidanca.cat\/es\/un-ano-mas-solidanca-forma-parte-de-la-feria-de-economia-solidaria-de-cataluna\/","title":{"rendered":"Un a\u00f1o m\u00e1s, Solidan\u00e7a forma parte de la Feria de Econom\u00eda Solidaria de Catalu\u00f1a"},"content":{"rendered":"<p>Este fin de semana, como cada a\u00f1o, hemos participado en la FESC, la <a href=\"https:\/\/fesc.xes.cat\/\" target=\"_blank\" rel=\"noopener\"><strong>XI Feria de Econom\u00eda Solidaria de Catalu\u00f1a<\/strong><\/a>, impulsada por la <a href=\"https:\/\/xes.cat\/\" target=\"_blank\" rel=\"noopener\"><strong>Red de Econom\u00eda Solidaria<\/strong><\/a>, un evento referente de encuentro y exposici\u00f3n de la <strong>Econom\u00eda Social y Solidaria.<\/strong><\/p>\n<p>Ubicado este a\u00f1o en el recinto fabril de Fabra i Coats, en Barcelona, \u200b\u200bSolidan\u00e7a ha formado parte en varias <strong>charlas y actividades<\/strong>, adem\u00e1s de hacer presencia con la parada de la entidad, con informaci\u00f3n sobre la Fundaci\u00f3n y los proyectos que se ejecuten.<\/p>\n<p>El stand de siempre, ubicado en el Sector Textil del patio del recinto, ha reunido <strong>informaci\u00f3n diversa<\/strong> sobre la <strong>acci\u00f3n social y medioambiental<\/strong> que difunde Solidan\u00e7a, con carteles y flyers sobre nuestras tiendas de segunda mano, de los servicios de sensibilizaci\u00f3n y prevenci\u00f3n de residuos como son la ReparaTruck y la DidalTruck o con la venta de peces de ropa de la colecci\u00f3n de Upcycling propia de la Didal Up.<\/p>\n<p>Adem\u00e1s, hemos expuesto la <strong>rueda de la ropa<\/strong>, una rueda de madera con la que explicamos el <strong>circuito que vive la ropa,<\/strong> desde que se deposita en los contenedores de residuo textil de Solidan\u00e7a \/ Ropa Amiga, hasta que se reubica de nuevo en las tiendas de venta de segunda mano, con el objetivo de alargar su vida \u00fatil y evitar la generaci\u00f3n de nuevos residuos.<\/p>\n<p>La <strong>Didal Up<\/strong>, adem\u00e1s de estar expuesta en el tenderete, ha desfilado en el <strong>Desfile de Moda Sostenible<\/strong> organizado por <a href=\"https:\/\/lacoordi.cat\/\" target=\"_blank\" rel=\"noopener\">LaCoordi<\/a>, un evento que ha reunido diversas iniciativas que trabajen para dar circularidad a la ropa y proponer alternativas al fastfashion.\u00a0La nueva colecci\u00f3n de Didal-up recibe el apoyo del Ayuntamiento de Barcelona a trav\u00e9s de la convocatoria general de subvenciones para proyectos, actividades y servicios de distrito y ciudad 2022.<\/p>\n<p>Por otra parte, hemos formado parte activamente de <strong>diversas charlas<\/strong> que nos han permitido poner en com\u00fan, generar debates y compartir reflexiones sobre la econom\u00eda y su entorno. Empezando el s\u00e1bado por la tarde, a las 16:30h, <strong>Adri\u00e0 And\u00fajar<\/strong>, profesional del \u00e1rea medioambiental de Solidan\u00e7a, intervino en \u00ab<a href=\"https:\/\/fesc.xes.cat\/activitats\/cafe-amb-costura-pren-te-un-cafe-de-comerc-just-i-descobreix-roba-amb-consciencia\/\" target=\"_blank\" rel=\"noopener\">Caf\u00e9 con costura. T\u00f3mate un caf\u00e9 de comercio justo y descubre ropa con conciencia.\u00bb<\/a>, un encuentro para presentar diferentes iniciativas que visibilicen <strong>experiencias de ropa sostenible<\/strong> en un espacio informal de intercambio.<\/p>\n<p>El domingo por la ma\u00f1ana, a las 12:30h, organizaremos la <strong>Mesa Redonda<\/strong> <a href=\"https:\/\/fesc.xes.cat\/activitats\/insercio-sociolaboral-experiencies\/\" target=\"_blank\" rel=\"noopener\">\u00abInserci\u00f3n sociolaboral: experiencias\u00bb<\/a>, una mesa de experiencias entre diversas entidades que promueven la<strong> inserci\u00f3n sociolaboral<\/strong> de diferentes colectivos y en diversos sectores econ\u00f3micos. En este caso, <strong>Raquel Casanovas<\/strong>, responsable del \u00e1rea social de nuestra entidad, fue ponente de la charla, pudiendo compartir experiencias, opiniones, dudas y aportaciones de crecimiento en el campo de la inserci\u00f3n laboral de colectivos a situaci\u00f3n de vulnerabilidad social.<\/p>\n<p>Desde la <strong>Econom\u00eda Social y Solidaria<\/strong> defendemos que es posible hacer una <strong>econom\u00eda por la vida<\/strong>, una econom\u00eda que resuelva las necesidades sociales poniendo a las personas y al planeta en el centro y que de hecho es la \u00fanica posible para poder construir un mundo que merezca ser vivido.<\/p>\n<p>La econom\u00eda solidaria est\u00e1 construyendo ya muchas propuestas que lo demuestran, y la <strong>FESC<\/strong> sirve para <strong>reivindicarlos<\/strong> y, sobre todo, reflexionar juntos sobre todos los retos que tenemos delante.<\/p>\n<p>Agradecemos la participaci\u00f3n de todas las entidades y asociaciones y, especialmente en la <strong>Red de Econom\u00eda Solidaria<\/strong>, por hacer posible un a\u00f1o m\u00e1s una <strong>Feria que reivindique y nos haga reflexionar sobre una econom\u00eda por la vida.<\/strong><\/p>\n<h4><em><strong>Repensamos nuevas formas de hacer, ponemos a las personas y el planeta en el centro.<\/strong><\/em><\/h4>\n","protected":false},"excerpt":{"rendered":"<p>Este fin de semana, como cada a\u00f1o, hemos participado en la FESC, la XI Feria de Econom\u00eda Solidaria de Catalu\u00f1a, impulsada&#8230;<\/p>\n","protected":false},"author":2,"featured_media":6662,"comment_status":"open","ping_status":"closed","sticky":false,"template":"","format":"standard","meta":{"_uag_custom_page_level_css":"","_kad_blocks_custom_css":"","_kad_blocks_head_custom_js":"","_kad_blocks_body_custom_js":"","_kad_blocks_footer_custom_js":"","_kad_post_transparent":"","_kad_post_title":"","_kad_post_layout":"","_kad_post_sidebar_id":"","_kad_post_content_style":"","_kad_post_vertical_padding":"","_kad_post_feature":"","_kad_post_feature_position":"","_kad_post_header":false,"_kad_post_footer":false,"_kad_post_classname":"","footnotes":""},"categories":[763,761],"tags":[],"class_list":["post-8326","post","type-post","status-publish","format-standard","has-post-thumbnail","hentry","category-area-social-es","category-medio-ambiente"],"taxonomy_info":{"category":[{"value":763,"label":"Area Social"},{"value":761,"label":"MEDIO AMBIENTE"}]},"featured_image_src_large":["https:\/\/solidanca.cat\/wp-content\/uploads\/2025\/04\/FOTO-NOTICIES-WEB-15-8.png",400,200,false],"author_info":{"display_name":"Solidan\u00e7a","author_link":"https:\/\/solidanca.cat\/es\/author\/alberg\/"},"comment_info":0,"category_info":[{"term_id":763,"name":"Area Social","slug":"area-social-es","term_group":0,"term_taxonomy_id":763,"taxonomy":"category","description":"","parent":0,"count":208,"filter":"raw","cat_ID":763,"category_count":208,"category_description":"","cat_name":"Area Social","category_nicename":"area-social-es","category_parent":0},{"term_id":761,"name":"MEDIO AMBIENTE","slug":"medio-ambiente","term_group":0,"term_taxonomy_id":761,"taxonomy":"category","description":"","parent":0,"count":263,"filter":"raw","cat_ID":761,"category_count":263,"category_description":"","cat_name":"MEDIO AMBIENTE","category_nicename":"medio-ambiente","category_parent":0}],"tag_info":false,"uagb_featured_image_src":{"full":["https:\/\/solidanca.cat\/wp-content\/uploads\/2025\/04\/FOTO-NOTICIES-WEB-15-8.png",400,200,false],"thumbnail":["https:\/\/solidanca.cat\/wp-content\/uploads\/2025\/04\/FOTO-NOTICIES-WEB-15-8-150x150.png",150,150,true],"medium":["https:\/\/solidanca.cat\/wp-content\/uploads\/2025\/04\/FOTO-NOTICIES-WEB-15-8-300x150.png",300,150,true],"medium_large":["https:\/\/solidanca.cat\/wp-content\/uploads\/2025\/04\/FOTO-NOTICIES-WEB-15-8.png",400,200,false],"large":["https:\/\/solidanca.cat\/wp-content\/uploads\/2025\/04\/FOTO-NOTICIES-WEB-15-8.png",400,200,false],"1536x1536":["https:\/\/solidanca.cat\/wp-content\/uploads\/2025\/04\/FOTO-NOTICIES-WEB-15-8.png",400,200,false],"2048x2048":["https:\/\/solidanca.cat\/wp-content\/uploads\/2025\/04\/FOTO-NOTICIES-WEB-15-8.png",400,200,false]},"uagb_author_info":{"display_name":"Solidan\u00e7a","author_link":"https:\/\/solidanca.cat\/es\/author\/alberg\/"},"uagb_comment_info":0,"uagb_excerpt":"Este fin de semana, como cada a\u00f1o, hemos participado en la FESC, la XI Feria de Econom\u00eda Solidaria de Catalu\u00f1a, impulsada...","_links":{"self":[{"href":"https:\/\/solidanca.cat\/es\/wp-json\/wp\/v2\/posts\/8326","targetHints":{"allow":["GET"]}}],"collection":[{"href":"https:\/\/solidanca.cat\/es\/wp-json\/wp\/v2\/posts"}],"about":[{"href":"https:\/\/solidanca.cat\/es\/wp-json\/wp\/v2\/types\/post"}],"author":[{"embeddable":true,"href":"https:\/\/solidanca.cat\/es\/wp-json\/wp\/v2\/users\/2"}],"replies":[{"embeddable":true,"href":"https:\/\/solidanca.cat\/es\/wp-json\/wp\/v2\/comments?post=8326"}],"version-history":[{"count":0,"href":"https:\/\/solidanca.cat\/es\/wp-json\/wp\/v2\/posts\/8326\/revisions"}],"wp:featuredmedia":[{"embeddable":true,"href":"https:\/\/solidanca.cat\/es\/wp-json\/wp\/v2\/media\/6662"}],"wp:attachment":[{"href":"https:\/\/solidanca.cat\/es\/wp-json\/wp\/v2\/media?parent=8326"}],"wp:term":[{"taxonomy":"category","embeddable":true,"href":"https:\/\/solidanca.cat\/es\/wp-json\/wp\/v2\/categories?post=8326"},{"taxonomy":"post_tag","embeddable":true,"href":"https:\/\/solidanca.cat\/es\/wp-json\/wp\/v2\/tags?post=8326"}],"curies":[{"name":"wp","href":"https:\/\/api.w.org\/{rel}","templated":true}]}}