{"id":8329,"date":"2022-11-02T07:52:47","date_gmt":"2022-11-02T06:52:47","guid":{"rendered":"https:\/\/solidanca.con2webs.es\/oferta-de-trabajo-tecnicoa-de-insercion-y-orientacion-laboral-sumate-al-equipo-de-solidanca\/"},"modified":"2022-11-02T07:57:12","modified_gmt":"2022-11-02T06:57:12","slug":"oferta-de-trabajo-tecnicoa-de-insercion-y-orientacion-laboral-sumate-al-equipo-de-solidanca","status":"publish","type":"post","link":"https:\/\/solidanca.cat\/es\/oferta-de-trabajo-tecnicoa-de-insercion-y-orientacion-laboral-sumate-al-equipo-de-solidanca\/","title":{"rendered":"Oferta de trabajo: T\u00e9cnico\/a de inserci\u00f3n y Orientaci\u00f3n laboral . \u00a1S\u00famate al equipo de Solidan\u00e7a!"},"content":{"rendered":"<p><strong>Solidan\u00e7a<\/strong> entidad que se dedica a la<strong> inserci\u00f3n sociolaboral<\/strong> a trav\u00e9s de la realizaci\u00f3n de actividades vinculadas a la gesti\u00f3n de residuos, requiere una posici\u00f3n de <strong>T\u00e9cnico\/a de inserci\u00f3n y Orientaci\u00f3n laboral<\/strong> para incorporarse a la Fundaci\u00f3n.<\/p>\n<p><strong>\u00bfQuieres formar parte de la familia Solidan\u00e7a?<\/strong><\/p>\n<p>Solidan\u00e7a es una Fundaci\u00f3n de car\u00e1cter social comprometida con el medio ambiente y la econom\u00eda social, que busca formas innovadoras que permitan aportar nuevas propuestas de integraci\u00f3n sociolaboral para colectivos en riesgo de exclusi\u00f3n y ofrecer servicios de calidad vinculados a la gesti\u00f3n integral de residuos y la econom\u00eda circular.<\/p>\n<p><strong>\u00bfCu\u00e1les ser\u00e1n tus funciones y tareas?<\/strong><\/p>\n<p>La figura profesional de inserci\u00f3n sociolaboral, se encarga (junto al resto del equipo) de desplegar las<\/p>\n<p>funciones de intermediaci\u00f3n, atenci\u00f3n a las personas y coordinaci\u00f3n, a fin de promover la inserci\u00f3n laboral de los<\/p>\n<p>colectivos vulnerables atendidos desde los distintos programas que se llevan a cabo en Solidan\u00e7a.<\/p>\n<p><strong>\u00b7 ORIENTACI\u00d3N<\/strong>: detecci\u00f3n de necesidades socio-laborales, realizaci\u00f3n de itinerario personal para la inserci\u00f3n<\/p>\n<p>mediante entrevista inicial, tutor\u00edas, capsulas formativas,&#8230;<\/p>\n<p><strong>\u00b7 INTERMEDIACI\u00d3N<\/strong>: llevar a cabo las acciones de aproximaci\u00f3n y negociaci\u00f3n con las empresas diana con la<\/p>\n<p>finalidad de establecer acuerdos de colaboraci\u00f3n que permitan mejorar por un lado la empleabilidad de las<\/p>\n<p>personas atendidas y, por otra, su inserci\u00f3n laboral.<\/p>\n<p><strong>\u00b7 ATENCI\u00d3N A LAS PERSONAS<\/strong>: dise\u00f1ar e implementar acciones de acompa\u00f1amiento en busca de trabajo y de<\/p>\n<p>preselecci\u00f3n de candidaturas desde el modelo de competencias.<\/p>\n<p><strong>\u00b7 COORDINACI\u00d3N:<\/strong> promover el trabajo en red entre los diferentes agentes y profesionales (empresas, equipo<\/p>\n<p>t\u00e9cnico, agentes derivantes..) asegurando un nivel \u00f3ptimo de comunicaci\u00f3n.<\/p>\n<p>&nbsp;<\/p>\n<p><strong>COMPETENCIAS:<\/strong><\/p>\n<p>\u00fc Habilidades sociales<\/p>\n<p>\u00fc Escucha activa y empat\u00eda<\/p>\n<p>\u00fc Flexibilidad y gesti\u00f3n del cambio<\/p>\n<p>\u00fc Aprendizaje y utilizaci\u00f3n de conocimientos<\/p>\n<p>\u00fc Planificaci\u00f3n y organizaci\u00f3n<\/p>\n<p>\u00fc Orientaci\u00f3n hacia las personas<\/p>\n<p>\u00fc Tolerancia al estr\u00e9s<\/p>\n<p>&nbsp;<\/p>\n<p><strong>FORMACI\u00d3N<\/strong>:<\/p>\n<p>Formaci\u00f3n universitaria del \u00e1mbito social (Pedagog\u00eda, Psicolog\u00eda, Psicopedagog\u00eda, etc.) y\/o formaci\u00f3n superior<\/p>\n<p>(integraci\u00f3n social); y\/o formaci\u00f3n profesional en inserci\u00f3n laboral.<\/p>\n<p>&nbsp;<\/p>\n<p><strong>EXPERIENCIA<\/strong>:<\/p>\n<p>Se valorar\u00e1 la experiencia en el trabajo con colectivos vulnerables.<\/p>\n<p>Se valorar\u00e1 la experiencia en el \u00e1mbito de la inserci\u00f3n sociolaboral.<\/p>\n<p>Motivaci\u00f3n por trabajar en entidades de car\u00e1cter social.<\/p>\n<p>Catal\u00e1n y Castellano nivel C.<\/p>\n<p>&nbsp;<\/p>\n<p><strong>OTRA INFORMACI\u00d3N RELEVANTE:<\/strong><\/p>\n<p><strong>TIPO DE CONTRATO:<\/strong> Contrato hasta la finalizaci\u00f3n del proyecto (1 a\u00f1o)<\/p>\n<p><strong>DURACI\u00d3N:<\/strong> 12 meses<\/p>\n<p><strong>FECHA INICIO<\/strong>: Incorporaci\u00f3n inmediata noviembre<\/p>\n<p><strong>JORNADA LABORAL<\/strong>: completa (40 h)<\/p>\n<p><strong>HORARIO:<\/strong> Todas las ma\u00f1anas de lunes a viernes de 8:00 a 15:00 y 2 tardes hasta las 19:00<\/p>\n<p><strong>UBICACI\u00d3N DEL CENTRO DE TRABAJO<\/strong>: C\/ Dalai Lama, 7 Pol\u00edgono La Mirona. 17190 Salt, Gerona<\/p>\n<p><strong>SUELDO<\/strong>: 18.000 euros brutos\/anuales x 12 pagas.<\/p>\n<h4>Si est\u00e1s interesado\/a en participar en el proceso de selecci\u00f3n, env\u00eda tu CV al siguiente correo electr\u00f3nico:<em><strong> silvia.caroz@test.solidanca.cat<\/strong><\/em>, con el asunto: <em>\u201cOrientaci\u00f3n \/ Inserci\u00f3n OE74\u201d<\/em><\/h4>\n","protected":false},"excerpt":{"rendered":"<p>Solidan\u00e7a entidad que se dedica a la inserci\u00f3n sociolaboral a trav\u00e9s de la realizaci\u00f3n de actividades vinculadas a la gesti\u00f3n de&#8230;<\/p>\n","protected":false},"author":2,"featured_media":6684,"comment_status":"open","ping_status":"closed","sticky":false,"template":"","format":"standard","meta":{"_uag_custom_page_level_css":"","_kad_blocks_custom_css":"","_kad_blocks_head_custom_js":"","_kad_blocks_body_custom_js":"","_kad_blocks_footer_custom_js":"","_kad_post_transparent":"","_kad_post_title":"","_kad_post_layout":"","_kad_post_sidebar_id":"","_kad_post_content_style":"","_kad_post_vertical_padding":"","_kad_post_feature":"","_kad_post_feature_position":"","_kad_post_header":false,"_kad_post_footer":false,"_kad_post_classname":"","footnotes":""},"categories":[755,763,757,758,760,761,8],"tags":[],"class_list":["post-8329","post","type-post","status-publish","format-standard","has-post-thumbnail","hentry","category-agenda-es","category-area-social-es","category-educacion-ambiental","category-formacion","category-incorpora-es","category-medio-ambiente","category-sin-categorizar"],"taxonomy_info":{"category":[{"value":755,"label":"AGENDA"},{"value":763,"label":"Area Social"},{"value":757,"label":"Educaci\u00f3n ambiental"},{"value":758,"label":"Formaci\u00f3n"},{"value":760,"label":"Incorpora"},{"value":761,"label":"MEDIO AMBIENTE"},{"value":8,"label":"Sin categorizar"}]},"featured_image_src_large":["https:\/\/solidanca.cat\/wp-content\/uploads\/2025\/04\/2O3A7359-scaled-4-1024x683.jpg",1024,683,true],"author_info":{"display_name":"Solidan\u00e7a","author_link":"https:\/\/solidanca.cat\/es\/author\/alberg\/"},"comment_info":0,"category_info":[{"term_id":755,"name":"AGENDA","slug":"agenda-es","term_group":0,"term_taxonomy_id":755,"taxonomy":"category","description":"","parent":0,"count":22,"filter":"raw","cat_ID":755,"category_count":22,"category_description":"","cat_name":"AGENDA","category_nicename":"agenda-es","category_parent":0},{"term_id":763,"name":"Area Social","slug":"area-social-es","term_group":0,"term_taxonomy_id":763,"taxonomy":"category","description":"","parent":0,"count":205,"filter":"raw","cat_ID":763,"category_count":205,"category_description":"","cat_name":"Area Social","category_nicename":"area-social-es","category_parent":0},{"term_id":757,"name":"Educaci\u00f3n ambiental","slug":"educacion-ambiental","term_group":0,"term_taxonomy_id":757,"taxonomy":"category","description":"","parent":0,"count":80,"filter":"raw","cat_ID":757,"category_count":80,"category_description":"","cat_name":"Educaci\u00f3n ambiental","category_nicename":"educacion-ambiental","category_parent":0},{"term_id":758,"name":"Formaci\u00f3n","slug":"formacion","term_group":0,"term_taxonomy_id":758,"taxonomy":"category","description":"","parent":0,"count":107,"filter":"raw","cat_ID":758,"category_count":107,"category_description":"","cat_name":"Formaci\u00f3n","category_nicename":"formacion","category_parent":0},{"term_id":760,"name":"Incorpora","slug":"incorpora-es","term_group":0,"term_taxonomy_id":760,"taxonomy":"category","description":"","parent":0,"count":23,"filter":"raw","cat_ID":760,"category_count":23,"category_description":"","cat_name":"Incorpora","category_nicename":"incorpora-es","category_parent":0},{"term_id":761,"name":"MEDIO AMBIENTE","slug":"medio-ambiente","term_group":0,"term_taxonomy_id":761,"taxonomy":"category","description":"","parent":0,"count":263,"filter":"raw","cat_ID":761,"category_count":263,"category_description":"","cat_name":"MEDIO AMBIENTE","category_nicename":"medio-ambiente","category_parent":0},{"term_id":8,"name":"Sin categorizar","slug":"sin-categorizar","term_group":0,"term_taxonomy_id":8,"taxonomy":"category","description":"","parent":0,"count":199,"filter":"raw","cat_ID":8,"category_count":199,"category_description":"","cat_name":"Sin categorizar","category_nicename":"sin-categorizar","category_parent":0}],"tag_info":false,"uagb_featured_image_src":{"full":["https:\/\/solidanca.cat\/wp-content\/uploads\/2025\/04\/2O3A7359-scaled-4.jpg",2560,1707,false],"thumbnail":["https:\/\/solidanca.cat\/wp-content\/uploads\/2025\/04\/2O3A7359-scaled-4-150x150.jpg",150,150,true],"medium":["https:\/\/solidanca.cat\/wp-content\/uploads\/2025\/04\/2O3A7359-scaled-4-300x200.jpg",300,200,true],"medium_large":["https:\/\/solidanca.cat\/wp-content\/uploads\/2025\/04\/2O3A7359-scaled-4-768x512.jpg",768,512,true],"large":["https:\/\/solidanca.cat\/wp-content\/uploads\/2025\/04\/2O3A7359-scaled-4-1024x683.jpg",1024,683,true],"1536x1536":["https:\/\/solidanca.cat\/wp-content\/uploads\/2025\/04\/2O3A7359-scaled-4-1536x1024.jpg",1536,1024,true],"2048x2048":["https:\/\/solidanca.cat\/wp-content\/uploads\/2025\/04\/2O3A7359-scaled-4-2048x1366.jpg",2048,1366,true]},"uagb_author_info":{"display_name":"Solidan\u00e7a","author_link":"https:\/\/solidanca.cat\/es\/author\/alberg\/"},"uagb_comment_info":0,"uagb_excerpt":"Solidan\u00e7a entidad que se dedica a la inserci\u00f3n sociolaboral a trav\u00e9s de la realizaci\u00f3n de actividades vinculadas a la gesti\u00f3n de...","_links":{"self":[{"href":"https:\/\/solidanca.cat\/es\/wp-json\/wp\/v2\/posts\/8329","targetHints":{"allow":["GET"]}}],"collection":[{"href":"https:\/\/solidanca.cat\/es\/wp-json\/wp\/v2\/posts"}],"about":[{"href":"https:\/\/solidanca.cat\/es\/wp-json\/wp\/v2\/types\/post"}],"author":[{"embeddable":true,"href":"https:\/\/solidanca.cat\/es\/wp-json\/wp\/v2\/users\/2"}],"replies":[{"embeddable":true,"href":"https:\/\/solidanca.cat\/es\/wp-json\/wp\/v2\/comments?post=8329"}],"version-history":[{"count":0,"href":"https:\/\/solidanca.cat\/es\/wp-json\/wp\/v2\/posts\/8329\/revisions"}],"wp:featuredmedia":[{"embeddable":true,"href":"https:\/\/solidanca.cat\/es\/wp-json\/wp\/v2\/media\/6684"}],"wp:attachment":[{"href":"https:\/\/solidanca.cat\/es\/wp-json\/wp\/v2\/media?parent=8329"}],"wp:term":[{"taxonomy":"category","embeddable":true,"href":"https:\/\/solidanca.cat\/es\/wp-json\/wp\/v2\/categories?post=8329"},{"taxonomy":"post_tag","embeddable":true,"href":"https:\/\/solidanca.cat\/es\/wp-json\/wp\/v2\/tags?post=8329"}],"curies":[{"name":"wp","href":"https:\/\/api.w.org\/{rel}","templated":true}]}}