{"id":8338,"date":"2022-11-29T12:05:08","date_gmt":"2022-11-29T11:05:08","guid":{"rendered":"https:\/\/solidanca.con2webs.es\/participamos-en-la-construccion-del-simbolo-del-pacto-por-la-moda-circular-con-22-toneladas-de-ropa\/"},"modified":"2022-11-29T12:05:05","modified_gmt":"2022-11-29T11:05:05","slug":"participamos-en-la-construccion-del-simbolo-del-pacto-por-la-moda-circular-con-22-toneladas-de-ropa","status":"publish","type":"post","link":"https:\/\/solidanca.cat\/es\/participamos-en-la-construccion-del-simbolo-del-pacto-por-la-moda-circular-con-22-toneladas-de-ropa\/","title":{"rendered":"Participamos en la construcci\u00f3n del s\u00edmbolo del Pacto por la Moda Circular con 2 toneladas de ropa"},"content":{"rendered":"<h5>Cerramos la 14\u00aa Semana de la Prevenci\u00f3n de Residuos, participando en un acto reivindicativo en la Clariana de la Plaza de las Gl\u00f2ries: construyendo el s\u00edmbolo circular del Pacto por la Moda Circular colocando una monta\u00f1a de 2 toneladas de ropa procedente de la recogida selectiva.<\/h5>\n<p>La Gran Clariana de Barcelona ha acogido este domingo 27 de noviembre, una acci\u00f3n performativa impulsada por la <a href=\"https:\/\/residus.gencat.cat\/es\" target=\"_blank\" rel=\"noopener\"><strong>Agencia de Residuos de Catalu\u00f1a<\/strong><\/a>, para simbolizar la generaci\u00f3n actual de residuos y los objetivos del pacto, acompa\u00f1ada de actividades de educaci\u00f3n ambiental para mostrar alternativas sobre c\u00f3mo alargar la vida \u00fatil de la ropa.<\/p>\n<p><a href=\"https:\/\/solidanca.cat\/wp-content\/uploads\/2022\/11\/450_2811221044_setresidus2022actecentral3.jpg\"><img loading=\"lazy\" decoding=\"async\" class=\" wp-image-14552 alignright\" src=\"https:\/\/solidanca.cat\/wp-content\/uploads\/2022\/11\/450_2811221044_setresidus2022actecentral3.jpg\" alt=\"\" width=\"333\" height=\"333\" \/><\/a>El acto es un s\u00edmbolo de protesta y reivindicaci\u00f3n, cuyo prop\u00f3sito es <strong>sensibilizar a la poblaci\u00f3n sobre los efectos que implica la generaci\u00f3n masiva de residuos textiles<\/strong>. De hecho, la <strong>monta\u00f1a de ropa con residuos de Ropa Amiga\/Solidan\u00e7a<\/strong> ha querido sensibilizar los<strong> 22kg de residuos textiles<\/strong> que se estima que genera cada persona al a\u00f1o, de los cuales <strong>20 kg,<\/strong> el c\u00edrculo grande, con una circunferencia de 14 metros de radio, es lo que <strong>va a vertedero o incineradora<\/strong>, y no se recicla. El c\u00edrculo peque\u00f1o, que conforma el perchero, representa los<strong> 2,3 kg<\/strong> que <strong>s\u00ed se recogen<\/strong> selectivamente.<\/p>\n<p>En el acto ha participado el director de la Agencia de Residuos de Catalu\u00f1a,<strong> Isaac Peraire<\/strong>, con diferentes representantes de las otras instituciones implicadas, y con la participaci\u00f3n especial del cantante y presentador del programa de TV3 Euforia, <strong>Miki Nu\u00f1ez<\/strong> que se ha comprometido a difundir los principios del<strong> Pacto por la Moda Circular<\/strong> entre la juventud as\u00ed como la necesidad de evitar la generaci\u00f3n de residuos textiles anunciando que durante la pr\u00f3xima gira todo su equipo vestir\u00e1 con ropa reciclada y de segunda mano.<\/p>\n<p>La acci\u00f3n ha sido organizada por el Departamento de Acci\u00f3n Clim\u00e1tica, Alimentaci\u00f3n y Agenda Rural de la Generalitat, la Agencia de Residuos de Catalu\u00f1a, el Ayuntamiento de Barcelona, \u200b\u200bel \u00c1rea Metropolitana de Barcelona, \u200b\u200bla Diputaci\u00f3n de Barcelona, \u200b\u200bla Red de Ciudades y Regiones hacia la Sostenibilidad y con la participaci\u00f3n de Solidan\u00e7a\/Roba Amiga, en el marco de <a href=\"https:\/\/www.euroregio.eu\/\" target=\"_blank\" rel=\"noopener\">nuestro proyecto Eurorregi\u00f3n Pirineos Mediterr\u00e1neo<\/a>.<\/p>\n<p>Desde Solidan\u00e7a, hemos formado parte de esta acci\u00f3n <strong>cediendo ropa recuperada<\/strong> para construir la pilona de ropa en cuesti\u00f3n. Adem\u00e1s, hemos colocado un <strong>contenedor textil de Solidan\u00e7a \/ Ropa Amiga<\/strong> en el evento, para fomentar la implicaci\u00f3n de la ciudadan\u00eda en la correcta gesti\u00f3n del residuo textil. Al mismo tiempo, tambi\u00e9n hemos participado ofreciendo a las participantes un <strong>taller de llaveros de macram\u00e9<\/strong> con tela recuperada, una actividad dirigida a todos los p\u00fablicos, que ofrece alternativas para dar circularidad al residuo textil.<\/p>\n<p>Todas estas acciones, tambi\u00e9n las englobamos dentro del marco del <a href=\"https:\/\/www.euroregio.eu\/\" target=\"_blank\" rel=\"noopener\">proyecto Eurorregi\u00f3n Pirineos<\/a> \u2013 Mediterr\u00e1neo, liderado por la <a href=\"https:\/\/www.deixalles.org\/\" target=\"_blank\" rel=\"noopener\">Fundaci\u00f3n Deixalles<\/a>, en el que entidades de las Islas Baleares, Catalu\u00f1a y Occitania (Francia) trabajamos conjuntamente en el intercambio de experiencias y en la<strong> investigaci\u00f3n de alternativas de reutilizaci\u00f3n y reciclaje de los residuos textiles<\/strong> para fomentar un sector m\u00e1s circular y sentar las bases para un futuro SCRAP de textil que incluya objetivos ambientales y sociales.<\/p>\n<h5>\u00bfQu\u00e9 es el Pacto para la Moda Circular?<\/h5>\n<p>El Pacto para la Moda Circular, es un pacto voluntario entre instituciones y empresas de los diferentes eslabones de la cadena de valor textil de Catalu\u00f1a, que se unen con el prop\u00f3sito de facilitar la incorporaci\u00f3n de medidas de circularidad, el impulso de proyectos colaborativos y la mejora de la competitividad del sector textil.<\/p>\n<h4>\u00a1Seguimos trabajando para dar circularidad a la ropa, cuidando del medio ambiente y apostando por crear nuevas oportunidades laborales!<\/h4>\n","protected":false},"excerpt":{"rendered":"<p>Cerramos la 14\u00aa Semana de la Prevenci\u00f3n de Residuos, participando en un acto reivindicativo en la Clariana de la Plaza de&#8230;<\/p>\n","protected":false},"author":2,"featured_media":6745,"comment_status":"open","ping_status":"closed","sticky":false,"template":"","format":"standard","meta":{"_uag_custom_page_level_css":"","_kad_blocks_custom_css":"","_kad_blocks_head_custom_js":"","_kad_blocks_body_custom_js":"","_kad_blocks_footer_custom_js":"","_kad_post_transparent":"","_kad_post_title":"","_kad_post_layout":"","_kad_post_sidebar_id":"","_kad_post_content_style":"","_kad_post_vertical_padding":"","_kad_post_feature":"","_kad_post_feature_position":"","_kad_post_header":false,"_kad_post_footer":false,"_kad_post_classname":"","footnotes":""},"categories":[757,766,765],"tags":[],"class_list":["post-8338","post","type-post","status-publish","format-standard","has-post-thumbnail","hentry","category-educacion-ambiental","category-medio-ambienteroba-amiga","category-roba-amiga-2"],"taxonomy_info":{"category":[{"value":757,"label":"Educaci\u00f3n ambiental"},{"value":766,"label":"Medio ambiente&gt;Roba Amiga"},{"value":765,"label":"Roba Amiga"}]},"featured_image_src_large":["https:\/\/solidanca.cat\/wp-content\/uploads\/2025\/04\/FOTO-NOTICIES-WEB-2023-10-11T125438.566-3.jpg",400,200,false],"author_info":{"display_name":"Solidan\u00e7a","author_link":"https:\/\/solidanca.cat\/es\/author\/alberg\/"},"comment_info":0,"category_info":[{"term_id":757,"name":"Educaci\u00f3n ambiental","slug":"educacion-ambiental","term_group":0,"term_taxonomy_id":757,"taxonomy":"category","description":"","parent":0,"count":80,"filter":"raw","cat_ID":757,"category_count":80,"category_description":"","cat_name":"Educaci\u00f3n ambiental","category_nicename":"educacion-ambiental","category_parent":0},{"term_id":766,"name":"Medio ambiente&gt;Roba Amiga","slug":"medio-ambienteroba-amiga","term_group":0,"term_taxonomy_id":766,"taxonomy":"category","description":"","parent":0,"count":61,"filter":"raw","cat_ID":766,"category_count":61,"category_description":"","cat_name":"Medio ambiente&gt;Roba Amiga","category_nicename":"medio-ambienteroba-amiga","category_parent":0},{"term_id":765,"name":"Roba Amiga","slug":"roba-amiga-2","term_group":0,"term_taxonomy_id":765,"taxonomy":"category","description":"","parent":0,"count":46,"filter":"raw","cat_ID":765,"category_count":46,"category_description":"","cat_name":"Roba Amiga","category_nicename":"roba-amiga-2","category_parent":0}],"tag_info":false,"uagb_featured_image_src":{"full":["https:\/\/solidanca.cat\/wp-content\/uploads\/2025\/04\/FOTO-NOTICIES-WEB-2023-10-11T125438.566-3.jpg",400,200,false],"thumbnail":["https:\/\/solidanca.cat\/wp-content\/uploads\/2025\/04\/FOTO-NOTICIES-WEB-2023-10-11T125438.566-3-150x150.jpg",150,150,true],"medium":["https:\/\/solidanca.cat\/wp-content\/uploads\/2025\/04\/FOTO-NOTICIES-WEB-2023-10-11T125438.566-3-300x150.jpg",300,150,true],"medium_large":["https:\/\/solidanca.cat\/wp-content\/uploads\/2025\/04\/FOTO-NOTICIES-WEB-2023-10-11T125438.566-3.jpg",400,200,false],"large":["https:\/\/solidanca.cat\/wp-content\/uploads\/2025\/04\/FOTO-NOTICIES-WEB-2023-10-11T125438.566-3.jpg",400,200,false],"1536x1536":["https:\/\/solidanca.cat\/wp-content\/uploads\/2025\/04\/FOTO-NOTICIES-WEB-2023-10-11T125438.566-3.jpg",400,200,false],"2048x2048":["https:\/\/solidanca.cat\/wp-content\/uploads\/2025\/04\/FOTO-NOTICIES-WEB-2023-10-11T125438.566-3.jpg",400,200,false]},"uagb_author_info":{"display_name":"Solidan\u00e7a","author_link":"https:\/\/solidanca.cat\/es\/author\/alberg\/"},"uagb_comment_info":0,"uagb_excerpt":"Cerramos la 14\u00aa Semana de la Prevenci\u00f3n de Residuos, participando en un acto reivindicativo en la Clariana de la Plaza de...","_links":{"self":[{"href":"https:\/\/solidanca.cat\/es\/wp-json\/wp\/v2\/posts\/8338","targetHints":{"allow":["GET"]}}],"collection":[{"href":"https:\/\/solidanca.cat\/es\/wp-json\/wp\/v2\/posts"}],"about":[{"href":"https:\/\/solidanca.cat\/es\/wp-json\/wp\/v2\/types\/post"}],"author":[{"embeddable":true,"href":"https:\/\/solidanca.cat\/es\/wp-json\/wp\/v2\/users\/2"}],"replies":[{"embeddable":true,"href":"https:\/\/solidanca.cat\/es\/wp-json\/wp\/v2\/comments?post=8338"}],"version-history":[{"count":0,"href":"https:\/\/solidanca.cat\/es\/wp-json\/wp\/v2\/posts\/8338\/revisions"}],"wp:featuredmedia":[{"embeddable":true,"href":"https:\/\/solidanca.cat\/es\/wp-json\/wp\/v2\/media\/6745"}],"wp:attachment":[{"href":"https:\/\/solidanca.cat\/es\/wp-json\/wp\/v2\/media?parent=8338"}],"wp:term":[{"taxonomy":"category","embeddable":true,"href":"https:\/\/solidanca.cat\/es\/wp-json\/wp\/v2\/categories?post=8338"},{"taxonomy":"post_tag","embeddable":true,"href":"https:\/\/solidanca.cat\/es\/wp-json\/wp\/v2\/tags?post=8338"}],"curies":[{"name":"wp","href":"https:\/\/api.w.org\/{rel}","templated":true}]}}