{"id":8361,"date":"2023-01-20T12:22:06","date_gmt":"2023-01-20T11:22:06","guid":{"rendered":"https:\/\/solidanca.con2webs.es\/renovamos-un-ano-mas-el-convenio-del-programa-incorpora-y-del-punto-formativo-incorpora\/"},"modified":"2023-01-20T12:21:28","modified_gmt":"2023-01-20T11:21:28","slug":"renovamos-un-ano-mas-el-convenio-del-programa-incorpora-y-del-punto-formativo-incorpora","status":"publish","type":"post","link":"https:\/\/solidanca.cat\/es\/renovamos-un-ano-mas-el-convenio-del-programa-incorpora-y-del-punto-formativo-incorpora\/","title":{"rendered":"Renovamos un a\u00f1o m\u00e1s el convenio del programa INCORPORA y del Punto Formativo INCORPORA"},"content":{"rendered":"<p>&nbsp;<\/p>\n<p>Hoy, lunes 16 de enero,<strong> firmamos un a\u00f1o m\u00e1s la renovaci\u00f3n del convenio con el programa <a href=\"https:\/\/www.incorpora.org\/\" target=\"_blank\" rel=\"noopener\">INCORPORA de la Fundaci\u00f3n \u00abLa Caixa\u00bb<\/a><\/strong>, una iniciativa de intermediaci\u00f3n laboral que lleva m\u00e1s de 10 a\u00f1os combinando de forma \u00f3ptima las necesidades del tejido social y empresarial, para asegurar el \u00e9xito en la integraci\u00f3n laboral.<\/p>\n<p>Adem\u00e1s, tambi\u00e9n renovamos como <strong>Punto Formativo INCORPORA<\/strong>, un programa que ofrece <strong>cursos de formaci\u00f3n<\/strong> de oficio, formaci\u00f3n en competencias transversales y pr\u00e1cticas en empresa con el objetivo de conseguir la <strong>inserci\u00f3n laboral<\/strong>. Este 2022, hemos ofrecido varios cursos, como el de Gesti\u00f3n administrativa a empresas de Residuos &#8211; Sistema Documental de Residuos (SDR) y el <a href=\"https:\/\/solidanca.cat\/nou-curs-auxiliar-magatzem-ecommerce-inici-setembre\/\">Curso de Log\u00edstica y E-commerce, con carnet carretonero y puente gr\u00faa.<\/a><\/p>\n<p>A trav\u00e9s de <strong>procesos de formaci\u00f3n a medida<\/strong> se posibilita la capacitaci\u00f3n profesional y el desarrollo de competencias laborales de las personas atendidas en diferentes especialidades.<\/p>\n<p><a href=\"https:\/\/solidanca.cat\/wp-content\/uploads\/2023\/01\/WhatsApp-Image-2023-01-16-at-10.19.42-1.jpeg\"><img loading=\"lazy\" decoding=\"async\" class=\"wp-image-14773 aligncenter\" src=\"https:\/\/solidanca.cat\/wp-content\/uploads\/2023\/01\/WhatsApp-Image-2023-01-16-at-10.19.42-1.jpeg\" alt=\"\" width=\"456\" height=\"343\" \/><\/a><\/p>\n<p>Solidan\u00e7a forma parte de <strong>Incorpora<\/strong> desde su inicio, ofreciendo un<strong> servicio gratuito con t\u00e9cnicos de inserci\u00f3n laboral<\/strong> que proporcionen todo el apoyo a las diferentes fases del proceso de b\u00fasqueda de empleo y formaci\u00f3n del usuario:<a href=\"https:\/\/solidanca.cat\/wp-content\/uploads\/2023\/01\/stories-@treball_solidanca-17.jpg\"><img loading=\"lazy\" decoding=\"async\" class=\"wp-image-14766 alignright\" src=\"https:\/\/solidanca.cat\/wp-content\/uploads\/2023\/01\/stories-@treball_solidanca-17.jpg\" alt=\"\" width=\"301\" height=\"535\" \/><\/a><\/p>\n<ul>\n<li>Hacemos de <strong>mediadores durante la inserci\u00f3n laboral<\/strong>: revisamos las ofertas de trabajo disponibles y analizamos cu\u00e1les encajan mejor seg\u00fan el perfil, a la vez que buscamos empresas contratantes<\/li>\n<li>Ayudamos a mejorar la empleabilidad a trav\u00e9s de <strong>formaciones como Punt Formatiu Incorpora<\/strong>, que incluyen pr\u00e1cticas a empresas para facilitar la entrada en el mundo laboral<\/li>\n<\/ul>\n<h5><strong>\u00bfC\u00f3mo funciona el Programa INCORPORA?<\/strong><\/h5>\n<p>Despu\u00e9s de contactar con nuestra entidad, ya sea por correo electr\u00f3nico o por tel\u00e9fono, nos encargamos de <strong>dise\u00f1ar el plan de formaci\u00f3n y\/o de inserci\u00f3n.<\/strong><\/p>\n<p>A continuaci\u00f3n, te ayudamos a conseguir los<strong> objetivos<\/strong> que te hayas marcado en tu <strong>formaci\u00f3n.<\/strong><\/p>\n<p>Seguidamente, buscamos <strong>ofertas de las empresas colaboradoras<\/strong> y revisamos con las ofertas de trabajo, para prepararte para los procesos de selecci\u00f3n.<\/p>\n<p>Por \u00faltimo, hacemos un <strong>seguimiento de tu situaci\u00f3n laboral:<\/strong> te guiamos durante la adaptaci\u00f3n a la empresa y tu rol laboral, para asesorarte ante cualquier conflicto.<\/p>\n<p>Adem\u00e1s, para la <strong>empresa contratante<\/strong>, el hecho de disponer de un programa de <strong>Responsabilidad Social Corporativa (RSC)<\/strong>, es una muestra de su contribuci\u00f3n por una sociedad m\u00e1s equitativa y justa, adem\u00e1s de repercutir positivamente en la imagen de la misma empresa, tanto entre sus accionistas como entre trabajadores y clientes.<\/p>\n<h4><em><strong>Seguimos trabajando en la intermediaci\u00f3n laboral como puente para la inserci\u00f3n sociolaboral de las personas\u00a0<\/strong><\/em><\/h4>\n","protected":false},"excerpt":{"rendered":"<p>&nbsp; Hoy, lunes 16 de enero, firmamos un a\u00f1o m\u00e1s la renovaci\u00f3n del convenio con el programa INCORPORA de la Fundaci\u00f3n&#8230;<\/p>\n","protected":false},"author":2,"featured_media":6891,"comment_status":"closed","ping_status":"closed","sticky":false,"template":"","format":"standard","meta":{"_uag_custom_page_level_css":"","_kad_blocks_custom_css":"","_kad_blocks_head_custom_js":"","_kad_blocks_body_custom_js":"","_kad_blocks_footer_custom_js":"","_kad_post_transparent":"","_kad_post_title":"","_kad_post_layout":"","_kad_post_sidebar_id":"","_kad_post_content_style":"","_kad_post_vertical_padding":"","_kad_post_feature":"","_kad_post_feature_position":"","_kad_post_header":false,"_kad_post_footer":false,"_kad_post_classname":"","footnotes":""},"categories":[763,760,761],"tags":[],"class_list":["post-8361","post","type-post","status-publish","format-standard","has-post-thumbnail","hentry","category-area-social-es","category-incorpora-es","category-medio-ambiente"],"taxonomy_info":{"category":[{"value":763,"label":"Area Social"},{"value":760,"label":"Incorpora"},{"value":761,"label":"MEDIO AMBIENTE"}]},"featured_image_src_large":["https:\/\/solidanca.cat\/wp-content\/uploads\/2025\/04\/FOTO-NOTICIES-WEB-2023-11-27T134637.385-3.jpg",400,200,false],"author_info":{"display_name":"Solidan\u00e7a","author_link":"https:\/\/solidanca.cat\/es\/author\/alberg\/"},"comment_info":0,"category_info":[{"term_id":763,"name":"Area Social","slug":"area-social-es","term_group":0,"term_taxonomy_id":763,"taxonomy":"category","description":"","parent":0,"count":205,"filter":"raw","cat_ID":763,"category_count":205,"category_description":"","cat_name":"Area Social","category_nicename":"area-social-es","category_parent":0},{"term_id":760,"name":"Incorpora","slug":"incorpora-es","term_group":0,"term_taxonomy_id":760,"taxonomy":"category","description":"","parent":0,"count":23,"filter":"raw","cat_ID":760,"category_count":23,"category_description":"","cat_name":"Incorpora","category_nicename":"incorpora-es","category_parent":0},{"term_id":761,"name":"MEDIO AMBIENTE","slug":"medio-ambiente","term_group":0,"term_taxonomy_id":761,"taxonomy":"category","description":"","parent":0,"count":263,"filter":"raw","cat_ID":761,"category_count":263,"category_description":"","cat_name":"MEDIO AMBIENTE","category_nicename":"medio-ambiente","category_parent":0}],"tag_info":false,"uagb_featured_image_src":{"full":["https:\/\/solidanca.cat\/wp-content\/uploads\/2025\/04\/FOTO-NOTICIES-WEB-2023-11-27T134637.385-3.jpg",400,200,false],"thumbnail":["https:\/\/solidanca.cat\/wp-content\/uploads\/2025\/04\/FOTO-NOTICIES-WEB-2023-11-27T134637.385-3-150x150.jpg",150,150,true],"medium":["https:\/\/solidanca.cat\/wp-content\/uploads\/2025\/04\/FOTO-NOTICIES-WEB-2023-11-27T134637.385-3-300x150.jpg",300,150,true],"medium_large":["https:\/\/solidanca.cat\/wp-content\/uploads\/2025\/04\/FOTO-NOTICIES-WEB-2023-11-27T134637.385-3.jpg",400,200,false],"large":["https:\/\/solidanca.cat\/wp-content\/uploads\/2025\/04\/FOTO-NOTICIES-WEB-2023-11-27T134637.385-3.jpg",400,200,false],"1536x1536":["https:\/\/solidanca.cat\/wp-content\/uploads\/2025\/04\/FOTO-NOTICIES-WEB-2023-11-27T134637.385-3.jpg",400,200,false],"2048x2048":["https:\/\/solidanca.cat\/wp-content\/uploads\/2025\/04\/FOTO-NOTICIES-WEB-2023-11-27T134637.385-3.jpg",400,200,false]},"uagb_author_info":{"display_name":"Solidan\u00e7a","author_link":"https:\/\/solidanca.cat\/es\/author\/alberg\/"},"uagb_comment_info":0,"uagb_excerpt":"&nbsp; Hoy, lunes 16 de enero, firmamos un a\u00f1o m\u00e1s la renovaci\u00f3n del convenio con el programa INCORPORA de la Fundaci\u00f3n...","_links":{"self":[{"href":"https:\/\/solidanca.cat\/es\/wp-json\/wp\/v2\/posts\/8361","targetHints":{"allow":["GET"]}}],"collection":[{"href":"https:\/\/solidanca.cat\/es\/wp-json\/wp\/v2\/posts"}],"about":[{"href":"https:\/\/solidanca.cat\/es\/wp-json\/wp\/v2\/types\/post"}],"author":[{"embeddable":true,"href":"https:\/\/solidanca.cat\/es\/wp-json\/wp\/v2\/users\/2"}],"replies":[{"embeddable":true,"href":"https:\/\/solidanca.cat\/es\/wp-json\/wp\/v2\/comments?post=8361"}],"version-history":[{"count":0,"href":"https:\/\/solidanca.cat\/es\/wp-json\/wp\/v2\/posts\/8361\/revisions"}],"wp:featuredmedia":[{"embeddable":true,"href":"https:\/\/solidanca.cat\/es\/wp-json\/wp\/v2\/media\/6891"}],"wp:attachment":[{"href":"https:\/\/solidanca.cat\/es\/wp-json\/wp\/v2\/media?parent=8361"}],"wp:term":[{"taxonomy":"category","embeddable":true,"href":"https:\/\/solidanca.cat\/es\/wp-json\/wp\/v2\/categories?post=8361"},{"taxonomy":"post_tag","embeddable":true,"href":"https:\/\/solidanca.cat\/es\/wp-json\/wp\/v2\/tags?post=8361"}],"curies":[{"name":"wp","href":"https:\/\/api.w.org\/{rel}","templated":true}]}}