{"id":8366,"date":"2023-01-25T12:38:40","date_gmt":"2023-01-25T11:38:40","guid":{"rendered":"https:\/\/solidanca.con2webs.es\/83-persones-formadas-en-el-centro-de-formacion-de-solidanca-durante-2022\/"},"modified":"2023-01-25T12:38:44","modified_gmt":"2023-01-25T11:38:44","slug":"83-persones-formadas-en-el-centro-de-formacion-de-solidanca-durante-2022","status":"publish","type":"post","link":"https:\/\/solidanca.cat\/es\/83-persones-formadas-en-el-centro-de-formacion-de-solidanca-durante-2022\/","title":{"rendered":"83 personas formadas en el Centro de Formaci\u00f3n de Solidan\u00e7a durante 2022"},"content":{"rendered":"<p>Este 2022, en el <strong>Centro de Formaci\u00f3n de Solidan\u00e7a<\/strong> hemos atendido a <strong>83 alumnos<\/strong> en varios cursos y \u00e1reas educativas, seg\u00fan la demanda del mercado, con el objetivo de crear<strong> nuevas oportunidades laborales para las personas participantes.<\/strong><\/p>\n<p>En nuestro centro de formaci\u00f3n situado en Sant Just Desvern, disponemos a lo largo del a\u00f1o de una gran oferta de cursos de<strong> formaci\u00f3n profesionalizadora gratuitos<\/strong> con un alto \u00edndice de empleabilidad.<\/p>\n<p>Adem\u00e1s, estas formaciones van acompa\u00f1adas de <strong>talleres<\/strong> t\u00e9cnicos de b\u00fasqueda de empleo, el desarrollo de competencias transversales y la posibilidad de realizar pr\u00e1cticas en empresas del sector.<\/p>\n<p>Como novedad de 2022, decidimos apostar por<strong> fomentar la formaci\u00f3n en mujeres<\/strong>, ofreciendo una segunda edici\u00f3n del curso de<strong> Instalaci\u00f3n y mantenimiento de placas solares<\/strong> dirigido \u00fanicamente a mujeres, con el prop\u00f3sito de aumentar y animar su presencia en \u00e9ste sector bastante masculinizado. Una formaci\u00f3n exitosa, que ha permitido la <strong>inserci\u00f3n<\/strong> de algunas de las participantes en un nuevo proyecto laboral, la <strong>Brigada de SoliEnergia<\/strong>, creado para garantizar el empleo a las alumnas, gracias a la subvenci\u00f3n recibida como <strong>Projecte Singulars.<\/strong><\/p>\n<p>En general, las modalidades educativas destacadas de 2022 han sido las siguientes: <strong>Formaci\u00f3n de Instalaci\u00f3n y mantenimiento de placas solares, Gesti\u00f3n administrativa en empresas de residuos, Curso de Log\u00edstica y E-commerce y Curso de Almac\u00e9n en E-comercio.<\/strong><\/p>\n<p>La <strong>Formaci\u00f3n de Instalaci\u00f3n y mantenimiento de placas solares<\/strong>, ha disfrutado de dos ediciones en 2022, con un total de <strong>18 personas formadas<\/strong>. En la segunda edici\u00f3n, decidimos dirigirla a mujeres, con el objetivo de romper con estereotipos de g\u00e9nero en este campo. Durante el curso, las alumnas han aprendido las t\u00e9cnicas b\u00e1sicas de instalaci\u00f3n y mantenimiento de placas solares fotovoltaicas, adem\u00e1s de competencias transversales, digitales, y de b\u00fasqueda de empleo, todo ello acompa\u00f1ado de pr\u00e1cticas formativas no laborales.<\/p>\n<p>El<strong> Curso de Gesti\u00f3n administrativa en empresas de residuos<\/strong>, de la mano del<strong> Programa Incorpora de La Caixa<\/strong>, ha acogido a <strong>7 participantes<\/strong> que han aprendido las t\u00e9cnicas de funcionamiento del Sistema Documental de Residuos (SDR). Adem\u00e1s, han recibido formaci\u00f3n en otras \u00e1reas de refuerzo, como en competencias transversales y digitales, y han puesto en pr\u00e1ctica sus conocimientos realizando pr\u00e1cticas formativas no laborales en empresas.<\/p>\n<p>En cuanto al <strong>Curso de Log\u00edstica y E-Commerce<\/strong>, tambi\u00e9n de Incorpora, las<strong> 18 alumnas<\/strong> asistentes han aprendido t\u00e9cnicas en gesti\u00f3n de almac\u00e9n, se han graduado con el <strong>carnet de carretonero y puente gr\u00faa<\/strong>, adem\u00e1s de recibir formaci\u00f3n en competencias transversales y digitales y realizar pr\u00e1cticas formativas en empresas del sector.<\/p>\n<p>Por \u00faltimo, la <strong>Formaci\u00f3n de Almac\u00e9n en E-comercio<\/strong>, enmarcada en el proyecto <strong>Puertas al Cambio de la convocatoria COSPE<\/strong>, ha estado este a\u00f1o dirigida a <strong>personas migradas en situaci\u00f3n de vulnerabilidad social<\/strong> para formarse en log\u00edstica, concretamente en preparaci\u00f3n de pedidos en l\u00ednea, un sector que ha aumentado considerablemente a causa de la pandemia. Las <strong>15 personas<\/strong> participantes tambi\u00e9n han recibido formaci\u00f3n en competencias transversales, digitales, de b\u00fasqueda de empleo y pr\u00e1cticas formativas no laborales.<a href=\"https:\/\/solidanca.cat\/wp-content\/uploads\/2023\/10\/FLC-H-Cat-Color-Pos.jpg\"><img loading=\"lazy\" decoding=\"async\" class=\"wp-image-16809 aligncenter\" src=\"https:\/\/solidanca.cat\/wp-content\/uploads\/2023\/10\/FLC-H-Cat-Color-Pos.jpg\" alt=\"\" width=\"251\" height=\"54\" \/><\/a><\/p>\n<p>Por otra parte, a trav\u00e9s del <strong>Programa Treballa&#8217;t<\/strong> hemos atendido a <strong>25 personas<\/strong> a trav\u00e9s de <strong>talleres<\/strong> de ecolimpieza y desinfecci\u00f3n, de elaboraci\u00f3n de CV, de competencias TIC, de b\u00fasqueda de empleo y entrevistas.<\/p>\n<p>Tambi\u00e9n hemos ofrecido <strong>formaciones internas<\/strong> a personal de la entidad perteneciente a programas de inserci\u00f3n como el <strong>Programa de Formaci\u00f3n y Trabajo ESAL<\/strong>, con cursos de comunicaci\u00f3n, de inteligencia emocional, o de trabajo en equipo.<\/p>\n<p>El\u00a0<strong>Programa Incorpora<\/strong>\u00a0forma part de la\u00a0<strong>Fundaci\u00f3 La Caixa<\/strong>.<\/p>\n<p><a href=\"https:\/\/solidanca.cat\/wp-content\/uploads\/2023\/01\/Logo-INCORPORA-BO-scaled.jpg\"><img loading=\"lazy\" decoding=\"async\" class=\"alignleft  wp-image-17489\" src=\"https:\/\/solidanca.cat\/wp-content\/uploads\/2023\/01\/Logo-INCORPORA-BO-scaled.jpg\" alt=\"\" width=\"193\" height=\"55\" \/><\/a><\/p>\n<p><a href=\"https:\/\/solidanca.cat\/wp-content\/uploads\/2023\/10\/FLC-H-Cat-Color-Pos.jpg\"><img loading=\"lazy\" decoding=\"async\" class=\"wp-image-16809 alignleft\" src=\"https:\/\/solidanca.cat\/wp-content\/uploads\/2023\/10\/FLC-H-Cat-Color-Pos.jpg\" alt=\"\" width=\"334\" height=\"72\" \/><\/a><\/p>\n<p>El\u00a0<strong>projecte ESAL\u00a0<\/strong>rep el suport del<a href=\"https:\/\/serveiocupacio.gencat.cat\/ca\/inici\/\" target=\"_blank\" rel=\"noopener\">\u00a0Servei d\u2019Ocupaci\u00f3 de Catalunya (SOC)<\/a>\u00a0i el\u00a0<a href=\"https:\/\/exteriors.gencat.cat\/ca\/ambits-dactuacio\/afers_exteriors\/ue\/fons_europeus\/fonsuecat\/quins_fons\/fse\/\" target=\"_blank\" rel=\"noopener\">Fons Social Europeu (FSE).<\/a><\/p>\n<p><img loading=\"lazy\" decoding=\"async\" class=\"wp-image-14844 alignleft\" src=\"https:\/\/solidanca.cat\/wp-content\/uploads\/2023\/01\/soc_2l.jpg\" alt=\"\" width=\"295\" height=\"52\" \/><\/p>\n<p><img loading=\"lazy\" decoding=\"async\" class=\"wp-image-14845 alignleft\" src=\"https:\/\/solidanca.cat\/wp-content\/uploads\/2023\/01\/logo-BO-FONS-SOCIAL-sense-fons.png\" alt=\"\" width=\"352\" height=\"98\" \/><\/p>\n<p>El\u00a0<strong>Projecte Singulars, d\u2019Orientaci\u00f3 i Formaci\u00f3<\/strong>\u00a0\u00e9s del departament de promoci\u00f3 econ\u00f2mica de l\u2019<a href=\"https:\/\/svh.cat\/\" target=\"_blank\" rel=\"noopener\">Ajuntament de Sant Vicen\u00e7 dels Horts<\/a>, i el realitzem en col\u00b7laboraci\u00f3 amb la\u00a0<a href=\"https:\/\/www.fundacionmariaauxiliadora.org\/\" target=\"_blank\" rel=\"noopener\">Fundaci\u00f3 Maria Auxiliadora<\/a>.\u00a0 El programa est\u00e0 impulsat per l\u2019<a href=\"https:\/\/www.amb.cat\/es\/home\" target=\"_blank\" rel=\"noopener\">\u00c0rea Metropolitana de Barcelona<\/a>\u00a0en el marc del\u00a0<a href=\"https:\/\/www.amb.cat\/es\/web\/desenvolupament-socioeconomic\/actualitat\/publicacions\/detall\/-\/publicacio\/pla-metropolita-de-suport-a-les-politiques-socials-municipals-2020-2023\/12585968\/11708\" target=\"_blank\" rel=\"noopener\">Pla metropolit\u00e0 de suport a les pol\u00edtiques socials municipals 2020-2023<\/a>.<\/p>\n<p><img loading=\"lazy\" decoding=\"async\" class=\"size-full wp-image-14846 alignleft\" src=\"https:\/\/solidanca.cat\/wp-content\/uploads\/2023\/01\/AMB-Residus.jpg\" alt=\"\" width=\"286\" height=\"42\" \/><\/p>\n<p>El\u00a0<strong>Projecte Portes al Canvi de la convocat\u00f2ria COSPE<\/strong>\u00a0rep el suport del Departament d\u2019Igualtat i Feminismes i de la Secretaria d\u2019Igualtat, Migracions i Ciutadania de la Generalitat de Catalunya.<\/p>\n<p><img loading=\"lazy\" decoding=\"async\" class=\"size-full wp-image-14848 alignleft\" src=\"https:\/\/solidanca.cat\/wp-content\/uploads\/2023\/01\/secretaria-immigraci\u00f3.png\" alt=\"\" width=\"334\" height=\"151\" \/><\/p>\n","protected":false},"excerpt":{"rendered":"<p>Este 2022, en el Centro de Formaci\u00f3n de Solidan\u00e7a hemos atendido a 83 alumnos en varios cursos y \u00e1reas educativas, seg\u00fan&#8230;<\/p>\n","protected":false},"author":2,"featured_media":6953,"comment_status":"closed","ping_status":"closed","sticky":false,"template":"","format":"standard","meta":{"_uag_custom_page_level_css":"","_kad_blocks_custom_css":"","_kad_blocks_head_custom_js":"","_kad_blocks_body_custom_js":"","_kad_blocks_footer_custom_js":"","_kad_post_transparent":"","_kad_post_title":"","_kad_post_layout":"","_kad_post_sidebar_id":"","_kad_post_content_style":"","_kad_post_vertical_padding":"","_kad_post_feature":"","_kad_post_feature_position":"","_kad_post_header":false,"_kad_post_footer":false,"_kad_post_classname":"","footnotes":""},"categories":[763,758],"tags":[],"class_list":["post-8366","post","type-post","status-publish","format-standard","has-post-thumbnail","hentry","category-area-social-es","category-formacion"],"taxonomy_info":{"category":[{"value":763,"label":"Area Social"},{"value":758,"label":"Formaci\u00f3n"}]},"featured_image_src_large":["https:\/\/solidanca.cat\/wp-content\/uploads\/2025\/04\/image-5-3.png",400,200,false],"author_info":{"display_name":"Solidan\u00e7a","author_link":"https:\/\/solidanca.cat\/es\/author\/alberg\/"},"comment_info":0,"category_info":[{"term_id":763,"name":"Area Social","slug":"area-social-es","term_group":0,"term_taxonomy_id":763,"taxonomy":"category","description":"","parent":0,"count":208,"filter":"raw","cat_ID":763,"category_count":208,"category_description":"","cat_name":"Area Social","category_nicename":"area-social-es","category_parent":0},{"term_id":758,"name":"Formaci\u00f3n","slug":"formacion","term_group":0,"term_taxonomy_id":758,"taxonomy":"category","description":"","parent":0,"count":107,"filter":"raw","cat_ID":758,"category_count":107,"category_description":"","cat_name":"Formaci\u00f3n","category_nicename":"formacion","category_parent":0}],"tag_info":false,"uagb_featured_image_src":{"full":["https:\/\/solidanca.cat\/wp-content\/uploads\/2025\/04\/image-5-3.png",400,200,false],"thumbnail":["https:\/\/solidanca.cat\/wp-content\/uploads\/2025\/04\/image-5-3-150x150.png",150,150,true],"medium":["https:\/\/solidanca.cat\/wp-content\/uploads\/2025\/04\/image-5-3-300x150.png",300,150,true],"medium_large":["https:\/\/solidanca.cat\/wp-content\/uploads\/2025\/04\/image-5-3.png",400,200,false],"large":["https:\/\/solidanca.cat\/wp-content\/uploads\/2025\/04\/image-5-3.png",400,200,false],"1536x1536":["https:\/\/solidanca.cat\/wp-content\/uploads\/2025\/04\/image-5-3.png",400,200,false],"2048x2048":["https:\/\/solidanca.cat\/wp-content\/uploads\/2025\/04\/image-5-3.png",400,200,false]},"uagb_author_info":{"display_name":"Solidan\u00e7a","author_link":"https:\/\/solidanca.cat\/es\/author\/alberg\/"},"uagb_comment_info":0,"uagb_excerpt":"Este 2022, en el Centro de Formaci\u00f3n de Solidan\u00e7a hemos atendido a 83 alumnos en varios cursos y \u00e1reas educativas, seg\u00fan...","_links":{"self":[{"href":"https:\/\/solidanca.cat\/es\/wp-json\/wp\/v2\/posts\/8366","targetHints":{"allow":["GET"]}}],"collection":[{"href":"https:\/\/solidanca.cat\/es\/wp-json\/wp\/v2\/posts"}],"about":[{"href":"https:\/\/solidanca.cat\/es\/wp-json\/wp\/v2\/types\/post"}],"author":[{"embeddable":true,"href":"https:\/\/solidanca.cat\/es\/wp-json\/wp\/v2\/users\/2"}],"replies":[{"embeddable":true,"href":"https:\/\/solidanca.cat\/es\/wp-json\/wp\/v2\/comments?post=8366"}],"version-history":[{"count":0,"href":"https:\/\/solidanca.cat\/es\/wp-json\/wp\/v2\/posts\/8366\/revisions"}],"wp:featuredmedia":[{"embeddable":true,"href":"https:\/\/solidanca.cat\/es\/wp-json\/wp\/v2\/media\/6953"}],"wp:attachment":[{"href":"https:\/\/solidanca.cat\/es\/wp-json\/wp\/v2\/media?parent=8366"}],"wp:term":[{"taxonomy":"category","embeddable":true,"href":"https:\/\/solidanca.cat\/es\/wp-json\/wp\/v2\/categories?post=8366"},{"taxonomy":"post_tag","embeddable":true,"href":"https:\/\/solidanca.cat\/es\/wp-json\/wp\/v2\/tags?post=8366"}],"curies":[{"name":"wp","href":"https:\/\/api.w.org\/{rel}","templated":true}]}}