{"id":8380,"date":"2023-02-16T08:43:15","date_gmt":"2023-02-16T07:43:15","guid":{"rendered":"https:\/\/solidanca.con2webs.es\/celebramos-la-apertura-de-la-nueva-tienda-solidancaroba-amiga-en-cornella\/"},"modified":"2025-04-02T13:25:31","modified_gmt":"2025-04-02T11:25:31","slug":"celebramos-la-apertura-de-la-nueva-tienda-solidancaroba-amiga-en-cornella","status":"publish","type":"post","link":"https:\/\/solidanca.cat\/es\/celebramos-la-apertura-de-la-nueva-tienda-solidancaroba-amiga-en-cornella\/","title":{"rendered":"Celebramos la apertura de la nueva tienda Solidan\u00e7a\/Roba Amiga en Cornell\u00e0"},"content":{"rendered":"<h5>Consumo responsable y sostenible con un gran impacto social<\/h5>\n<p>El pasado viernes 10 de febrero se celebr\u00f3 la apertura de la<strong> nueva tienda Solidan\u00e7a\/Roba Amiga de Cornell\u00e0 en la C\/ Joaquim Rubi\u00f3 i Ors 175<\/strong> reuniendo en el establecimiento personas del equipo de Solidan\u00e7a, clientes de otras tiendas y representantes de entidades compa\u00f1eras con las que pudimos disfrutar de un buen rato para conocer los espacios y producto de la tienda y poner en pr\u00e1ctica una compra sostenible y responsable.<\/p>\n<p>El nuevo comercio est\u00e1 situado en una <strong>ubicaci\u00f3n muy c\u00e9ntrica en el municipio<\/strong>, anteriormente situado en la C\/Ramoneda, 93, ahora se pone a mejor disposici\u00f3n de la ciudadan\u00eda. Con mayor espacio, m\u00e1s producto y con la est\u00e9tica de <strong>ecodise\u00f1o<\/strong> que se promueve desde la entidad.<\/p>\n<p>Durante la celebraci\u00f3n se dieron a conocer los distintos espacios y secciones que tiene el establecimiento. El personal de Solidan\u00e7a encargado de la adecuaci\u00f3n del espacio y de la creaci\u00f3n de los mobiliarios, explic\u00f3 la metodolog\u00eda empleada para la <strong>recuperaci\u00f3n de antiguos muebles,<\/strong> redise\u00f1\u00e1ndolos para su adecuaci\u00f3n y poniendo detalle en c\u00f3mo hab\u00edan creado nuevos muebles en clave de ecodise\u00f1o, recuperando piezas diversas para convertirlas en mobiliario \u00fatil para la exposici\u00f3n de producto. De este modo pudimos comprobar c\u00f3mo las <strong>tiendas Solidan\u00e7a\/Roba Amiga<\/strong> no solo dan una nueva vida a la ropa, sino que <strong>reaprovechan toda clase de materiales<\/strong> para la decoraci\u00f3n y el mobiliario de sus espacios.<\/p>\n<p>Tambi\u00e9n se dio a conocer a la clientela la disposici\u00f3n del contenedor<strong> CIRCUTEX<\/strong> para poder llevar sus bolsas de ropa en desuso y dar a conocer la tienda tambi\u00e9n como punto de recogida de ropa.<\/p>\n<p>CIRCUTEX es un contenedor hecho con textil -no textil- producido a trav\u00e9s del<strong> reciclaje textil<\/strong> con el objetivo de reemplazar los contenedores de lona naranja y realizar un circuito de gesti\u00f3n a\u00fan m\u00e1s sostenible. El hecho de que el mismo contenedor en el que se deposita la ropa est\u00e9 producido con el residuo que se recoge tiene un <strong>triple impacto positivo:<\/strong><\/p>\n<p>1\ufe0f\u20e3 El aprovechamiento de residuo textil destinado a reciclaje y tratamiento finalista y valorizarlo con t\u00e9cnicas de upcycling.<\/p>\n<p>2\ufe0f\u20e3 Se garantiza el uso de este contenedor, ya que cubre un servicio a la ciudadan\u00eda necesario.<\/p>\n<p>3\ufe0f\u20e3 Los usuarios del servicio reciben un mensaje importante de cara a impulsar la econom\u00eda circular al poder ver directamente que su residuo tiene una aplicaci\u00f3n \u00fatil.<\/p>\n<p>Durante el evento tambi\u00e9n tuvieron lugar unas palabras del presidente de Solidan\u00e7a y miembros representantes, agradecidos por poder llevar a cabo una nueva apertura y por el trabajo realizado, y se finaliz\u00f3 con un brindis final y una merienda para todas las personas participantes y clientela.<\/p>\n<p>Para Solidan\u00e7a este traslado y <strong>nueva apertura<\/strong> supone un<strong> nuevo reto<\/strong> y un avance para hacer crecer el proyecto social y ambiental que promueve desde hace m\u00e1s de 25 a\u00f1os, seguir creando puestos de trabajo de inserci\u00f3n sociolaboral para personas en situaci\u00f3n de vulnerabilidad social , y dar una nueva vida a los residuos, convirti\u00e9ndolos en recursos y fomentando la econom\u00eda circular.<\/p>\n<p>Os esperamos en la<strong> C\/Joaquim Rubi\u00f3 y Ors 175 de Cornell\u00e0<\/strong> y en el resto de tiendas Solidan\u00e7a\/Roba Amiga. Puede encontrar todas las tiendas publicadas en la web<strong> www.test.solidanca.cat\/tiendas\u00a0<\/strong> y seguir el d\u00eda a d\u00eda en la cuenta de Instagram <strong>@solidanca_botigues<\/strong><\/p>\n<p>No se pierda la galer\u00eda de fotograf\u00edas y nuestro primer <a href=\"https:\/\/www.instagram.com\/reel\/Cof4wIIont4\/?igshid=YmMyMTA2M2Y=\" target=\"_blank\" rel=\"noopener\">TIk TOK!<\/a><\/p>\n<h4><strong>Seguimos trabajando por el fomento de la moda sostenible en clave social y ambiental.<\/strong><\/h4>\n","protected":false},"excerpt":{"rendered":"<p>Consumo responsable y sostenible con un gran impacto social El pasado viernes 10 de febrero se celebr\u00f3 la apertura de la&#8230;<\/p>\n","protected":false},"author":2,"featured_media":7076,"comment_status":"closed","ping_status":"closed","sticky":false,"template":"","format":"standard","meta":{"_uag_custom_page_level_css":"","_kad_blocks_custom_css":"","_kad_blocks_head_custom_js":"","_kad_blocks_body_custom_js":"","_kad_blocks_footer_custom_js":"","_kad_post_transparent":"","_kad_post_title":"","_kad_post_layout":"","_kad_post_sidebar_id":"","_kad_post_content_style":"","_kad_post_vertical_padding":"","_kad_post_feature":"","_kad_post_feature_position":"","_kad_post_header":false,"_kad_post_footer":false,"_kad_post_classname":"","footnotes":""},"categories":[766,756],"tags":[],"class_list":["post-8380","post","type-post","status-publish","format-standard","has-post-thumbnail","hentry","category-medio-ambienteroba-amiga","category-tiendas"],"taxonomy_info":{"category":[{"value":766,"label":"Medio ambiente&gt;Roba Amiga"},{"value":756,"label":"Tiendas"}]},"featured_image_src_large":["https:\/\/solidanca.cat\/wp-content\/uploads\/2025\/04\/FOTO-NOTICIES-WEB-11-4.jpg",400,200,false],"author_info":{"display_name":"Solidan\u00e7a","author_link":"https:\/\/solidanca.cat\/es\/author\/alberg\/"},"comment_info":0,"category_info":[{"term_id":766,"name":"Medio ambiente&gt;Roba Amiga","slug":"medio-ambienteroba-amiga","term_group":0,"term_taxonomy_id":766,"taxonomy":"category","description":"","parent":0,"count":61,"filter":"raw","cat_ID":766,"category_count":61,"category_description":"","cat_name":"Medio ambiente&gt;Roba Amiga","category_nicename":"medio-ambienteroba-amiga","category_parent":0},{"term_id":756,"name":"Tiendas","slug":"tiendas","term_group":0,"term_taxonomy_id":756,"taxonomy":"category","description":"","parent":0,"count":60,"filter":"raw","cat_ID":756,"category_count":60,"category_description":"","cat_name":"Tiendas","category_nicename":"tiendas","category_parent":0}],"tag_info":false,"uagb_featured_image_src":{"full":["https:\/\/solidanca.cat\/wp-content\/uploads\/2025\/04\/FOTO-NOTICIES-WEB-11-4.jpg",400,200,false],"thumbnail":["https:\/\/solidanca.cat\/wp-content\/uploads\/2025\/04\/FOTO-NOTICIES-WEB-11-4-150x150.jpg",150,150,true],"medium":["https:\/\/solidanca.cat\/wp-content\/uploads\/2025\/04\/FOTO-NOTICIES-WEB-11-4-300x150.jpg",300,150,true],"medium_large":["https:\/\/solidanca.cat\/wp-content\/uploads\/2025\/04\/FOTO-NOTICIES-WEB-11-4.jpg",400,200,false],"large":["https:\/\/solidanca.cat\/wp-content\/uploads\/2025\/04\/FOTO-NOTICIES-WEB-11-4.jpg",400,200,false],"1536x1536":["https:\/\/solidanca.cat\/wp-content\/uploads\/2025\/04\/FOTO-NOTICIES-WEB-11-4.jpg",400,200,false],"2048x2048":["https:\/\/solidanca.cat\/wp-content\/uploads\/2025\/04\/FOTO-NOTICIES-WEB-11-4.jpg",400,200,false]},"uagb_author_info":{"display_name":"Solidan\u00e7a","author_link":"https:\/\/solidanca.cat\/es\/author\/alberg\/"},"uagb_comment_info":0,"uagb_excerpt":"Consumo responsable y sostenible con un gran impacto social El pasado viernes 10 de febrero se celebr\u00f3 la apertura de la...","_links":{"self":[{"href":"https:\/\/solidanca.cat\/es\/wp-json\/wp\/v2\/posts\/8380","targetHints":{"allow":["GET"]}}],"collection":[{"href":"https:\/\/solidanca.cat\/es\/wp-json\/wp\/v2\/posts"}],"about":[{"href":"https:\/\/solidanca.cat\/es\/wp-json\/wp\/v2\/types\/post"}],"author":[{"embeddable":true,"href":"https:\/\/solidanca.cat\/es\/wp-json\/wp\/v2\/users\/2"}],"replies":[{"embeddable":true,"href":"https:\/\/solidanca.cat\/es\/wp-json\/wp\/v2\/comments?post=8380"}],"version-history":[{"count":1,"href":"https:\/\/solidanca.cat\/es\/wp-json\/wp\/v2\/posts\/8380\/revisions"}],"predecessor-version":[{"id":8688,"href":"https:\/\/solidanca.cat\/es\/wp-json\/wp\/v2\/posts\/8380\/revisions\/8688"}],"wp:featuredmedia":[{"embeddable":true,"href":"https:\/\/solidanca.cat\/es\/wp-json\/wp\/v2\/media\/7076"}],"wp:attachment":[{"href":"https:\/\/solidanca.cat\/es\/wp-json\/wp\/v2\/media?parent=8380"}],"wp:term":[{"taxonomy":"category","embeddable":true,"href":"https:\/\/solidanca.cat\/es\/wp-json\/wp\/v2\/categories?post=8380"},{"taxonomy":"post_tag","embeddable":true,"href":"https:\/\/solidanca.cat\/es\/wp-json\/wp\/v2\/tags?post=8380"}],"curies":[{"name":"wp","href":"https:\/\/api.w.org\/{rel}","templated":true}]}}