{"id":8386,"date":"2023-03-01T16:34:44","date_gmt":"2023-03-01T15:34:44","guid":{"rendered":"https:\/\/solidanca.con2webs.es\/241-421-kg-de-residuos-recogidos-gracias-al-servicio-de-recogidas-traslados-y-achiques-de-la-entidad\/"},"modified":"2023-03-01T16:38:53","modified_gmt":"2023-03-01T15:38:53","slug":"241-421-kg-de-residuos-recogidos-gracias-al-servicio-de-recogidas-traslados-y-achiques-de-la-entidad","status":"publish","type":"post","link":"https:\/\/solidanca.cat\/es\/241-421-kg-de-residuos-recogidos-gracias-al-servicio-de-recogidas-traslados-y-achiques-de-la-entidad\/","title":{"rendered":"241.421 kg de residuos recogidos gracias al servicio de recogidas, traslados y vaciados de la entidad"},"content":{"rendered":"<p>Desde los inicios de la actividad de Solidan\u00e7a, ofrecemos un<strong> servicio especializado en recogidas, traslados y vaciados,<\/strong> tanto de particulares como de empresas, que se dedica a la <strong>recogida a domicilio de residuos<\/strong> voluminosos, incluyendo muebles, electrodom\u00e9sticos y ropa, entre otros.<\/p>\n<p>Durante 2022, hemos conseguido la meta de<strong> 241.421kg de residuos recogidos<\/strong>, un proceso que ha permitido la<strong> creaci\u00f3n de dos puestos de trabajo para personas en situaci\u00f3n de vulnerabilidad social<\/strong>, que forman parte de un itinerario de inserci\u00f3n con la entidad . De estos residuos recogidos, 158.401 kg han podido ser reutilizados, lo que supone un porcentaje del <strong>65,6% de reutilizaci\u00f3n de voluminosos recogidos.<\/strong><\/p>\n<p>Cabe destacar que este servicio proporciona un <strong>doble impacto<\/strong>, tanto social como ambiental: por un lado, permite la<strong> creaci\u00f3n de puestos de trabajo<\/strong> dedicados a personas en situaci\u00f3n de vulnerabilidad social y, adem\u00e1s,<strong> fomenta la reutilizaci\u00f3n<\/strong> y el alargamiento de la vida \u00fatil de muebles y aparatos electr\u00f3nicos, evitando que \u00e9stos se conviertan en un residuo.<\/p>\n<p>En comparaci\u00f3n con el a\u00f1o anterior,<strong> las recogidas han aumentado un 37%,<\/strong> es decir, este a\u00f1o se han recogido otros 65.371kg de residuos voluminosos.<\/p>\n<p><a href=\"https:\/\/solidanca.cat\/wp-content\/uploads\/2023\/03\/WhatsApp-Image-2023-03-01-at-16.58.33.jpeg\"><img loading=\"lazy\" decoding=\"async\" class=\"aligncenter  wp-image-15110\" src=\"https:\/\/solidanca.cat\/wp-content\/uploads\/2023\/03\/WhatsApp-Image-2023-03-01-at-16.58.33.jpeg\" alt=\"\" width=\"587\" height=\"587\" \/><\/a><\/p>\n<p>&nbsp;<\/p>\n<h5><strong>\u00bfC\u00f3mo se solicita el servicio?<\/strong><\/h5>\n<p>El servicio puede solicitarse<strong> llamando al 936854434<\/strong> o enviando un<strong> correo a solidan@test.solidanca.cat,<\/strong> especificando cu\u00e1l es el tipo de recogida que se necesita y qu\u00e9 tipo de residuo debemos recoger.<\/p>\n<p>Una vez recibida la solicitud, contactaremos con ustedes, y procederemos a iniciar una<strong> valoraci\u00f3n de la recogida.<\/strong><\/p>\n<h5>\u00bfD\u00f3nde van a parar los objetos recogidos?<\/h5>\n<p>El objetivo de la recogida a domicilio es <strong>preservar<\/strong> el mejor estado posible de los muebles y abultados en cuesti\u00f3n, as\u00ed como ofrecer una<strong> correcta gesti\u00f3n de este residuo.<\/strong><\/p>\n<p>Una vez que el equipo de servicios log\u00edsticos ha hecho la recogida, los muebles y electrodom\u00e9sticos son trasladados a nuestra<strong> planta de Preparaci\u00f3n para la Reutilizaci\u00f3n<\/strong> en Sant Just Desvern, con el prop\u00f3sito de fomentar su circularidad y volver a ser introducidos en el mercado.<\/p>\n<p>Una vez recibidos en la planta, se pesan y registran, para despu\u00e9s ser <strong>clasificados<\/strong> en funci\u00f3n de su estado. Para valorar qu\u00e9 clase de reparaci\u00f3n deben recibir, los residuos pasan por un <strong>proceso de revisi\u00f3n,<\/strong> donde se decide si es factible su Preparaci\u00f3n para la Reutilizaci\u00f3n, o si la \u00fanica alternativa es desguazarlos y asegurarnos de que son reciclados de forma adecuada. El <strong>desguace<\/strong> tambi\u00e9n es una t\u00e9cnica de reaprovechamiento: al separar las piezas, podemos reutilizar aquellas que s\u00ed funcionan del aparato y hacer upcycling.<\/p>\n<p>Cuando los residuos han sido limpiados y adecuados o, en caso de ser necesario, se les ha aplicado un proceso de restauraci\u00f3n y redise\u00f1o, son trasladados a las <strong>tiendas de Solidan\u00e7a \/ Roba Amiga,<\/strong> con el fin de garantizar su circularidad a trav\u00e9s de la venta de art\u00edculos de segunda mano.<\/p>\n<h4><strong>Impulsando un consumo \u00e9tico y responsable, evitamos que los voluminosos recogidos se conviertan en residuo, y alargamos su vida \u00fatil gracias a las tiendas.<\/strong><\/h4>\n","protected":false},"excerpt":{"rendered":"<p>Desde los inicios de la actividad de Solidan\u00e7a, ofrecemos un servicio especializado en recogidas, traslados y vaciados, tanto de particulares como&#8230;<\/p>\n","protected":false},"author":2,"featured_media":7099,"comment_status":"closed","ping_status":"closed","sticky":false,"template":"","format":"standard","meta":{"_uag_custom_page_level_css":"","_kad_blocks_custom_css":"","_kad_blocks_head_custom_js":"","_kad_blocks_body_custom_js":"","_kad_blocks_footer_custom_js":"","_kad_post_transparent":"","_kad_post_title":"","_kad_post_layout":"","_kad_post_sidebar_id":"","_kad_post_content_style":"","_kad_post_vertical_padding":"","_kad_post_feature":"","_kad_post_feature_position":"","_kad_post_header":false,"_kad_post_footer":false,"_kad_post_classname":"","footnotes":""},"categories":[766,756],"tags":[],"class_list":["post-8386","post","type-post","status-publish","format-standard","has-post-thumbnail","hentry","category-medio-ambienteroba-amiga","category-tiendas"],"taxonomy_info":{"category":[{"value":766,"label":"Medio ambiente&gt;Roba Amiga"},{"value":756,"label":"Tiendas"}]},"featured_image_src_large":["https:\/\/solidanca.cat\/wp-content\/uploads\/2025\/04\/FOTO-NOTICIES-WEB-14-7.jpg",400,200,false],"author_info":{"display_name":"Solidan\u00e7a","author_link":"https:\/\/solidanca.cat\/es\/author\/alberg\/"},"comment_info":0,"category_info":[{"term_id":766,"name":"Medio ambiente&gt;Roba Amiga","slug":"medio-ambienteroba-amiga","term_group":0,"term_taxonomy_id":766,"taxonomy":"category","description":"","parent":0,"count":61,"filter":"raw","cat_ID":766,"category_count":61,"category_description":"","cat_name":"Medio ambiente&gt;Roba Amiga","category_nicename":"medio-ambienteroba-amiga","category_parent":0},{"term_id":756,"name":"Tiendas","slug":"tiendas","term_group":0,"term_taxonomy_id":756,"taxonomy":"category","description":"","parent":0,"count":60,"filter":"raw","cat_ID":756,"category_count":60,"category_description":"","cat_name":"Tiendas","category_nicename":"tiendas","category_parent":0}],"tag_info":false,"uagb_featured_image_src":{"full":["https:\/\/solidanca.cat\/wp-content\/uploads\/2025\/04\/FOTO-NOTICIES-WEB-14-7.jpg",400,200,false],"thumbnail":["https:\/\/solidanca.cat\/wp-content\/uploads\/2025\/04\/FOTO-NOTICIES-WEB-14-7-150x150.jpg",150,150,true],"medium":["https:\/\/solidanca.cat\/wp-content\/uploads\/2025\/04\/FOTO-NOTICIES-WEB-14-7-300x150.jpg",300,150,true],"medium_large":["https:\/\/solidanca.cat\/wp-content\/uploads\/2025\/04\/FOTO-NOTICIES-WEB-14-7.jpg",400,200,false],"large":["https:\/\/solidanca.cat\/wp-content\/uploads\/2025\/04\/FOTO-NOTICIES-WEB-14-7.jpg",400,200,false],"1536x1536":["https:\/\/solidanca.cat\/wp-content\/uploads\/2025\/04\/FOTO-NOTICIES-WEB-14-7.jpg",400,200,false],"2048x2048":["https:\/\/solidanca.cat\/wp-content\/uploads\/2025\/04\/FOTO-NOTICIES-WEB-14-7.jpg",400,200,false]},"uagb_author_info":{"display_name":"Solidan\u00e7a","author_link":"https:\/\/solidanca.cat\/es\/author\/alberg\/"},"uagb_comment_info":0,"uagb_excerpt":"Desde los inicios de la actividad de Solidan\u00e7a, ofrecemos un servicio especializado en recogidas, traslados y vaciados, tanto de particulares como...","_links":{"self":[{"href":"https:\/\/solidanca.cat\/es\/wp-json\/wp\/v2\/posts\/8386","targetHints":{"allow":["GET"]}}],"collection":[{"href":"https:\/\/solidanca.cat\/es\/wp-json\/wp\/v2\/posts"}],"about":[{"href":"https:\/\/solidanca.cat\/es\/wp-json\/wp\/v2\/types\/post"}],"author":[{"embeddable":true,"href":"https:\/\/solidanca.cat\/es\/wp-json\/wp\/v2\/users\/2"}],"replies":[{"embeddable":true,"href":"https:\/\/solidanca.cat\/es\/wp-json\/wp\/v2\/comments?post=8386"}],"version-history":[{"count":0,"href":"https:\/\/solidanca.cat\/es\/wp-json\/wp\/v2\/posts\/8386\/revisions"}],"wp:featuredmedia":[{"embeddable":true,"href":"https:\/\/solidanca.cat\/es\/wp-json\/wp\/v2\/media\/7099"}],"wp:attachment":[{"href":"https:\/\/solidanca.cat\/es\/wp-json\/wp\/v2\/media?parent=8386"}],"wp:term":[{"taxonomy":"category","embeddable":true,"href":"https:\/\/solidanca.cat\/es\/wp-json\/wp\/v2\/categories?post=8386"},{"taxonomy":"post_tag","embeddable":true,"href":"https:\/\/solidanca.cat\/es\/wp-json\/wp\/v2\/tags?post=8386"}],"curies":[{"name":"wp","href":"https:\/\/api.w.org\/{rel}","templated":true}]}}