{"id":8391,"date":"2023-03-13T11:14:45","date_gmt":"2023-03-13T10:14:45","guid":{"rendered":"https:\/\/solidanca.con2webs.es\/encuentro-de-entidades-en-el-mobile-social-congress-por-el-derecho-a-reparar-y-contra-la-obsolescencia-programada\/"},"modified":"2025-04-02T13:25:33","modified_gmt":"2025-04-02T11:25:33","slug":"encuentro-de-entidades-en-el-mobile-social-congress-por-el-derecho-a-reparar-y-contra-la-obsolescencia-programada","status":"publish","type":"post","link":"https:\/\/solidanca.cat\/es\/encuentro-de-entidades-en-el-mobile-social-congress-por-el-derecho-a-reparar-y-contra-la-obsolescencia-programada\/","title":{"rendered":"Encuentro de entidades en el Mobile Social\u00a0Congress\u00a0por el derecho a reparar y contra la obsolescencia programada"},"content":{"rendered":"<p>El viernes 3 de marzo participamos en un primer encuentro de entidades en el <a href=\"https:\/\/mobilesocialcongress.cat\/en\/\" target=\"_blank\" rel=\"noopener\"><strong>Mobile Social Congress<\/strong><\/a>, entre las que se encuentran e-resuse, CECU, Restarters, Dona&#8217;l, Amics de la Terra, Fundaci\u00f3 Esplai y SETEM.<\/p>\n<p>Esta octava edici\u00f3n del congreso ha reunido a personas expertas de todo el mundo para abordar las <strong>vulneraciones de derechos humanos y ambientales<\/strong> que se producen en las cadenas de valor de la<strong> industria electr\u00f3nica<\/strong>, especialmente, en las fases de extracci\u00f3n y fabricaci\u00f3n.<\/p>\n<p>El objetivo de este encuentro ha sido una puesta en com\u00fan sobre el estado actual de las <strong>leyes que afectan a la reparaci\u00f3n y el ecodise\u00f1o de productos<\/strong>, as\u00ed como realizar un traspaso del modelo organizativo y de gobernanza de la red europea <a href=\"https:\/\/repair.eu\/es\/\" target=\"_blank\" rel=\"noopener\">Right to Repair<\/a> , que se dedica a hacer incidencia a escala europea para garantizar el derecho a reparar.<\/p>\n<p>Las entidades compartimos la motivaci\u00f3n para <strong>crear una plataforma por el derecho a reparar<\/strong> y contra la obsolescencia programada a nivel estatal.<\/p>\n<p>El objetivo de esta nueva plataforma es cuestionar el <strong>modelo de desperdicio de recursos de consumo actual,<\/strong> ofrecer una alternativa a las consumidoras debido a los conflictos ambientales generados por la extracci\u00f3n de recursos para la producci\u00f3n de electr\u00f3nica, as\u00ed como promover una cultura de la reparaci\u00f3n para recuperar la soberan\u00eda tecnol\u00f3gica.<\/p>\n<h4>Los efectos de la industria electr\u00f3nica<\/h4>\n<p>Desde 2016, <strong>SETEM Catalunya<\/strong> organiza el MSC para denunciar las <strong>adversidades de la industria electr\u00f3nica<\/strong> que se promociona en el MWC. \u00c9sta produce un alarmante<strong> impacto ambiental y social<\/strong> en las comunidades del Sur Global, de donde se extraen los minerales no renovables esenciales para la construcci\u00f3n de los aparatos electr\u00f3nicos. Adem\u00e1s, las grandes marcas de esta industria <strong>subcontratan la manufactura<\/strong> en la opaca cadena de suministro global y, por tanto, en f\u00e1bricas donde <strong>no se respetan los derechos<\/strong> laborales, de salud ni de seguridad de las personas trabajadoras.<\/p>\n<p>A ra\u00edz de la <strong>obsolescencia programada<\/strong>, este sector genera millones de residuos electr\u00f3nicos, que propician que la <strong>contaminaci\u00f3n<\/strong> del planeta tenga una repercusi\u00f3n muy desigual en el Norte y el Sur Global.<\/p>\n","protected":false},"excerpt":{"rendered":"<p>El viernes 3 de marzo participamos en un primer encuentro de entidades en el Mobile Social Congress, entre las que se&#8230;<\/p>\n","protected":false},"author":2,"featured_media":7134,"comment_status":"closed","ping_status":"closed","sticky":false,"template":"","format":"standard","meta":{"_uag_custom_page_level_css":"","_kad_blocks_custom_css":"","_kad_blocks_head_custom_js":"","_kad_blocks_body_custom_js":"","_kad_blocks_footer_custom_js":"","_kad_post_transparent":"","_kad_post_title":"","_kad_post_layout":"","_kad_post_sidebar_id":"","_kad_post_content_style":"","_kad_post_vertical_padding":"","_kad_post_feature":"","_kad_post_feature_position":"","_kad_post_header":false,"_kad_post_footer":false,"_kad_post_classname":"","footnotes":""},"categories":[763,761],"tags":[],"class_list":["post-8391","post","type-post","status-publish","format-standard","has-post-thumbnail","hentry","category-area-social-es","category-medio-ambiente"],"taxonomy_info":{"category":[{"value":763,"label":"Area Social"},{"value":761,"label":"MEDIO AMBIENTE"}]},"featured_image_src_large":["https:\/\/solidanca.cat\/wp-content\/uploads\/2025\/04\/CARTELL-8M-4-724x1024.png",724,1024,true],"author_info":{"display_name":"Solidan\u00e7a","author_link":"https:\/\/solidanca.cat\/es\/author\/alberg\/"},"comment_info":0,"category_info":[{"term_id":763,"name":"Area Social","slug":"area-social-es","term_group":0,"term_taxonomy_id":763,"taxonomy":"category","description":"","parent":0,"count":208,"filter":"raw","cat_ID":763,"category_count":208,"category_description":"","cat_name":"Area Social","category_nicename":"area-social-es","category_parent":0},{"term_id":761,"name":"MEDIO AMBIENTE","slug":"medio-ambiente","term_group":0,"term_taxonomy_id":761,"taxonomy":"category","description":"","parent":0,"count":263,"filter":"raw","cat_ID":761,"category_count":263,"category_description":"","cat_name":"MEDIO AMBIENTE","category_nicename":"medio-ambiente","category_parent":0}],"tag_info":false,"uagb_featured_image_src":{"full":["https:\/\/solidanca.cat\/wp-content\/uploads\/2025\/04\/CARTELL-8M-4.png",1414,2000,false],"thumbnail":["https:\/\/solidanca.cat\/wp-content\/uploads\/2025\/04\/CARTELL-8M-4-150x150.png",150,150,true],"medium":["https:\/\/solidanca.cat\/wp-content\/uploads\/2025\/04\/CARTELL-8M-4-212x300.png",212,300,true],"medium_large":["https:\/\/solidanca.cat\/wp-content\/uploads\/2025\/04\/CARTELL-8M-4-768x1086.png",768,1086,true],"large":["https:\/\/solidanca.cat\/wp-content\/uploads\/2025\/04\/CARTELL-8M-4-724x1024.png",724,1024,true],"1536x1536":["https:\/\/solidanca.cat\/wp-content\/uploads\/2025\/04\/CARTELL-8M-4-1086x1536.png",1086,1536,true],"2048x2048":["https:\/\/solidanca.cat\/wp-content\/uploads\/2025\/04\/CARTELL-8M-4.png",1414,2000,false]},"uagb_author_info":{"display_name":"Solidan\u00e7a","author_link":"https:\/\/solidanca.cat\/es\/author\/alberg\/"},"uagb_comment_info":0,"uagb_excerpt":"El viernes 3 de marzo participamos en un primer encuentro de entidades en el Mobile Social Congress, entre las que se...","_links":{"self":[{"href":"https:\/\/solidanca.cat\/es\/wp-json\/wp\/v2\/posts\/8391","targetHints":{"allow":["GET"]}}],"collection":[{"href":"https:\/\/solidanca.cat\/es\/wp-json\/wp\/v2\/posts"}],"about":[{"href":"https:\/\/solidanca.cat\/es\/wp-json\/wp\/v2\/types\/post"}],"author":[{"embeddable":true,"href":"https:\/\/solidanca.cat\/es\/wp-json\/wp\/v2\/users\/2"}],"replies":[{"embeddable":true,"href":"https:\/\/solidanca.cat\/es\/wp-json\/wp\/v2\/comments?post=8391"}],"version-history":[{"count":1,"href":"https:\/\/solidanca.cat\/es\/wp-json\/wp\/v2\/posts\/8391\/revisions"}],"predecessor-version":[{"id":8694,"href":"https:\/\/solidanca.cat\/es\/wp-json\/wp\/v2\/posts\/8391\/revisions\/8694"}],"wp:featuredmedia":[{"embeddable":true,"href":"https:\/\/solidanca.cat\/es\/wp-json\/wp\/v2\/media\/7134"}],"wp:attachment":[{"href":"https:\/\/solidanca.cat\/es\/wp-json\/wp\/v2\/media?parent=8391"}],"wp:term":[{"taxonomy":"category","embeddable":true,"href":"https:\/\/solidanca.cat\/es\/wp-json\/wp\/v2\/categories?post=8391"},{"taxonomy":"post_tag","embeddable":true,"href":"https:\/\/solidanca.cat\/es\/wp-json\/wp\/v2\/tags?post=8391"}],"curies":[{"name":"wp","href":"https:\/\/api.w.org\/{rel}","templated":true}]}}