{"id":8395,"date":"2023-03-30T12:19:35","date_gmt":"2023-03-30T10:19:35","guid":{"rendered":"https:\/\/solidanca.con2webs.es\/ganamos-premio-mes-mataro-seguimos-fortaleciendo-la-presencia-la-capital-del-maresme\/"},"modified":"2023-03-30T12:22:15","modified_gmt":"2023-03-30T10:22:15","slug":"ganamos-premio-mes-mataro-seguimos-fortaleciendo-la-presencia-la-capital-del-maresme","status":"publish","type":"post","link":"https:\/\/solidanca.cat\/es\/ganamos-premio-mes-mataro-seguimos-fortaleciendo-la-presencia-la-capital-del-maresme\/","title":{"rendered":"Ganamos el premio M\u00e9s Matar\u00f3 y seguimos fortaleciendo la presencia en la capital del Maresme"},"content":{"rendered":"<p>Solidan\u00e7a ha estado galardonada con el premio M\u00e9s Matar\u00f3 Empresa Sociedad a las mejores iniciativas de responsabilidad social en el sector empresarial de la ciudad.<\/p>\n<p>Este premio tiene por objetivo promover la integraci\u00f3n de las pol\u00edticas de responsabilidad social en las e iniciativas empresariales a la vez contribuir al desarrollo socioecon\u00f3mico responsable de Matar\u00f3 y promover buenas pr\u00e1cticas de RS que puedan servir de referencia de forma que incentiven la transferibilidad y la intercooperaci\u00f3.<\/p>\n<p>Desde Solidan\u00e7a estamos muy agradecidas de este reconocimiento que nos impulsa a continuar trabajando para las personas y por el medio ambiente.<\/p>\n<p><strong>Aumentamos cada vez m\u00e1s la presencia en la ciudad de Matar\u00f3<\/strong><\/p>\n<p>Desde 2018 la entidad de Solidan\u00e7a y la ciudad de Matar\u00f3 trabajan conjuntamente con el objetivo de potenciar la econom\u00eda social y circular a trav\u00e9s de los servicios vinculados a la gesti\u00f3n de residuos con valor social.<\/p>\n<p>Solidan\u00e7a realiza desde hace cinco a\u00f1os el servicio de recogida de residuo textil a trav\u00e9s de los 60 contenedores Ropa Amiga situados a la v\u00eda p\u00fablica adem\u00e1s de la gesti\u00f3n de las dos desecher\u00edas fijas y la m\u00f3vil. Adem\u00e1s desde el a\u00f1o 2021 la entidad realiza el servicio de recogida de voluminosos a domicilio, de un modelo innovador que fomenta la prevenci\u00f3n y la preparaci\u00f3n para la reutilizaci\u00f3n por encima de otras v\u00edas de gesti\u00f3n de los voluminosos.<\/p>\n<p>El a\u00f1o pasado inauguramos una nueva tienda de Solidan\u00e7a\/Ropa Amiga en la ciudad de Matar\u00f3 situada a la Ronda Alfonso X el Sabio con una ampl\u00eda gama de productos de segunda mano de ropa, complementos, mobiliario y electrodom\u00e9sticos para seguir fomentando una moda sostenible.<\/p>\n<p>Adem\u00e1s desde este verano, la mini desecher\u00eda m\u00f3vil de Matar\u00f3 cuenta con los nuevos servicios gratuitos de la ReparaTruck y la DidalTruck para seguir fomentando la prevenci\u00f3n de residuos.<\/p>\n<p>Agradecemos un golpe m\u00e1s en el Ayuntamiento de Matar\u00f3 para seguir confiando en nosotros y para continuar apostando por las personas y por el medio ambiente.<\/p>\n<p>Tambi\u00e9n agradecemos a la ciudadan\u00eda de Matar\u00f3, para hacerlo posible y para practicar el consumo responsable que hace que la econom\u00eda de Matar\u00f3 tambi\u00e9n sea m\u00e1s circular.<\/p>\n<p>&nbsp;<\/p>\n<p>&nbsp;<\/p>\n<p><a href=\"https:\/\/solidanca.cat\/wp-content\/uploads\/2023\/03\/image_6483441-4.jpg\"><img loading=\"lazy\" decoding=\"async\" class=\"wp-image-15196 alignleft\" src=\"https:\/\/solidanca.cat\/wp-content\/uploads\/2023\/03\/image_6483441-4.jpg\" alt=\"\" width=\"376\" height=\"299\" \/><\/a><a href=\"https:\/\/solidanca.cat\/wp-content\/uploads\/2023\/03\/image_6483441-5.jpg\"><img loading=\"lazy\" decoding=\"async\" class=\"aligncenter wp-image-15197\" src=\"https:\/\/solidanca.cat\/wp-content\/uploads\/2023\/03\/image_6483441-5.jpg\" alt=\"\" width=\"426\" height=\"320\" \/><\/a><\/p>\n","protected":false},"excerpt":{"rendered":"<p>Solidan\u00e7a ha estado galardonada con el premio M\u00e9s Matar\u00f3 Empresa Sociedad a las mejores iniciativas de responsabilidad social en el sector&#8230;<\/p>\n","protected":false},"author":2,"featured_media":7156,"comment_status":"open","ping_status":"closed","sticky":false,"template":"","format":"standard","meta":{"_uag_custom_page_level_css":"","_kad_blocks_custom_css":"","_kad_blocks_head_custom_js":"","_kad_blocks_body_custom_js":"","_kad_blocks_footer_custom_js":"","_kad_post_transparent":"","_kad_post_title":"","_kad_post_layout":"","_kad_post_sidebar_id":"","_kad_post_content_style":"","_kad_post_vertical_padding":"","_kad_post_feature":"","_kad_post_feature_position":"","_kad_post_header":false,"_kad_post_footer":false,"_kad_post_classname":"","footnotes":""},"categories":[763,761],"tags":[],"class_list":["post-8395","post","type-post","status-publish","format-standard","has-post-thumbnail","hentry","category-area-social-es","category-medio-ambiente"],"taxonomy_info":{"category":[{"value":763,"label":"Area Social"},{"value":761,"label":"MEDIO AMBIENTE"}]},"featured_image_src_large":["https:\/\/solidanca.cat\/wp-content\/uploads\/2025\/04\/CARTELLS-a3-2-3-724x1024.jpg",724,1024,true],"author_info":{"display_name":"Solidan\u00e7a","author_link":"https:\/\/solidanca.cat\/es\/author\/alberg\/"},"comment_info":0,"category_info":[{"term_id":763,"name":"Area Social","slug":"area-social-es","term_group":0,"term_taxonomy_id":763,"taxonomy":"category","description":"","parent":0,"count":205,"filter":"raw","cat_ID":763,"category_count":205,"category_description":"","cat_name":"Area Social","category_nicename":"area-social-es","category_parent":0},{"term_id":761,"name":"MEDIO AMBIENTE","slug":"medio-ambiente","term_group":0,"term_taxonomy_id":761,"taxonomy":"category","description":"","parent":0,"count":263,"filter":"raw","cat_ID":761,"category_count":263,"category_description":"","cat_name":"MEDIO AMBIENTE","category_nicename":"medio-ambiente","category_parent":0}],"tag_info":false,"uagb_featured_image_src":{"full":["https:\/\/solidanca.cat\/wp-content\/uploads\/2025\/04\/CARTELLS-a3-2-3.jpg",1414,2000,false],"thumbnail":["https:\/\/solidanca.cat\/wp-content\/uploads\/2025\/04\/CARTELLS-a3-2-3-150x150.jpg",150,150,true],"medium":["https:\/\/solidanca.cat\/wp-content\/uploads\/2025\/04\/CARTELLS-a3-2-3-212x300.jpg",212,300,true],"medium_large":["https:\/\/solidanca.cat\/wp-content\/uploads\/2025\/04\/CARTELLS-a3-2-3-768x1086.jpg",768,1086,true],"large":["https:\/\/solidanca.cat\/wp-content\/uploads\/2025\/04\/CARTELLS-a3-2-3-724x1024.jpg",724,1024,true],"1536x1536":["https:\/\/solidanca.cat\/wp-content\/uploads\/2025\/04\/CARTELLS-a3-2-3-1086x1536.jpg",1086,1536,true],"2048x2048":["https:\/\/solidanca.cat\/wp-content\/uploads\/2025\/04\/CARTELLS-a3-2-3.jpg",1414,2000,false]},"uagb_author_info":{"display_name":"Solidan\u00e7a","author_link":"https:\/\/solidanca.cat\/es\/author\/alberg\/"},"uagb_comment_info":0,"uagb_excerpt":"Solidan\u00e7a ha estado galardonada con el premio M\u00e9s Matar\u00f3 Empresa Sociedad a las mejores iniciativas de responsabilidad social en el sector...","_links":{"self":[{"href":"https:\/\/solidanca.cat\/es\/wp-json\/wp\/v2\/posts\/8395","targetHints":{"allow":["GET"]}}],"collection":[{"href":"https:\/\/solidanca.cat\/es\/wp-json\/wp\/v2\/posts"}],"about":[{"href":"https:\/\/solidanca.cat\/es\/wp-json\/wp\/v2\/types\/post"}],"author":[{"embeddable":true,"href":"https:\/\/solidanca.cat\/es\/wp-json\/wp\/v2\/users\/2"}],"replies":[{"embeddable":true,"href":"https:\/\/solidanca.cat\/es\/wp-json\/wp\/v2\/comments?post=8395"}],"version-history":[{"count":0,"href":"https:\/\/solidanca.cat\/es\/wp-json\/wp\/v2\/posts\/8395\/revisions"}],"wp:featuredmedia":[{"embeddable":true,"href":"https:\/\/solidanca.cat\/es\/wp-json\/wp\/v2\/media\/7156"}],"wp:attachment":[{"href":"https:\/\/solidanca.cat\/es\/wp-json\/wp\/v2\/media?parent=8395"}],"wp:term":[{"taxonomy":"category","embeddable":true,"href":"https:\/\/solidanca.cat\/es\/wp-json\/wp\/v2\/categories?post=8395"},{"taxonomy":"post_tag","embeddable":true,"href":"https:\/\/solidanca.cat\/es\/wp-json\/wp\/v2\/tags?post=8395"}],"curies":[{"name":"wp","href":"https:\/\/api.w.org\/{rel}","templated":true}]}}