{"id":8400,"date":"2023-04-18T15:30:17","date_gmt":"2023-04-18T13:30:17","guid":{"rendered":"https:\/\/solidanca.con2webs.es\/miriam-ponsa-desfilara-la-coleccion-reducir-en-las-instalaciones-de-solidancaroba-amiga\/"},"modified":"2023-04-18T15:35:30","modified_gmt":"2023-04-18T13:35:30","slug":"miriam-ponsa-desfilara-la-coleccion-reducir-en-las-instalaciones-de-solidancaroba-amiga","status":"publish","type":"post","link":"https:\/\/solidanca.cat\/es\/miriam-ponsa-desfilara-la-coleccion-reducir-en-las-instalaciones-de-solidancaroba-amiga\/","title":{"rendered":"Miriam Ponsa desfilar\u00e1 la colecci\u00f3n REDUCIR en las instalaciones de Solidan\u00e7a\/Roba Amiga"},"content":{"rendered":"<p>Solidan\u00e7a empieza una nueva colaboraci\u00f3n con la dise\u00f1adora Miriam Ponsa, que contar\u00e1 con las instalaciones de la entidad en Sant Just Desvern, donde se encuentra el centro de Preparaci\u00f3n para la Reutilizaci\u00f3n de residuo textil Solidan\u00e7a\/Roba Amiga, para realizar el desfile de su nueva colecci\u00f3n REDUCIR.<\/p>\n<blockquote><p>La dise\u00f1adora de moda Miriam Ponsa presentar\u00e1 una nueva colecci\u00f3n de moda sostenible el pr\u00f3ximo 27 de abril a las 19:30h a la planta de triaje textil Solidan\u00e7a\/Roba Amiga de Sant Just Desvern.<\/p><\/blockquote>\n<p>La dise\u00f1adora se inspira en la primera R de la sostenibilidad, REDUCIR, para tomar conciencia de los efectos de la sobreproducci\u00f3n y el consumo textil. Los residuos son el resultado de la sobreproducci\u00f3n y lo sobreconsumo textil. REDUCIR el consumo es el primer paso para disminuir el impacto y conseguir frenarlo. Todas las piezas de la colecci\u00f3n se podr\u00e1n adquirir en formato pre-*order<\/p>\n<blockquote><p>En Catalu\u00f1a, cada persona consume anualmente entre 21,5 y 26 kg de ropa, pero solo recogemos selectivamente el 12% de los residuos textiles, un porcentaje muy alejado del de las otras fracciones de residuos. Esto implica que la gran mayor\u00eda de nuestros residuos textiles procedentes del postconsumo, se incinera o se tira a un vertedero. Este hecho representa la p\u00e9rdida de muchos recursos que se podr\u00edan haber mantenido o reincorporado al sistema productivo<\/p><\/blockquote>\n<p>La emergencia clim\u00e1tica pone sobre la mesa el impacto del modelo fast fashion, un modelo depredador basado en la explotaci\u00f3n ilimitada de recursos naturales y humanos. El cambio de modelo que la moda necesita se basa en la sostenibilidad, la transparencia y la responsabilidad social. Valores que comparten la dise\u00f1adora y Solidan\u00e7a\/Roba Amiga.<\/p>\n<p>La compra con conciencia tiene que guiar el consumo responsable, y por esta raz\u00f3n la marca apuesta desde hace 2 a\u00f1os por un formato 100% de preventa promoviendo as\u00ed la compra m\u00e1s pausada y reflexiva. La compra anticipada favorece un modelo m\u00e1s sostenible, puesto que evita la sobreproducci\u00f3n y la acumulaci\u00f3n de stocks innecesarios.<br \/>\nLas piezas del desfile se podr\u00e1n adquirir en formato pre-*order hasta el domingo 7 de mayo.<\/p>\n<p>La nueva colecci\u00f3n de verano 2023 propone la combinaci\u00f3n de piezas b\u00e1sicas y atemporales y piezas artesanales que son el resultado de ejercicios art\u00edsticos textiles para REDUCIR materiales sobrantes. Se proponen nuevas formas creativas como soluciones de eco-dise\u00f1o. Trabajamos con artesanos del territorio y creamos piezas tejidas a mano con sobrante de hilo y de cintas. La teixiduria experimental es uno de los ejes principales de una colecci\u00f3n que nos trasladar\u00e1 a nuevas propuestas para REDUCIR residuos.<\/p>\n<p>Los tejidos reciclados y naturales como el algod\u00f3n, la seda y el c\u00e1\u00f1amo, son los protagonistas de la colecci\u00f3n. La elecci\u00f3n de los tejidos nobles ha sido una decisi\u00f3n tomada con mucha cura y conciencia medioambiental.<\/p>\n<p>&nbsp;<\/p>\n<p>Des de Solidan\u00e7a, como entidad miembro del <a href=\"https:\/\/mediambient.gencat.cat\/ca\/05_ambits_dactuacio\/empresa_i_produccio_sostenible\/economia_verda\/catalunya_circular\/moda-circular\/\" target=\"_blank\" rel=\"noopener\">Pacto por la Moda Circular<\/a> impulsado por la <em>Ag\u00e8ncia Catalana de Residus<\/em> y como promotora del trabajo en red y colaborativo para el crecimiento de la econom\u00eda circular y social, as\u00ed como de la moda sostenible, estamos muy orgullosas de esta nueva colaboraci\u00f3n que ayudar\u00e1 a sensibilizar al p\u00fablico asistente, as\u00ed como visibilizar la problem\u00e1tica del residuo textil, desde su producci\u00f3n hasta su reciclaje.<\/p>\n<p>Seguimos apostando por las colaboraciones con entidades y empresas afines a nuestros valores. \u00a1Juntas somos m\u00e1s fuertes!<\/p>\n<p>&nbsp;<\/p>\n<p><a href=\"https:\/\/solidanca.cat\/wp-content\/uploads\/2023\/04\/WhatsApp-Image-2023-04-24-at-13.42.22-1.jpeg\"><img loading=\"lazy\" decoding=\"async\" class=\"wp-image-15384 alignleft\" src=\"https:\/\/solidanca.cat\/wp-content\/uploads\/2023\/04\/WhatsApp-Image-2023-04-24-at-13.42.22-1.jpeg\" alt=\"\" width=\"393\" height=\"533\" \/><\/a><\/p>\n","protected":false},"excerpt":{"rendered":"<p>Solidan\u00e7a empieza una nueva colaboraci\u00f3n con la dise\u00f1adora Miriam Ponsa, que contar\u00e1 con las instalaciones de la entidad en Sant Just&#8230;<\/p>\n","protected":false},"author":2,"featured_media":7200,"comment_status":"open","ping_status":"closed","sticky":false,"template":"","format":"standard","meta":{"_uag_custom_page_level_css":"","_kad_blocks_custom_css":"","_kad_blocks_head_custom_js":"","_kad_blocks_body_custom_js":"","_kad_blocks_footer_custom_js":"","_kad_post_transparent":"","_kad_post_title":"","_kad_post_layout":"","_kad_post_sidebar_id":"","_kad_post_content_style":"","_kad_post_vertical_padding":"","_kad_post_feature":"","_kad_post_feature_position":"","_kad_post_header":false,"_kad_post_footer":false,"_kad_post_classname":"","footnotes":""},"categories":[766,8],"tags":[],"class_list":["post-8400","post","type-post","status-publish","format-standard","has-post-thumbnail","hentry","category-medio-ambienteroba-amiga","category-sin-categorizar"],"taxonomy_info":{"category":[{"value":766,"label":"Medio ambiente&gt;Roba Amiga"},{"value":8,"label":"Sin categorizar"}]},"featured_image_src_large":["https:\/\/solidanca.cat\/wp-content\/uploads\/2025\/04\/23.03.02-Solidanca-036-1I6A0882-scaled-4-1024x683.jpg",1024,683,true],"author_info":{"display_name":"Solidan\u00e7a","author_link":"https:\/\/solidanca.cat\/es\/author\/alberg\/"},"comment_info":0,"category_info":[{"term_id":766,"name":"Medio ambiente&gt;Roba Amiga","slug":"medio-ambienteroba-amiga","term_group":0,"term_taxonomy_id":766,"taxonomy":"category","description":"","parent":0,"count":61,"filter":"raw","cat_ID":766,"category_count":61,"category_description":"","cat_name":"Medio ambiente&gt;Roba Amiga","category_nicename":"medio-ambienteroba-amiga","category_parent":0},{"term_id":8,"name":"Sin categorizar","slug":"sin-categorizar","term_group":0,"term_taxonomy_id":8,"taxonomy":"category","description":"","parent":0,"count":199,"filter":"raw","cat_ID":8,"category_count":199,"category_description":"","cat_name":"Sin categorizar","category_nicename":"sin-categorizar","category_parent":0}],"tag_info":false,"uagb_featured_image_src":{"full":["https:\/\/solidanca.cat\/wp-content\/uploads\/2025\/04\/23.03.02-Solidanca-036-1I6A0882-scaled-4.jpg",2560,1707,false],"thumbnail":["https:\/\/solidanca.cat\/wp-content\/uploads\/2025\/04\/23.03.02-Solidanca-036-1I6A0882-scaled-4-150x150.jpg",150,150,true],"medium":["https:\/\/solidanca.cat\/wp-content\/uploads\/2025\/04\/23.03.02-Solidanca-036-1I6A0882-scaled-4-300x200.jpg",300,200,true],"medium_large":["https:\/\/solidanca.cat\/wp-content\/uploads\/2025\/04\/23.03.02-Solidanca-036-1I6A0882-scaled-4-768x512.jpg",768,512,true],"large":["https:\/\/solidanca.cat\/wp-content\/uploads\/2025\/04\/23.03.02-Solidanca-036-1I6A0882-scaled-4-1024x683.jpg",1024,683,true],"1536x1536":["https:\/\/solidanca.cat\/wp-content\/uploads\/2025\/04\/23.03.02-Solidanca-036-1I6A0882-scaled-4-1536x1024.jpg",1536,1024,true],"2048x2048":["https:\/\/solidanca.cat\/wp-content\/uploads\/2025\/04\/23.03.02-Solidanca-036-1I6A0882-scaled-4-2048x1366.jpg",2048,1366,true]},"uagb_author_info":{"display_name":"Solidan\u00e7a","author_link":"https:\/\/solidanca.cat\/es\/author\/alberg\/"},"uagb_comment_info":0,"uagb_excerpt":"Solidan\u00e7a empieza una nueva colaboraci\u00f3n con la dise\u00f1adora Miriam Ponsa, que contar\u00e1 con las instalaciones de la entidad en Sant Just...","_links":{"self":[{"href":"https:\/\/solidanca.cat\/es\/wp-json\/wp\/v2\/posts\/8400","targetHints":{"allow":["GET"]}}],"collection":[{"href":"https:\/\/solidanca.cat\/es\/wp-json\/wp\/v2\/posts"}],"about":[{"href":"https:\/\/solidanca.cat\/es\/wp-json\/wp\/v2\/types\/post"}],"author":[{"embeddable":true,"href":"https:\/\/solidanca.cat\/es\/wp-json\/wp\/v2\/users\/2"}],"replies":[{"embeddable":true,"href":"https:\/\/solidanca.cat\/es\/wp-json\/wp\/v2\/comments?post=8400"}],"version-history":[{"count":0,"href":"https:\/\/solidanca.cat\/es\/wp-json\/wp\/v2\/posts\/8400\/revisions"}],"wp:featuredmedia":[{"embeddable":true,"href":"https:\/\/solidanca.cat\/es\/wp-json\/wp\/v2\/media\/7200"}],"wp:attachment":[{"href":"https:\/\/solidanca.cat\/es\/wp-json\/wp\/v2\/media?parent=8400"}],"wp:term":[{"taxonomy":"category","embeddable":true,"href":"https:\/\/solidanca.cat\/es\/wp-json\/wp\/v2\/categories?post=8400"},{"taxonomy":"post_tag","embeddable":true,"href":"https:\/\/solidanca.cat\/es\/wp-json\/wp\/v2\/tags?post=8400"}],"curies":[{"name":"wp","href":"https:\/\/api.w.org\/{rel}","templated":true}]}}