{"id":8402,"date":"2023-05-03T07:03:40","date_gmt":"2023-05-03T05:03:40","guid":{"rendered":"https:\/\/solidanca.con2webs.es\/un-fin-de-semana-lleno-de-flores-y-vida-en-el-albergue-de-solidanca-2\/"},"modified":"2023-05-03T07:03:42","modified_gmt":"2023-05-03T05:03:42","slug":"un-fin-de-semana-lleno-de-flores-y-vida-en-el-albergue-de-solidanca-2","status":"publish","type":"post","link":"https:\/\/solidanca.cat\/es\/un-fin-de-semana-lleno-de-flores-y-vida-en-el-albergue-de-solidanca-2\/","title":{"rendered":"Un fin de semana lleno de flores y vida en el Albergue de Solidan\u00e7a"},"content":{"rendered":"<p>Flores, actividades, muestras y exposiciones han llenado de vida el Albergue de Solidan\u00e7a, con motivo de la fiesta m\u00e1s alegre del a\u00f1o: <strong>Flors i Violes.<\/strong><\/p>\n<p><strong>Flors i Violes<\/strong> es un acto que organiza cada a\u00f1o el <strong>Ayuntamiento de Palafrugell<\/strong> con el objetivo de promover la actividad y participaci\u00f3n ciudadana con m\u00e1s de 100 actividades para todos los p\u00fablicos en m\u00e1s de 40 espacios diferentes del pueblo. Las calles y jardines del municipio est\u00e1n decoradas de flores, llenas de vida, de colores y actividades para todo el p\u00fablico y nuestro albergue no pod\u00eda faltar.<\/p>\n<p>Desde Solidan\u00e7a hemos celebrado esta fiesta con un toque personal: hemos propuesto un recorrido por nuestro Albergue, para <strong>sensibilizar sobre la problem\u00e1tica actual en la industria textil<\/strong> y la labor que realiza la entidad para impulsar un <strong>nuevo modelo de consumo.<\/strong><\/p>\n<p>A lo largo del fin de semana, disfrutamos de vermuts, conciertos de diferentes estilos musicales, talleres con materiales reciclados, de la Didaltruck y mucho m\u00e1s!<\/p>\n<h4><strong>\u00bfQu\u00e9 es el Albergue de Solidan\u00e7a?<\/strong><\/h4>\n<p>El Albergue, situado en el entorno privilegiado de la Costa Brava, que apuesta por <strong>turismo responsable<\/strong> donde primen los criterios de sostenibilidad, adem\u00e1s de utilizarse como <strong>espacio de dinamizaci\u00f3n social y educaci\u00f3n ambiental.<\/strong><\/p>\n<p>El Albergue es un proyecto impulsado por nuestra entidad, que utiliza la<strong> econom\u00eda circular<\/strong> como m\u00e9todo de funcionamiento, reduciendo el uso de recursos materiales y energ\u00e9ticos mediante la reducci\u00f3n, reutilizaci\u00f3n y reciclaje.<\/p>\n<p>Estamos muy contentos del recibo que ha tenido esta fiesta, y seguimos abriendo las puertas de nuestro albergue a toda la ciudadan\u00eda.<\/p>\n","protected":false},"excerpt":{"rendered":"<p>Flores, actividades, muestras y exposiciones han llenado de vida el Albergue de Solidan\u00e7a, con motivo de la fiesta m\u00e1s alegre del&#8230;<\/p>\n","protected":false},"author":2,"featured_media":7221,"comment_status":"open","ping_status":"closed","sticky":false,"template":"","format":"standard","meta":{"_uag_custom_page_level_css":"","_kad_blocks_custom_css":"","_kad_blocks_head_custom_js":"","_kad_blocks_body_custom_js":"","_kad_blocks_footer_custom_js":"","_kad_post_transparent":"","_kad_post_title":"","_kad_post_layout":"","_kad_post_sidebar_id":"","_kad_post_content_style":"","_kad_post_vertical_padding":"","_kad_post_feature":"","_kad_post_feature_position":"","_kad_post_header":false,"_kad_post_footer":false,"_kad_post_classname":"","footnotes":""},"categories":[8],"tags":[],"class_list":["post-8402","post","type-post","status-publish","format-standard","has-post-thumbnail","hentry","category-sin-categorizar"],"taxonomy_info":{"category":[{"value":8,"label":"Sin categorizar"}]},"featured_image_src_large":["https:\/\/solidanca.cat\/wp-content\/uploads\/2025\/04\/FOTO-NOTICIES-WEB-12-12.png",800,400,false],"author_info":{"display_name":"Solidan\u00e7a","author_link":"https:\/\/solidanca.cat\/es\/author\/alberg\/"},"comment_info":0,"category_info":[{"term_id":8,"name":"Sin categorizar","slug":"sin-categorizar","term_group":0,"term_taxonomy_id":8,"taxonomy":"category","description":"","parent":0,"count":199,"filter":"raw","cat_ID":8,"category_count":199,"category_description":"","cat_name":"Sin categorizar","category_nicename":"sin-categorizar","category_parent":0}],"tag_info":false,"uagb_featured_image_src":{"full":["https:\/\/solidanca.cat\/wp-content\/uploads\/2025\/04\/FOTO-NOTICIES-WEB-12-12.png",800,400,false],"thumbnail":["https:\/\/solidanca.cat\/wp-content\/uploads\/2025\/04\/FOTO-NOTICIES-WEB-12-12-150x150.png",150,150,true],"medium":["https:\/\/solidanca.cat\/wp-content\/uploads\/2025\/04\/FOTO-NOTICIES-WEB-12-12-300x150.png",300,150,true],"medium_large":["https:\/\/solidanca.cat\/wp-content\/uploads\/2025\/04\/FOTO-NOTICIES-WEB-12-12-768x384.png",768,384,true],"large":["https:\/\/solidanca.cat\/wp-content\/uploads\/2025\/04\/FOTO-NOTICIES-WEB-12-12.png",800,400,false],"1536x1536":["https:\/\/solidanca.cat\/wp-content\/uploads\/2025\/04\/FOTO-NOTICIES-WEB-12-12.png",800,400,false],"2048x2048":["https:\/\/solidanca.cat\/wp-content\/uploads\/2025\/04\/FOTO-NOTICIES-WEB-12-12.png",800,400,false]},"uagb_author_info":{"display_name":"Solidan\u00e7a","author_link":"https:\/\/solidanca.cat\/es\/author\/alberg\/"},"uagb_comment_info":0,"uagb_excerpt":"Flores, actividades, muestras y exposiciones han llenado de vida el Albergue de Solidan\u00e7a, con motivo de la fiesta m\u00e1s alegre del...","_links":{"self":[{"href":"https:\/\/solidanca.cat\/es\/wp-json\/wp\/v2\/posts\/8402","targetHints":{"allow":["GET"]}}],"collection":[{"href":"https:\/\/solidanca.cat\/es\/wp-json\/wp\/v2\/posts"}],"about":[{"href":"https:\/\/solidanca.cat\/es\/wp-json\/wp\/v2\/types\/post"}],"author":[{"embeddable":true,"href":"https:\/\/solidanca.cat\/es\/wp-json\/wp\/v2\/users\/2"}],"replies":[{"embeddable":true,"href":"https:\/\/solidanca.cat\/es\/wp-json\/wp\/v2\/comments?post=8402"}],"version-history":[{"count":0,"href":"https:\/\/solidanca.cat\/es\/wp-json\/wp\/v2\/posts\/8402\/revisions"}],"wp:featuredmedia":[{"embeddable":true,"href":"https:\/\/solidanca.cat\/es\/wp-json\/wp\/v2\/media\/7221"}],"wp:attachment":[{"href":"https:\/\/solidanca.cat\/es\/wp-json\/wp\/v2\/media?parent=8402"}],"wp:term":[{"taxonomy":"category","embeddable":true,"href":"https:\/\/solidanca.cat\/es\/wp-json\/wp\/v2\/categories?post=8402"},{"taxonomy":"post_tag","embeddable":true,"href":"https:\/\/solidanca.cat\/es\/wp-json\/wp\/v2\/tags?post=8402"}],"curies":[{"name":"wp","href":"https:\/\/api.w.org\/{rel}","templated":true}]}}