{"id":8406,"date":"2023-05-10T10:14:42","date_gmt":"2023-05-10T08:14:42","guid":{"rendered":"https:\/\/solidanca.con2webs.es\/solienergia-instala-15-placas-en-la-parroquia-virgen-del-carmen\/"},"modified":"2023-05-10T10:14:42","modified_gmt":"2023-05-10T08:14:42","slug":"solienergia-instala-15-placas-en-la-parroquia-virgen-del-carmen","status":"publish","type":"post","link":"https:\/\/solidanca.cat\/es\/solienergia-instala-15-placas-en-la-parroquia-virgen-del-carmen\/","title":{"rendered":"SoliEnergia instala 15 placas en la Parroquia Virgen del Carmen"},"content":{"rendered":"\n<p>La<strong> Brigada de mantenimiento e instalaci\u00f3n de placas solares de Solidan\u00e7a<\/strong>, SoliEnergia, integrada por mujeres y j\u00f3venes en situaci\u00f3n de vulnerabilidad social, ha colocado<strong> 15 placas fotovoltaicas en la Parroquia Virgen del Carmen<\/strong>, en Sant Joan Desp\u00ed.<\/p>\n\n\n\n<p>Con la voluntad de convertir la parroquia en un<strong> espacio m\u00e1s sostenible<\/strong>, la Parroquia ha decidido, a trav\u00e9s de la empresa Solvat, subcontratar a nuestra Brigada de profesionales, en una apuesta por la<strong> energ\u00eda renovable,<\/strong> pero tambi\u00e9n por la creaci\u00f3n de puestos de trabajo para personas en situaci\u00f3n de vulnerabilidad.<\/p>\n\n\n\n<p>Este servicio ha permitido la nueva contrataci\u00f3n de <strong>tres personas:<\/strong> dos mujeres y un joven en situaci\u00f3n de vulnerabilidad social. Adem\u00e1s, ha mantenido un puesto de trabajo del Centro de Preparaci\u00f3n por la Reutilizaci\u00f3n de Residuos de Aparatos El\u00e9ctricos y Electr\u00f3nicos de Solidan\u00e7a.<\/p>\n\n\n\n<p class=\"has-medium-font-size\"><strong>SoliEnergia, la energ\u00eda social de Solidan\u00e7a<\/strong><\/p>\n\n\n\n<p>La Brigada de mantenimiento e instalaci\u00f3n de placas, lleva activa desde noviembre de 2022, despu\u00e9s de que el personal recibiera <strong>formaci\u00f3n especializada en mantenimiento e instalaci\u00f3n de placas solares <\/strong>fotovoltaicas con la ayuda de la cooperativa Azimut 360, adem\u00e1s de formaciones de PRL de altura, de TPC de electricidad de baja tensi\u00f3n, de operador\/a de carretillas y de plataformas elevadoras.<\/p>\n\n\n\n<p>El personal de la Brigada forma parte de un<strong> itinerario de inserci\u00f3n sociolaboral <\/strong>con la entidad, con el prop\u00f3sito de impulsar su integraci\u00f3n en el mundo laboral. Mediante un diagn\u00f3stico ocupacional, acompa\u00f1ado de un proceso formativo y con el seguimiento de tutor\u00edas individualizadas, ofrecemos una atenci\u00f3n hol\u00edstica de la persona para fomentar su posterior inserci\u00f3n.<\/p>\n\n\n\n<p>La principal motivaci\u00f3n de este proyecto es generar una nueva l\u00ednea de trabajo en el marco de la transici\u00f3n energ\u00e9tica, que ofrezca <strong>nuevas oportunidades laborales a colectivos en situaci\u00f3n de vulnerabilidad social<\/strong> y, en especial, a las mujeres, con la voluntad de romper con los estereotipos de g\u00e9nero que dominan ese campo.<\/p>\n\n\n\n<p>Al mismo tiempo, el servicio genera una nueva fuente de autoconsumo de electricidad sostenible y sensibiliza a la poblaci\u00f3n sobre el efecto positivo de las energ\u00edas renovables.<\/p>\n\n\n\n<p>El proyecto<strong>&nbsp;\u201cSoliEnerg\u00eda: la energ\u00eda social\u201d<\/strong>&nbsp;es promovido y financiado por la&nbsp;<a href=\"https:\/\/empresa.gencat.cat\/ca\/inici\/\" target=\"_blank\" rel=\"noopener\">Generalitat de Catalunya \u2013 Departamento de Empresa y Trabajo.<\/a><\/p>\n\n\n\n<p>Este proyecto pertenece a la convocatoria de subvenciones a la Red de ateneos cooperativos, proyectos singulares y proyectos transversales de apoyo a la econom\u00eda social y solidaria, para la promoci\u00f3n, la difusi\u00f3n y el fomento de proyectos de econom\u00eda social y cooperativa.<\/p>\n\n\n\n<p class=\"has-medium-font-size\"><strong>SoliEnerg\u00eda, la energ\u00eda renovable y social<\/strong><\/p>\n\n\n<div class=\"wp-block-image\">\n<figure class=\"aligncenter\"><a href=\"https:\/\/solidanca.cat\/wp-content\/uploads\/2023\/05\/FOTO-NOTICIES-WEB-5.png\"><img decoding=\"async\" src=\"https:\/\/solidanca.cat\/wp-content\/uploads\/2023\/05\/FOTO-NOTICIES-WEB-5.png\" alt=\"\" class=\"wp-image-16067\"\/><\/a><\/figure>\n<\/div>","protected":false},"excerpt":{"rendered":"<p>La Brigada de mantenimiento e instalaci\u00f3n de placas solares de Solidan\u00e7a, SoliEnergia, integrada por mujeres y j\u00f3venes en situaci\u00f3n de vulnerabilidad&#8230;<\/p>\n","protected":false},"author":2,"featured_media":0,"comment_status":"closed","ping_status":"closed","sticky":false,"template":"","format":"standard","meta":{"_uag_custom_page_level_css":"","_kad_blocks_custom_css":"","_kad_blocks_head_custom_js":"","_kad_blocks_body_custom_js":"","_kad_blocks_footer_custom_js":"","_kad_post_transparent":"","_kad_post_title":"","_kad_post_layout":"","_kad_post_sidebar_id":"","_kad_post_content_style":"","_kad_post_vertical_padding":"","_kad_post_feature":"","_kad_post_feature_position":"","_kad_post_header":false,"_kad_post_footer":false,"_kad_post_classname":"","footnotes":""},"categories":[763,761],"tags":[],"class_list":["post-8406","post","type-post","status-publish","format-standard","hentry","category-area-social-es","category-medio-ambiente"],"taxonomy_info":{"category":[{"value":763,"label":"Area Social"},{"value":761,"label":"MEDIO AMBIENTE"}]},"featured_image_src_large":false,"author_info":{"display_name":"Solidan\u00e7a","author_link":"https:\/\/solidanca.cat\/es\/author\/alberg\/"},"comment_info":0,"category_info":[{"term_id":763,"name":"Area Social","slug":"area-social-es","term_group":0,"term_taxonomy_id":763,"taxonomy":"category","description":"","parent":0,"count":208,"filter":"raw","cat_ID":763,"category_count":208,"category_description":"","cat_name":"Area Social","category_nicename":"area-social-es","category_parent":0},{"term_id":761,"name":"MEDIO AMBIENTE","slug":"medio-ambiente","term_group":0,"term_taxonomy_id":761,"taxonomy":"category","description":"","parent":0,"count":263,"filter":"raw","cat_ID":761,"category_count":263,"category_description":"","cat_name":"MEDIO AMBIENTE","category_nicename":"medio-ambiente","category_parent":0}],"tag_info":false,"uagb_featured_image_src":{"full":false,"thumbnail":false,"medium":false,"medium_large":false,"large":false,"1536x1536":false,"2048x2048":false},"uagb_author_info":{"display_name":"Solidan\u00e7a","author_link":"https:\/\/solidanca.cat\/es\/author\/alberg\/"},"uagb_comment_info":0,"uagb_excerpt":"La Brigada de mantenimiento e instalaci\u00f3n de placas solares de Solidan\u00e7a, SoliEnergia, integrada por mujeres y j\u00f3venes en situaci\u00f3n de vulnerabilidad...","_links":{"self":[{"href":"https:\/\/solidanca.cat\/es\/wp-json\/wp\/v2\/posts\/8406","targetHints":{"allow":["GET"]}}],"collection":[{"href":"https:\/\/solidanca.cat\/es\/wp-json\/wp\/v2\/posts"}],"about":[{"href":"https:\/\/solidanca.cat\/es\/wp-json\/wp\/v2\/types\/post"}],"author":[{"embeddable":true,"href":"https:\/\/solidanca.cat\/es\/wp-json\/wp\/v2\/users\/2"}],"replies":[{"embeddable":true,"href":"https:\/\/solidanca.cat\/es\/wp-json\/wp\/v2\/comments?post=8406"}],"version-history":[{"count":0,"href":"https:\/\/solidanca.cat\/es\/wp-json\/wp\/v2\/posts\/8406\/revisions"}],"wp:attachment":[{"href":"https:\/\/solidanca.cat\/es\/wp-json\/wp\/v2\/media?parent=8406"}],"wp:term":[{"taxonomy":"category","embeddable":true,"href":"https:\/\/solidanca.cat\/es\/wp-json\/wp\/v2\/categories?post=8406"},{"taxonomy":"post_tag","embeddable":true,"href":"https:\/\/solidanca.cat\/es\/wp-json\/wp\/v2\/tags?post=8406"}],"curies":[{"name":"wp","href":"https:\/\/api.w.org\/{rel}","templated":true}]}}