{"id":8434,"date":"2023-06-16T10:00:03","date_gmt":"2023-06-16T08:00:03","guid":{"rendered":"https:\/\/solidanca.con2webs.es\/ya-puedes-consultar-la-memoria-2022-de-la-entidad\/"},"modified":"2023-06-16T10:00:05","modified_gmt":"2023-06-16T08:00:05","slug":"ya-puedes-consultar-la-memoria-2022-de-la-entidad","status":"publish","type":"post","link":"https:\/\/solidanca.cat\/es\/ya-puedes-consultar-la-memoria-2022-de-la-entidad\/","title":{"rendered":"\u00a1Ya puedes consultar la Memoria 2022 de la entidad!"},"content":{"rendered":"<p>Compartimos con vosotras la <a href=\"https:\/\/solidanca.cat\/wp-content\/uploads\/2023\/06\/06_MEMORIA_Solidanc%CC%A7a22_230615.pdf\">Memoria del a\u00f1o 2022<\/a> de Solidan\u00e7a, un documento con el que os hacemos llegar los progresos y los hitos de la actividad de la entidad a lo largo del a\u00f1o.<\/p>\n<p>Hagamos un repaso de las<strong> acciones<\/strong> de este a\u00f1o, donde el esfuerzo y dedicaci\u00f3n de cada una de las trabajadoras han hecho posible llegar a objetivos como la creaci\u00f3n de 125 puestos de trabajo para personas en situaci\u00f3n de vulnerabilidad social, la superaci\u00f3n de m\u00e1s de 7.000 toneladas de ropa recogida, la creaci\u00f3n de una nueva tienda online para ropa vintage de segunda mano (www.circularsecondhand.org), la firma del Pacto por la Moda Circular, o la participaci\u00f3n de Solidan\u00e7a \/ Ropa Amiga en la 080 Barcelona Fashion.<\/p>\n<p>Adem\u00e1s, ha sido un a\u00f1o de<strong> conmemoraci\u00f3n por nuestro 25 aniversario,<\/strong> con encuentros institucionales, puertas abiertas por empresas y una gran jornada festiva.<\/p>\n<p>Queremos <strong>agradecer a todas las personas<\/strong> que trabajan en Solidan\u00e7a ya las entidades y administraciones colaboradoras, que han hecho posible estas metas que le presentamos a continuaci\u00f3n.<\/p>\n<p>\u00a1Muchas gracias a todo el mundo, juntas lo hacemos posible!<\/p>\n<p>Haz click en el <a href=\"https:\/\/solidanca.cat\/wp-content\/uploads\/2023\/06\/06_MEMORIA_Solidanc%CC%A7a22_230615.pdf\">enlace para visualizar la Memoria 2022.<\/a><\/p>\n","protected":false},"excerpt":{"rendered":"<p>Compartimos con vosotras la Memoria del a\u00f1o 2022 de Solidan\u00e7a, un documento con el que os hacemos llegar los progresos y&#8230;<\/p>\n","protected":false},"author":2,"featured_media":7357,"comment_status":"open","ping_status":"closed","sticky":false,"template":"","format":"standard","meta":{"_uag_custom_page_level_css":"","_kad_blocks_custom_css":"","_kad_blocks_head_custom_js":"","_kad_blocks_body_custom_js":"","_kad_blocks_footer_custom_js":"","_kad_post_transparent":"","_kad_post_title":"","_kad_post_layout":"","_kad_post_sidebar_id":"","_kad_post_content_style":"","_kad_post_vertical_padding":"","_kad_post_feature":"","_kad_post_feature_position":"","_kad_post_header":false,"_kad_post_footer":false,"_kad_post_classname":"","footnotes":""},"categories":[763,757,758,760,761,766,756],"tags":[],"class_list":["post-8434","post","type-post","status-publish","format-standard","has-post-thumbnail","hentry","category-area-social-es","category-educacion-ambiental","category-formacion","category-incorpora-es","category-medio-ambiente","category-medio-ambienteroba-amiga","category-tiendas"],"taxonomy_info":{"category":[{"value":763,"label":"Area Social"},{"value":757,"label":"Educaci\u00f3n ambiental"},{"value":758,"label":"Formaci\u00f3n"},{"value":760,"label":"Incorpora"},{"value":761,"label":"MEDIO AMBIENTE"},{"value":766,"label":"Medio ambiente&gt;Roba Amiga"},{"value":756,"label":"Tiendas"}]},"featured_image_src_large":["https:\/\/solidanca.cat\/wp-content\/uploads\/2025\/04\/254d2cc6-c00d-4441-8412-aea92b437703-2-3.png",400,300,false],"author_info":{"display_name":"Solidan\u00e7a","author_link":"https:\/\/solidanca.cat\/es\/author\/alberg\/"},"comment_info":0,"category_info":[{"term_id":763,"name":"Area Social","slug":"area-social-es","term_group":0,"term_taxonomy_id":763,"taxonomy":"category","description":"","parent":0,"count":208,"filter":"raw","cat_ID":763,"category_count":208,"category_description":"","cat_name":"Area Social","category_nicename":"area-social-es","category_parent":0},{"term_id":757,"name":"Educaci\u00f3n ambiental","slug":"educacion-ambiental","term_group":0,"term_taxonomy_id":757,"taxonomy":"category","description":"","parent":0,"count":80,"filter":"raw","cat_ID":757,"category_count":80,"category_description":"","cat_name":"Educaci\u00f3n ambiental","category_nicename":"educacion-ambiental","category_parent":0},{"term_id":758,"name":"Formaci\u00f3n","slug":"formacion","term_group":0,"term_taxonomy_id":758,"taxonomy":"category","description":"","parent":0,"count":107,"filter":"raw","cat_ID":758,"category_count":107,"category_description":"","cat_name":"Formaci\u00f3n","category_nicename":"formacion","category_parent":0},{"term_id":760,"name":"Incorpora","slug":"incorpora-es","term_group":0,"term_taxonomy_id":760,"taxonomy":"category","description":"","parent":0,"count":23,"filter":"raw","cat_ID":760,"category_count":23,"category_description":"","cat_name":"Incorpora","category_nicename":"incorpora-es","category_parent":0},{"term_id":761,"name":"MEDIO AMBIENTE","slug":"medio-ambiente","term_group":0,"term_taxonomy_id":761,"taxonomy":"category","description":"","parent":0,"count":263,"filter":"raw","cat_ID":761,"category_count":263,"category_description":"","cat_name":"MEDIO AMBIENTE","category_nicename":"medio-ambiente","category_parent":0},{"term_id":766,"name":"Medio ambiente&gt;Roba Amiga","slug":"medio-ambienteroba-amiga","term_group":0,"term_taxonomy_id":766,"taxonomy":"category","description":"","parent":0,"count":61,"filter":"raw","cat_ID":766,"category_count":61,"category_description":"","cat_name":"Medio ambiente&gt;Roba Amiga","category_nicename":"medio-ambienteroba-amiga","category_parent":0},{"term_id":756,"name":"Tiendas","slug":"tiendas","term_group":0,"term_taxonomy_id":756,"taxonomy":"category","description":"","parent":0,"count":60,"filter":"raw","cat_ID":756,"category_count":60,"category_description":"","cat_name":"Tiendas","category_nicename":"tiendas","category_parent":0}],"tag_info":false,"uagb_featured_image_src":{"full":["https:\/\/solidanca.cat\/wp-content\/uploads\/2025\/04\/254d2cc6-c00d-4441-8412-aea92b437703-2-3.png",400,300,false],"thumbnail":["https:\/\/solidanca.cat\/wp-content\/uploads\/2025\/04\/254d2cc6-c00d-4441-8412-aea92b437703-2-3-150x150.png",150,150,true],"medium":["https:\/\/solidanca.cat\/wp-content\/uploads\/2025\/04\/254d2cc6-c00d-4441-8412-aea92b437703-2-3-300x225.png",300,225,true],"medium_large":["https:\/\/solidanca.cat\/wp-content\/uploads\/2025\/04\/254d2cc6-c00d-4441-8412-aea92b437703-2-3.png",400,300,false],"large":["https:\/\/solidanca.cat\/wp-content\/uploads\/2025\/04\/254d2cc6-c00d-4441-8412-aea92b437703-2-3.png",400,300,false],"1536x1536":["https:\/\/solidanca.cat\/wp-content\/uploads\/2025\/04\/254d2cc6-c00d-4441-8412-aea92b437703-2-3.png",400,300,false],"2048x2048":["https:\/\/solidanca.cat\/wp-content\/uploads\/2025\/04\/254d2cc6-c00d-4441-8412-aea92b437703-2-3.png",400,300,false]},"uagb_author_info":{"display_name":"Solidan\u00e7a","author_link":"https:\/\/solidanca.cat\/es\/author\/alberg\/"},"uagb_comment_info":0,"uagb_excerpt":"Compartimos con vosotras la Memoria del a\u00f1o 2022 de Solidan\u00e7a, un documento con el que os hacemos llegar los progresos y...","_links":{"self":[{"href":"https:\/\/solidanca.cat\/es\/wp-json\/wp\/v2\/posts\/8434","targetHints":{"allow":["GET"]}}],"collection":[{"href":"https:\/\/solidanca.cat\/es\/wp-json\/wp\/v2\/posts"}],"about":[{"href":"https:\/\/solidanca.cat\/es\/wp-json\/wp\/v2\/types\/post"}],"author":[{"embeddable":true,"href":"https:\/\/solidanca.cat\/es\/wp-json\/wp\/v2\/users\/2"}],"replies":[{"embeddable":true,"href":"https:\/\/solidanca.cat\/es\/wp-json\/wp\/v2\/comments?post=8434"}],"version-history":[{"count":0,"href":"https:\/\/solidanca.cat\/es\/wp-json\/wp\/v2\/posts\/8434\/revisions"}],"wp:featuredmedia":[{"embeddable":true,"href":"https:\/\/solidanca.cat\/es\/wp-json\/wp\/v2\/media\/7357"}],"wp:attachment":[{"href":"https:\/\/solidanca.cat\/es\/wp-json\/wp\/v2\/media?parent=8434"}],"wp:term":[{"taxonomy":"category","embeddable":true,"href":"https:\/\/solidanca.cat\/es\/wp-json\/wp\/v2\/categories?post=8434"},{"taxonomy":"post_tag","embeddable":true,"href":"https:\/\/solidanca.cat\/es\/wp-json\/wp\/v2\/tags?post=8434"}],"curies":[{"name":"wp","href":"https:\/\/api.w.org\/{rel}","templated":true}]}}