{"id":8436,"date":"2023-06-21T09:49:44","date_gmt":"2023-06-21T07:49:44","guid":{"rendered":"https:\/\/solidanca.con2webs.es\/solidanca-roba-amiga-y-soc-suman-sinergias-por-una-nueva-campana-de-recogida-de-ropa\/"},"modified":"2023-06-21T11:09:53","modified_gmt":"2023-06-21T09:09:53","slug":"solidanca-roba-amiga-y-soc-suman-sinergias-por-una-nueva-campana-de-recogida-de-ropa","status":"publish","type":"post","link":"https:\/\/solidanca.cat\/es\/solidanca-roba-amiga-y-soc-suman-sinergias-por-una-nueva-campana-de-recogida-de-ropa\/","title":{"rendered":"Solidan\u00e7a\/Roba Amiga y SOC suman sinergias por una nueva campa\u00f1a de recogida de ropa"},"content":{"rendered":"\n<p>Este a\u00f1o el SOC, ha confiado en\u00a0Solidan\u00e7a\/Roba Amiga para la nueva campa\u00f1a de recogida de ropa usada en las instalaciones de los Servicios Centrales situados en Barcelona donde se han colocado un total de 6 <strong><em><a href=\"https:\/\/solidanca.cat\/es\/solidanca-pone-marcha-proyecto-circutex-contenedor-textil-sostenible-circular\/\">circutex<\/a><\/em><\/strong>* y han llegado a recoger 210kg de ropa que se han dado en su totalidad a la entidad para su correcta gesti\u00f3n.<\/p>\n\n\n\n<p>Esta ropa se destina por su gesti\u00f3n integral a las instalaciones y la planta de Preparaci\u00f3n para la Reutilizaci\u00f3n Solidan\u00e7a\/Roba Amiga de Sant Just Desvern donde se clasifica adecuadamente para su distribuci\u00f3n, potenciando la reutilizaci\u00f3n, d\u00e1ndole una nueva vida y promoviendo as\u00ed la econom\u00eda circular en la red de <a href=\"https:\/\/solidanca.cat\/es\/tiendas\/\">tiendas<\/a> de segunda mano de la entidad.<\/p>\n\n\n\n<p>Las campa\u00f1as de recogida de Solidan\u00e7a\/Roba Amiga en centros, entidades, escuelas, empresas\u2026 son una oportunidad para fomentar la recogida de ropa durante la temporada del cambio de armario, adem\u00e1s de dar a conocer el proyecto social y ambiental de la entidad que destaca por la creaci\u00f3n de trabajo para personas en situaci\u00f3n de vulnerabilidad social.<\/p>\n\n\n\n<p>Esta acci\u00f3n tambi\u00e9n incentiva a que las personas conozcan la posibilidad de dar un buen reciclaje a la ropa que ya no se ponen, y les anima a utilizar a partir de ahora los contenedores naranjas de Roba Amiga ubicados en la v\u00eda p\u00fablica.<\/p>\n\n\n\n<p>Desde la entidad apostamos por el trabajo en red y colaborativo como potencia de crecimiento del sector, de la econom\u00eda circular a trav\u00e9s del residuo textil, y de la econom\u00eda social, siendo una buena oportunidad para dar a conocer Roba Amiga y el proyecto social y ambiental que lo engloba, y creando nuevos puntos de recogida para que la ciudadan\u00eda tenga m\u00e1s al alcance d\u00f3nde llevar la ropa usada.<\/p>\n\n\n\n<p>\u00a1Gracias por colaborar en esta iniciativa a todo el equipo de trabajadoras y trabajadores del SOC que han tra\u00eddo su ropa en esta campa\u00f1a!<\/p>\n\n\n\n<p><\/p>\n\n\n\n<p>*<a href=\"https:\/\/solidanca.cat\/es\/solidanca-pone-marcha-proyecto-circutex-contenedor-textil-sostenible-circular\/\">CIRCUTEX,<\/a> un contenedor hecho a trav\u00e9s del re-aprovechamiendo de textil de Solidan\u00e7a\/Roba Amiga que no se puede reutilizar, convirti\u00e9ndolo en un material producido a trav\u00e9s del reciclaje textil con el objetivo de hacer el circuito de gesti\u00f3n a\u00fan m\u00e1s sostenible.<\/p>\n","protected":false},"excerpt":{"rendered":"<p>Este a\u00f1o el SOC, ha confiado en\u00a0Solidan\u00e7a\/Roba Amiga para la nueva campa\u00f1a de recogida de ropa usada en las instalaciones de&#8230;<\/p>\n","protected":false},"author":2,"featured_media":7369,"comment_status":"open","ping_status":"closed","sticky":false,"template":"","format":"standard","meta":{"_uag_custom_page_level_css":"","_kad_blocks_custom_css":"","_kad_blocks_head_custom_js":"","_kad_blocks_body_custom_js":"","_kad_blocks_footer_custom_js":"","_kad_post_transparent":"","_kad_post_title":"","_kad_post_layout":"","_kad_post_sidebar_id":"","_kad_post_content_style":"","_kad_post_vertical_padding":"","_kad_post_feature":"","_kad_post_feature_position":"","_kad_post_header":false,"_kad_post_footer":false,"_kad_post_classname":"","footnotes":""},"categories":[761,766],"tags":[],"class_list":["post-8436","post","type-post","status-publish","format-standard","has-post-thumbnail","hentry","category-medio-ambiente","category-medio-ambienteroba-amiga"],"taxonomy_info":{"category":[{"value":761,"label":"MEDIO AMBIENTE"},{"value":766,"label":"Medio ambiente&gt;Roba Amiga"}]},"featured_image_src_large":["https:\/\/solidanca.cat\/wp-content\/uploads\/2025\/04\/FOTO-NOTICIES-WEB-2024-08-08T130125.075-3.jpg",800,400,false],"author_info":{"display_name":"Solidan\u00e7a","author_link":"https:\/\/solidanca.cat\/es\/author\/alberg\/"},"comment_info":0,"category_info":[{"term_id":761,"name":"MEDIO AMBIENTE","slug":"medio-ambiente","term_group":0,"term_taxonomy_id":761,"taxonomy":"category","description":"","parent":0,"count":263,"filter":"raw","cat_ID":761,"category_count":263,"category_description":"","cat_name":"MEDIO AMBIENTE","category_nicename":"medio-ambiente","category_parent":0},{"term_id":766,"name":"Medio ambiente&gt;Roba Amiga","slug":"medio-ambienteroba-amiga","term_group":0,"term_taxonomy_id":766,"taxonomy":"category","description":"","parent":0,"count":61,"filter":"raw","cat_ID":766,"category_count":61,"category_description":"","cat_name":"Medio ambiente&gt;Roba Amiga","category_nicename":"medio-ambienteroba-amiga","category_parent":0}],"tag_info":false,"uagb_featured_image_src":{"full":["https:\/\/solidanca.cat\/wp-content\/uploads\/2025\/04\/FOTO-NOTICIES-WEB-2024-08-08T130125.075-3.jpg",800,400,false],"thumbnail":["https:\/\/solidanca.cat\/wp-content\/uploads\/2025\/04\/FOTO-NOTICIES-WEB-2024-08-08T130125.075-3-150x150.jpg",150,150,true],"medium":["https:\/\/solidanca.cat\/wp-content\/uploads\/2025\/04\/FOTO-NOTICIES-WEB-2024-08-08T130125.075-3-300x150.jpg",300,150,true],"medium_large":["https:\/\/solidanca.cat\/wp-content\/uploads\/2025\/04\/FOTO-NOTICIES-WEB-2024-08-08T130125.075-3-768x384.jpg",768,384,true],"large":["https:\/\/solidanca.cat\/wp-content\/uploads\/2025\/04\/FOTO-NOTICIES-WEB-2024-08-08T130125.075-3.jpg",800,400,false],"1536x1536":["https:\/\/solidanca.cat\/wp-content\/uploads\/2025\/04\/FOTO-NOTICIES-WEB-2024-08-08T130125.075-3.jpg",800,400,false],"2048x2048":["https:\/\/solidanca.cat\/wp-content\/uploads\/2025\/04\/FOTO-NOTICIES-WEB-2024-08-08T130125.075-3.jpg",800,400,false]},"uagb_author_info":{"display_name":"Solidan\u00e7a","author_link":"https:\/\/solidanca.cat\/es\/author\/alberg\/"},"uagb_comment_info":0,"uagb_excerpt":"Este a\u00f1o el SOC, ha confiado en\u00a0Solidan\u00e7a\/Roba Amiga para la nueva campa\u00f1a de recogida de ropa usada en las instalaciones de...","_links":{"self":[{"href":"https:\/\/solidanca.cat\/es\/wp-json\/wp\/v2\/posts\/8436","targetHints":{"allow":["GET"]}}],"collection":[{"href":"https:\/\/solidanca.cat\/es\/wp-json\/wp\/v2\/posts"}],"about":[{"href":"https:\/\/solidanca.cat\/es\/wp-json\/wp\/v2\/types\/post"}],"author":[{"embeddable":true,"href":"https:\/\/solidanca.cat\/es\/wp-json\/wp\/v2\/users\/2"}],"replies":[{"embeddable":true,"href":"https:\/\/solidanca.cat\/es\/wp-json\/wp\/v2\/comments?post=8436"}],"version-history":[{"count":0,"href":"https:\/\/solidanca.cat\/es\/wp-json\/wp\/v2\/posts\/8436\/revisions"}],"wp:featuredmedia":[{"embeddable":true,"href":"https:\/\/solidanca.cat\/es\/wp-json\/wp\/v2\/media\/7369"}],"wp:attachment":[{"href":"https:\/\/solidanca.cat\/es\/wp-json\/wp\/v2\/media?parent=8436"}],"wp:term":[{"taxonomy":"category","embeddable":true,"href":"https:\/\/solidanca.cat\/es\/wp-json\/wp\/v2\/categories?post=8436"},{"taxonomy":"post_tag","embeddable":true,"href":"https:\/\/solidanca.cat\/es\/wp-json\/wp\/v2\/tags?post=8436"}],"curies":[{"name":"wp","href":"https:\/\/api.w.org\/{rel}","templated":true}]}}