{"id":8441,"date":"2023-07-28T11:20:18","date_gmt":"2023-07-28T09:20:18","guid":{"rendered":"https:\/\/solidanca.con2webs.es\/solidanca-entrega-los-diplomas-al-alumnado-del-curso-de-auxiliar-de-almacen-de-ecommerce\/"},"modified":"2025-04-02T13:25:36","modified_gmt":"2025-04-02T11:25:36","slug":"solidanca-entrega-los-diplomas-al-alumnado-del-curso-de-auxiliar-de-almacen-de-ecommerce","status":"publish","type":"post","link":"https:\/\/solidanca.cat\/es\/solidanca-entrega-los-diplomas-al-alumnado-del-curso-de-auxiliar-de-almacen-de-ecommerce\/","title":{"rendered":"Solidan\u00e7a\u00a0entrega los diplomas al alumnado del curso de auxiliar de almac\u00e9n de\u00a0ecommerce"},"content":{"rendered":"\n<p><strong>La entidad ha formado un total de 13 alumnos en el marco del programa Punt Formatiu Incorpora y Fundaci\u00f3n La Caixa<\/strong><\/p>\n\n\n\n<p><br>Este julio ha acabado la <strong>nueva edici\u00f3n de la <a href=\"https:\/\/solidanca.cat\/es\/nuevo-curso-de-auxiliar-de-almacen-logistica-en-e-commerce\/\">formaci\u00f3n en log\u00edstica en&nbsp;ecommerce<\/a><\/strong>&nbsp;para los puestos de trabajo de auxiliar de almac\u00e9n o relacionados. Despu\u00e9s de haber asistido a las sesiones y de haber seguido el curso, los alumnos han recibido sus respectivos diplomas del <strong>Centro de Formaci\u00f3n&nbsp;Solidan\u00e7a<\/strong>.<\/p>\n\n\n\n<p><br>El curso que ha tenido lugar este segundo trimestre de 2023 se ha centrado en las t\u00e9cnicas b\u00e1sicas para la preparaci\u00f3n y gesti\u00f3n de pedidos en l\u00ednea en almac\u00e9n. En este sentido, el valor a\u00f1adido de la formaci\u00f3n es la obtenci\u00f3n de los carn\u00e9s oficiales de carretillero y de puente gr\u00faa, dos certificaciones que se exigen en estas ocupaciones. Todo ello ofrece una <strong>oportunidad para aumentar la inserci\u00f3n sociolaboral de las personas en situaci\u00f3n de vulnerabilidad social<\/strong>.<\/p>\n\n\n\n<p><br><strong>La formaci\u00f3n en&nbsp;Solidan\u00e7a<\/strong><\/p>\n\n\n\n<p><br>Las <strong>formaciones<\/strong> en Solidan\u00e7a&nbsp;son <strong>gratuitas y totalmente subvencionadas<\/strong>. En este sentido, constituyen una parte muy importante de la formaci\u00f3n en competencias transversales, as\u00ed como un trabajo focalizado en las competencias TIC, preparaci\u00f3n para la b\u00fasqueda de trabajo y la oportunidad de llevar a cabo pr\u00e1cticas en empresas del sector. Todo ello los permite completar el curr\u00edculum y tener suficiente preparaci\u00f3n para insertarse en el mundo laboral.<\/p>\n\n\n\n<p><\/p>\n\n\n\n<p><\/p>\n","protected":false},"excerpt":{"rendered":"<p>La entidad ha formado un total de 13 alumnos en el marco del programa Punt Formatiu Incorpora y Fundaci\u00f3n La Caixa&#8230;<\/p>\n","protected":false},"author":2,"featured_media":7409,"comment_status":"open","ping_status":"closed","sticky":false,"template":"","format":"standard","meta":{"_uag_custom_page_level_css":"","_kad_blocks_custom_css":"","_kad_blocks_head_custom_js":"","_kad_blocks_body_custom_js":"","_kad_blocks_footer_custom_js":"","_kad_post_transparent":"","_kad_post_title":"","_kad_post_layout":"","_kad_post_sidebar_id":"","_kad_post_content_style":"","_kad_post_vertical_padding":"","_kad_post_feature":"","_kad_post_feature_position":"","_kad_post_header":false,"_kad_post_footer":false,"_kad_post_classname":"","footnotes":""},"categories":[758],"tags":[],"class_list":["post-8441","post","type-post","status-publish","format-standard","has-post-thumbnail","hentry","category-formacion"],"taxonomy_info":{"category":[{"value":758,"label":"Formaci\u00f3n"}]},"featured_image_src_large":["https:\/\/solidanca.cat\/wp-content\/uploads\/2025\/04\/TRFO-7-1024x165.png",1024,165,true],"author_info":{"display_name":"Solidan\u00e7a","author_link":"https:\/\/solidanca.cat\/es\/author\/alberg\/"},"comment_info":0,"category_info":[{"term_id":758,"name":"Formaci\u00f3n","slug":"formacion","term_group":0,"term_taxonomy_id":758,"taxonomy":"category","description":"","parent":0,"count":107,"filter":"raw","cat_ID":758,"category_count":107,"category_description":"","cat_name":"Formaci\u00f3n","category_nicename":"formacion","category_parent":0}],"tag_info":false,"uagb_featured_image_src":{"full":["https:\/\/solidanca.cat\/wp-content\/uploads\/2025\/04\/TRFO-7.png",5952,960,false],"thumbnail":["https:\/\/solidanca.cat\/wp-content\/uploads\/2025\/04\/TRFO-7-150x150.png",150,150,true],"medium":["https:\/\/solidanca.cat\/wp-content\/uploads\/2025\/04\/TRFO-7-300x48.png",300,48,true],"medium_large":["https:\/\/solidanca.cat\/wp-content\/uploads\/2025\/04\/TRFO-7-768x124.png",768,124,true],"large":["https:\/\/solidanca.cat\/wp-content\/uploads\/2025\/04\/TRFO-7-1024x165.png",1024,165,true],"1536x1536":["https:\/\/solidanca.cat\/wp-content\/uploads\/2025\/04\/TRFO-7-1536x248.png",1536,248,true],"2048x2048":["https:\/\/solidanca.cat\/wp-content\/uploads\/2025\/04\/TRFO-7-2048x330.png",2048,330,true]},"uagb_author_info":{"display_name":"Solidan\u00e7a","author_link":"https:\/\/solidanca.cat\/es\/author\/alberg\/"},"uagb_comment_info":0,"uagb_excerpt":"La entidad ha formado un total de 13 alumnos en el marco del programa Punt Formatiu Incorpora y Fundaci\u00f3n La Caixa...","_links":{"self":[{"href":"https:\/\/solidanca.cat\/es\/wp-json\/wp\/v2\/posts\/8441","targetHints":{"allow":["GET"]}}],"collection":[{"href":"https:\/\/solidanca.cat\/es\/wp-json\/wp\/v2\/posts"}],"about":[{"href":"https:\/\/solidanca.cat\/es\/wp-json\/wp\/v2\/types\/post"}],"author":[{"embeddable":true,"href":"https:\/\/solidanca.cat\/es\/wp-json\/wp\/v2\/users\/2"}],"replies":[{"embeddable":true,"href":"https:\/\/solidanca.cat\/es\/wp-json\/wp\/v2\/comments?post=8441"}],"version-history":[{"count":1,"href":"https:\/\/solidanca.cat\/es\/wp-json\/wp\/v2\/posts\/8441\/revisions"}],"predecessor-version":[{"id":8714,"href":"https:\/\/solidanca.cat\/es\/wp-json\/wp\/v2\/posts\/8441\/revisions\/8714"}],"wp:featuredmedia":[{"embeddable":true,"href":"https:\/\/solidanca.cat\/es\/wp-json\/wp\/v2\/media\/7409"}],"wp:attachment":[{"href":"https:\/\/solidanca.cat\/es\/wp-json\/wp\/v2\/media?parent=8441"}],"wp:term":[{"taxonomy":"category","embeddable":true,"href":"https:\/\/solidanca.cat\/es\/wp-json\/wp\/v2\/categories?post=8441"},{"taxonomy":"post_tag","embeddable":true,"href":"https:\/\/solidanca.cat\/es\/wp-json\/wp\/v2\/tags?post=8441"}],"curies":[{"name":"wp","href":"https:\/\/api.w.org\/{rel}","templated":true}]}}