{"id":8454,"date":"2023-08-28T16:49:05","date_gmt":"2023-08-28T14:49:05","guid":{"rendered":"https:\/\/solidanca.con2webs.es\/como-afrontar-la-vuelta-de-manera-sostenible-y-responsable-con-el-medio-ambiente\/"},"modified":"2025-04-02T13:25:38","modified_gmt":"2025-04-02T11:25:38","slug":"como-afrontar-la-vuelta-de-manera-sostenible-y-responsable-con-el-medio-ambiente","status":"publish","type":"post","link":"https:\/\/solidanca.cat\/es\/como-afrontar-la-vuelta-de-manera-sostenible-y-responsable-con-el-medio-ambiente\/","title":{"rendered":"\u00bfC\u00f3mo afrontar la vuelta de manera sostenible y responsable con el medio ambiente?"},"content":{"rendered":"\n<p><strong>En nuestro d\u00eda a d\u00eda podemos hacer peque\u00f1as acciones que generan un impacto positivo en nuestro entorno<\/strong><br><\/p>\n\n\n\n<p>Llega septiembre y la vuelta a nuestra cotidianidad. Sea en la escuela o en el trabajo, nuestras costumbres marcan una diferencia importante a la hora de avanzar hacia un mundo m\u00e1s sostenible. Por eso, os damos diez consejos para afrontar la <strong>normalidad<\/strong> <strong>de forma respetuosa con el medio ambiente<\/strong>.<\/p>\n\n\n\n<p><br><strong>Mejor reutilizable<\/strong><br>En nuestro d\u00eda a d\u00eda podemos usar <strong>materiales reutilizables para llevarnos la comida o los objetos<\/strong>. Los envoltorios reutilizables de bocadillos, por ejemplo, son una alternativa a pl\u00e1sticos y papeles desechables. Del mismo modo, las bolsas de tela son una buena opci\u00f3n para evitar las bolsas que solo se utilizan una vez. Si optamos por aquello que es reutilizable, estaremos actuando con sostenibilidad.<\/p>\n\n\n\n<p><br>Recupera aqu\u00ed el video de C\u00edrculo Cero para aprender a hacer tu envoltorio de bocadillo.<\/p>\n\n\n\n<p><br><strong>Despl\u00e1zate con transporte p\u00fablico<\/strong><br>El tren, el metro, el bus o el ferrocarril son la mejor manera de moverse para ir a estudiar o trabajar. Siempre que podamos, es mejor dejar de lado el transporte privado. De este modo, evitaremos fabricar gases que generan el efecto invernadero y aceleran la crisis clim\u00e1tica.<\/p>\n\n\n\n<p><br><strong>Arregla la ropa<\/strong><br>A menudo la ropa que se nos da\u00f1a se puede arreglar. Hay muchas t\u00e9cnicas que nos ayudan a alargar la vida de nuestras prendas de ropa, y as\u00ed evitamos generar residuo textil. Para aprender a arreglar lo que se nos ha estropeado, la\u00a0Didaltruck\u00a0es el espacio ideal. Consulta <a href=\"https:\/\/www.cerclezero.cat\/cast\/agenda\/\" target=\"_blank\" rel=\"noopener\">aqu\u00ed<\/a> las actividades y ap\u00fantate al taller que te quede m\u00e1s cerca.<\/p>\n\n\n\n<p><br><strong>Compra responsable<\/strong><br>El consumo es un aspecto clave de nuestra vida para combatir la crisis clim\u00e1tica. Cuando compramos los productos que necesitamos en el <strong>comercio de proximidad<\/strong>, elegimos opciones de consumo con costes medioambientales bajos. Nuestras tiendas\u00a0<strong>Solidan\u00e7a\u00a0\/ Roba Amiga<\/strong> y <strong>CIRCULAR<\/strong> son comercio local y fomentan la reutilizaci\u00f3n del residuo textil, alargando su vida \u00fatil por medio del consumo de segunda mano.<\/p>\n\n\n\n<p><br>Consulta <a href=\"https:\/\/circularsecondhand.org\/es\/tiendas\/\" target=\"_blank\" rel=\"noopener\">aqu\u00ed<\/a> la tienda m\u00e1s pr\u00f3xima y <a href=\"https:\/\/circularsecondhand.org\/es\/\" target=\"_blank\" rel=\"noopener\">aqu\u00ed<\/a> nuestra tienda en l\u00ednea.<\/p>\n\n\n\n<p><\/p>\n","protected":false},"excerpt":{"rendered":"<p>En nuestro d\u00eda a d\u00eda podemos hacer peque\u00f1as acciones que generan un impacto positivo en nuestro entorno Llega septiembre y la&#8230;<\/p>\n","protected":false},"author":2,"featured_media":7444,"comment_status":"closed","ping_status":"closed","sticky":false,"template":"","format":"standard","meta":{"_uag_custom_page_level_css":"","_kad_blocks_custom_css":"","_kad_blocks_head_custom_js":"","_kad_blocks_body_custom_js":"","_kad_blocks_footer_custom_js":"","_kad_post_transparent":"","_kad_post_title":"","_kad_post_layout":"","_kad_post_sidebar_id":"","_kad_post_content_style":"","_kad_post_vertical_padding":"","_kad_post_feature":"","_kad_post_feature_position":"","_kad_post_header":false,"_kad_post_footer":false,"_kad_post_classname":"","footnotes":""},"categories":[756],"tags":[],"class_list":["post-8454","post","type-post","status-publish","format-standard","has-post-thumbnail","hentry","category-tiendas"],"taxonomy_info":{"category":[{"value":756,"label":"Tiendas"}]},"featured_image_src_large":["https:\/\/solidanca.cat\/wp-content\/uploads\/2025\/04\/Copia-de-OFERTA-FEINA-imatge-web-noticies-10-9.png",400,200,false],"author_info":{"display_name":"Solidan\u00e7a","author_link":"https:\/\/solidanca.cat\/es\/author\/alberg\/"},"comment_info":0,"category_info":[{"term_id":756,"name":"Tiendas","slug":"tiendas","term_group":0,"term_taxonomy_id":756,"taxonomy":"category","description":"","parent":0,"count":60,"filter":"raw","cat_ID":756,"category_count":60,"category_description":"","cat_name":"Tiendas","category_nicename":"tiendas","category_parent":0}],"tag_info":false,"uagb_featured_image_src":{"full":["https:\/\/solidanca.cat\/wp-content\/uploads\/2025\/04\/Copia-de-OFERTA-FEINA-imatge-web-noticies-10-9.png",400,200,false],"thumbnail":["https:\/\/solidanca.cat\/wp-content\/uploads\/2025\/04\/Copia-de-OFERTA-FEINA-imatge-web-noticies-10-9-150x150.png",150,150,true],"medium":["https:\/\/solidanca.cat\/wp-content\/uploads\/2025\/04\/Copia-de-OFERTA-FEINA-imatge-web-noticies-10-9-300x150.png",300,150,true],"medium_large":["https:\/\/solidanca.cat\/wp-content\/uploads\/2025\/04\/Copia-de-OFERTA-FEINA-imatge-web-noticies-10-9.png",400,200,false],"large":["https:\/\/solidanca.cat\/wp-content\/uploads\/2025\/04\/Copia-de-OFERTA-FEINA-imatge-web-noticies-10-9.png",400,200,false],"1536x1536":["https:\/\/solidanca.cat\/wp-content\/uploads\/2025\/04\/Copia-de-OFERTA-FEINA-imatge-web-noticies-10-9.png",400,200,false],"2048x2048":["https:\/\/solidanca.cat\/wp-content\/uploads\/2025\/04\/Copia-de-OFERTA-FEINA-imatge-web-noticies-10-9.png",400,200,false]},"uagb_author_info":{"display_name":"Solidan\u00e7a","author_link":"https:\/\/solidanca.cat\/es\/author\/alberg\/"},"uagb_comment_info":0,"uagb_excerpt":"En nuestro d\u00eda a d\u00eda podemos hacer peque\u00f1as acciones que generan un impacto positivo en nuestro entorno Llega septiembre y la...","_links":{"self":[{"href":"https:\/\/solidanca.cat\/es\/wp-json\/wp\/v2\/posts\/8454","targetHints":{"allow":["GET"]}}],"collection":[{"href":"https:\/\/solidanca.cat\/es\/wp-json\/wp\/v2\/posts"}],"about":[{"href":"https:\/\/solidanca.cat\/es\/wp-json\/wp\/v2\/types\/post"}],"author":[{"embeddable":true,"href":"https:\/\/solidanca.cat\/es\/wp-json\/wp\/v2\/users\/2"}],"replies":[{"embeddable":true,"href":"https:\/\/solidanca.cat\/es\/wp-json\/wp\/v2\/comments?post=8454"}],"version-history":[{"count":1,"href":"https:\/\/solidanca.cat\/es\/wp-json\/wp\/v2\/posts\/8454\/revisions"}],"predecessor-version":[{"id":8717,"href":"https:\/\/solidanca.cat\/es\/wp-json\/wp\/v2\/posts\/8454\/revisions\/8717"}],"wp:featuredmedia":[{"embeddable":true,"href":"https:\/\/solidanca.cat\/es\/wp-json\/wp\/v2\/media\/7444"}],"wp:attachment":[{"href":"https:\/\/solidanca.cat\/es\/wp-json\/wp\/v2\/media?parent=8454"}],"wp:term":[{"taxonomy":"category","embeddable":true,"href":"https:\/\/solidanca.cat\/es\/wp-json\/wp\/v2\/categories?post=8454"},{"taxonomy":"post_tag","embeddable":true,"href":"https:\/\/solidanca.cat\/es\/wp-json\/wp\/v2\/tags?post=8454"}],"curies":[{"name":"wp","href":"https:\/\/api.w.org\/{rel}","templated":true}]}}